{"id":48141,"date":"2024-12-19T10:41:27","date_gmt":"2024-12-19T15:41:27","guid":{"rendered":"https:\/\/archive.cafe.crea.ca\/?p=48141"},"modified":"2024-12-19T10:41:30","modified_gmt":"2024-12-19T15:41:30","slug":"un-message-de-james-mabey-president-de-laci-pour-2024-2025","status":"publish","type":"post","link":"https:\/\/archive.cafe.crea.ca\/fr\/un-message-de-james-mabey-president-de-laci-pour-2024-2025\/","title":{"rendered":"Un message de James\u00a0Mabey, pr\u00e9sident de l\u2019ACI pour 2024-2025"},"content":{"rendered":"\n<p>Alors que 2024 tire \u00e0 sa fin, je ne peux m\u2019emp\u00eacher d\u2019\u00eatre fier de tout ce que nous avons accompli.<\/p>\n\n\n\n<p>Lorsque je suis devenu pr\u00e9sident, je savais que cette ann\u00e9e serait une ann\u00e9e de changement et d\u2019innovation. Les membres de notre conseil d\u2019administration diversifi\u00e9 et talentueux ont fait plus de 150&nbsp;expos\u00e9s d\u2019un <a href=\"https:\/\/archive.cafe.crea.ca\/fr\/nous-prenons-la-route-pour-tisser-des-liens-avec-la-communaute-des-courtiers-et-agents-immobiliers\/\" target=\"_blank\" rel=\"noopener\" title=\"\">oc\u00e9an \u00e0 l\u2019autre<\/a> sur un large \u00e9ventail de sujets, en veillant tout particuli\u00e8rement \u00e0 ce que les chambres, les associations et les membres soient inclus dans la consultation sur la transition propos\u00e9e (\u00e0 l\u2019\u00e9poque) de REALTOR.ca en une filiale distincte, assujettie \u00e0 l\u2019imp\u00f4t, en propri\u00e9t\u00e9 exclusive de l\u2019ACI.<\/p>\n\n\n\n<p>Le 23&nbsp;octobre&nbsp;2024, lors de l\u2019Assembl\u00e9e g\u00e9n\u00e9rale sp\u00e9ciale de l\u2019ACI, la communaut\u00e9 des courtiers et agents immobiliers a vot\u00e9 en faveur du plan propos\u00e9, permettant ainsi \u00e0 REALTOR.ca d\u2019innover et de continuer \u00e0 \u00eatre comp\u00e9titif dans un paysage immobilier en constante \u00e9volution.<\/p>\n\n\n\n<p>En dehors de notre secteur et face \u00e0 la crise du logement qui s\u00e9vit au Canada, notre travail de d\u00e9fense des int\u00e9r\u00eats, avec le soutien des repr\u00e9sentants du Comit\u00e9 d\u2019action politique (CAP) de tout le pays, a continu\u00e9 d\u2019\u00e9tablir et de renforcer les liens entre le gouvernement f\u00e9d\u00e9ral et les membres, tout en pr\u00e9sentant au gouvernement des recommandations fond\u00e9es sur des donn\u00e9es probantes, en tant qu\u2019experts en logement que nous sommes. Nos membres peuvent \u00eatre fiers que leurs recommandations aient <a href=\"https:\/\/archive.cafe.crea.ca\/fr\/bilan-de-la-session-parlementaire-victoires-des-membres-de-laci-en-matiere-de-defense-des-interets\/\" target=\"_blank\" rel=\"noopener\" title=\"\">contribu\u00e9 \u00e0 l\u2019\u00e9laboration de politiques<\/a> visant \u00e0 renforcer le continuum du logement.<\/p>\n\n\n\n<p>Nos membres aident les gens \u00e0 r\u00e9aliser l\u2019une des transactions les plus difficiles et les plus importantes de leur vie. Ils incarnent le nouvel <a href=\"https:\/\/archive.cafe.crea.ca\/fr\/ouvrir-les-portes-dun-avenir-prospere-pour-tous-en-commencant-par-un-chez-soi\/\" target=\"_blank\" rel=\"noopener\" title=\"\">\u00e9nonc\u00e9 de vocation sociale<\/a> de l\u2019ACI, sachant que le chez-soi favorise la dignit\u00e9 et l\u2019appartenance. C\u2019est on ne peut plus vrai qu\u2019ils ouvrent les portes d\u2019un avenir prosp\u00e8re pour tous, en commen\u00e7ant par un chez-soi. Je crois en la valeur de nos membres et de notre secteur.<\/p>\n\n\n\n<p>Merci \u00e0 mes coll\u00e8gues du conseil d\u2019administration de l\u2019ACI et \u00e0 tous ceux qui m\u2019ont pr\u00e9c\u00e9d\u00e9. Nos progr\u00e8s sont le reflet de l\u2019engagement, d\u00e9cennie apr\u00e8s d\u00e9cennie, de membres talentueux et d\u00e9vou\u00e9s de notre communaut\u00e9.<\/p>\n\n\n\n<p>Je suis enthousiaste \u00e0 l\u2019id\u00e9e de poursuivre, au cours de la prochaine ann\u00e9e, sur l\u2019incroyable lanc\u00e9e que nous avons amorc\u00e9e en 2024 et de continuer \u00e0 communiquer avec les courtiers et agents immobiliers de tout le pays.<\/p>\n\n\n\n<p>Je souhaite \u00e0 tous les membres de partout au pays de joyeuses F\u00eates et une bonne ann\u00e9e!<\/p>\n\n\n\n<p>Le pr\u00e9sident de l\u2019ACI,<\/p>\n\n\n\n<figure class=\"wp-block-image size-full\"><img loading=\"lazy\" decoding=\"async\" width=\"380\" height=\"133\" src=\"https:\/\/archive.cafe.crea.ca\/wp-content\/uploads\/2024\/12\/James-Mabey_signature-1.jpg\" alt=\"\" class=\"wp-image-48151\"\/><\/figure>\n\n\n\n<p>James Mabey<\/p>\n","protected":false},"excerpt":{"rendered":"<p>Je souhaite \u00e0 tous les membres de partout au pays de joyeuses F\u00eates et une bonne ann\u00e9e!<\/p>\n","protected":false},"author":176,"featured_media":48146,"comment_status":"open","ping_status":"open","sticky":false,"template":"","format":"standard","meta":{"footnotes":""},"categories":[2366],"tags":[2380],"coauthors":[2442],"class_list":["post-48141","post","type-post","status-publish","format-standard","has-post-thumbnail","hentry","category-nouvelles-de-laci","tag-featured-fr-2"],"aioseo_notices":[],"_links":{"self":[{"href":"https:\/\/archive.cafe.crea.ca\/fr\/wp-json\/wp\/v2\/posts\/48141"}],"collection":[{"href":"https:\/\/archive.cafe.crea.ca\/fr\/wp-json\/wp\/v2\/posts"}],"about":[{"href":"https:\/\/archive.cafe.crea.ca\/fr\/wp-json\/wp\/v2\/types\/post"}],"author":[{"embeddable":true,"href":"https:\/\/archive.cafe.crea.ca\/fr\/wp-json\/wp\/v2\/users\/176"}],"replies":[{"embeddable":true,"href":"https:\/\/archive.cafe.crea.ca\/fr\/wp-json\/wp\/v2\/comments?post=48141"}],"version-history":[{"count":3,"href":"https:\/\/archive.cafe.crea.ca\/fr\/wp-json\/wp\/v2\/posts\/48141\/revisions"}],"predecessor-version":[{"id":48158,"href":"https:\/\/archive.cafe.crea.ca\/fr\/wp-json\/wp\/v2\/posts\/48141\/revisions\/48158"}],"wp:featuredmedia":[{"embeddable":true,"href":"https:\/\/archive.cafe.crea.ca\/fr\/wp-json\/wp\/v2\/media\/48146"}],"wp:attachment":[{"href":"https:\/\/archive.cafe.crea.ca\/fr\/wp-json\/wp\/v2\/media?parent=48141"}],"wp:term":[{"taxonomy":"category","embeddable":true,"href":"https:\/\/archive.cafe.crea.ca\/fr\/wp-json\/wp\/v2\/categories?post=48141"},{"taxonomy":"post_tag","embeddable":true,"href":"https:\/\/archive.cafe.crea.ca\/fr\/wp-json\/wp\/v2\/tags?post=48141"},{"taxonomy":"author","embeddable":true,"href":"https:\/\/archive.cafe.crea.ca\/fr\/wp-json\/wp\/v2\/coauthors?post=48141"}],"curies":[{"name":"wp","href":"https:\/\/api.w.org\/{rel}","templated":true}]}}