{"id":48129,"date":"2024-12-12T13:48:35","date_gmt":"2024-12-12T18:48:35","guid":{"rendered":"https:\/\/archive.cafe.crea.ca\/?p=48129"},"modified":"2024-12-12T13:48:37","modified_gmt":"2024-12-12T18:48:37","slug":"la-banque-du-canada-abaisse-son-taux-directeur-de-50-points-de-base-pour-la-deuxieme-fois-consecutive","status":"publish","type":"post","link":"https:\/\/archive.cafe.crea.ca\/fr\/la-banque-du-canada-abaisse-son-taux-directeur-de-50-points-de-base-pour-la-deuxieme-fois-consecutive\/","title":{"rendered":"La Banque du Canada abaisse son taux directeur de 50\u00a0points de base pour la deuxi\u00e8me fois cons\u00e9cutive"},"content":{"rendered":"\n<p>La Banque du Canada a indiqu\u00e9 qu\u2019elle abaissait de nouveau son taux cible du financement \u00e0 un jour de 3,75\u00a0% \u00e0 3,25\u00a0%. Annonc\u00e9e le 11\u00a0d\u00e9cembre\u00a02024, cette baisse \u00e9tait largement attendue par les march\u00e9s financiers avant la d\u00e9cision. Il s\u2019agit de la cinqui\u00e8me r\u00e9duction de taux de la Banque depuis le d\u00e9but de la pand\u00e9mie. Le taux a donc diminu\u00e9 de 1,75\u00a0% par rapport \u00e0 son niveau d\u2019avril\u00a02024.<\/p>\n\n\n\n<blockquote class=\"twitter-tweet\"><p lang=\"fr\" dir=\"ltr\">Nous avons baiss\u00e9 notre taux directeur \u00e0 3,25 %.<br><br>En savoir plus: <a href=\"https:\/\/t.co\/irRiaQGQDy\">https:\/\/t.co\/irRiaQGQDy<\/a><a href=\"https:\/\/twitter.com\/hashtag\/%C3%A9conomie?src=hash&amp;ref_src=twsrc%5Etfw\">#\u00e9conomie<\/a> <a href=\"https:\/\/twitter.com\/hashtag\/%C3%A9concan?src=hash&amp;ref_src=twsrc%5Etfw\">#\u00e9concan<\/a> <a href=\"https:\/\/t.co\/m9UUIpXZBm\">pic.twitter.com\/m9UUIpXZBm<\/a><\/p>&mdash; Banque du Canada (@banqueducanada) <a href=\"https:\/\/twitter.com\/banqueducanada\/status\/1866868111208558738?ref_src=twsrc%5Etfw\">December 11, 2024<\/a><\/blockquote> <script async src=\"https:\/\/platform.twitter.com\/widgets.js\" charset=\"utf-8\"><\/script>\n\n\n\n<p>L\u2019\u00e9conomie canadienne a connu une croissance de 1\u00a0% au troisi\u00e8me trimestre et devrait \u00eatre plus faible que pr\u00e9vu selon la Banque du Canada. La Banque a not\u00e9 une reprise de l\u2019activit\u00e9 dans le secteur de l\u2019habitation, pr\u00e9cisant que la baisse des taux d\u2019int\u00e9r\u00eat est probablement un facteur de stimulation du march\u00e9. La Banque a \u00e9galement not\u00e9 que le march\u00e9 de l\u2019emploi reste faible, le taux de ch\u00f4mage ayant encore augment\u00e9 en novembre.<\/p>\n\n\n\n<p>Bien que la Banque ait observ\u00e9 qu\u2019un certain nombre de mesures f\u00e9d\u00e9rales et provinciales entreront en vigueur \u00e0 court terme, elle fera abstraction des effets temporaires et se concentrera sur les tendances sous-jacentes pour guider ses d\u00e9cisions de politique. De plus, la possibilit\u00e9 que la prochaine administration am\u00e9ricaine impose de nouveaux droits de douane sur les exportations canadiennes vers les \u00c9tats-Unis a accru l\u2019incertitude et brouill\u00e9 les perspectives \u00e9conomiques.<\/p>\n\n\n\n<p>\u00c9tant donn\u00e9 que l\u2019inflation tend actuellement vers 2\u00a0% et devrait rester proche de cet objectif au cours des deux\u00a0prochaines ann\u00e9es, et que l\u2019\u00e9conomie reste peu performante, la Banque \u00e9valuera la n\u00e9cessit\u00e9 de nouvelles r\u00e9ductions lors de chacune de ses r\u00e9unions successives.<\/p>\n\n\n\n<p>La prochaine annonce de la Banque du Canada concernant le taux d\u2019int\u00e9r\u00eat aura lieu le mercredi\u00a029\u00a0janvier\u00a02025, date \u00e0 laquelle elle publiera de plus ses perspectives compl\u00e8tes de l\u2019\u00e9conomie et de l\u2019inflation dans son <a href=\"https:\/\/www.banqueducanada.ca\/publication\/rpm\/?theme_mode=light&amp;_gl=1*v9wb6p*_ga*NTA4NjcwNDYuMTczMzk0MDQyNA..*_ga_D0WRRH3RZH*MTczMzk1MjQ2MS4yLjAuMTczMzk1MjQ2MS42MC4wLjA.\" target=\"_blank\" rel=\"noopener\" title=\"\"><em>Rapport sur la politique mon\u00e9taire<\/em><\/a>.<\/p>\n\n\n\n<p class=\"has-background\" style=\"background-color:#f2f2f2\">Vous cherchez des renseignements sur les taux d\u2019int\u00e9r\u00eat \u00e0 transmettre \u00e0 vos clients? Vous trouverez <a href=\"https:\/\/www.realtor.ca\/blog\/another-jumbo-rate-cut-from-the-bank-of-canada-5-reasons-why-you-need-a-realtor\/37399\/1362\" target=\"_blank\" rel=\"noopener\" title=\"\">un article<\/a> (en anglais seulement) au Salon de REALTOR.ca expliquant aux acheteurs potentiels ce qu\u2019ils devraient faire s\u2019ils ach\u00e8tent une propri\u00e9t\u00e9 dans le march\u00e9 actuel, et pourquoi il est important d\u2019avoir recours \u00e0 l\u2019expertise d\u2019un courtier ou agent immobilier.<\/p>\n\n\n\n<p><\/p>\n","protected":false},"excerpt":{"rendered":"<p>La Banque du Canada a indiqu\u00e9 qu\u2019elle abaissait de nouveau son taux cible du financement \u00e0 un jour de 3,75\u00a0% \u00e0 3,25\u00a0%. <\/p>\n","protected":false},"author":130,"featured_media":48131,"comment_status":"open","ping_status":"open","sticky":false,"template":"","format":"standard","meta":{"footnotes":""},"categories":[2367],"tags":[2380],"coauthors":[2388],"class_list":["post-48129","post","type-post","status-publish","format-standard","has-post-thumbnail","hentry","category-statistiques","tag-featured-fr-2"],"aioseo_notices":[],"_links":{"self":[{"href":"https:\/\/archive.cafe.crea.ca\/fr\/wp-json\/wp\/v2\/posts\/48129"}],"collection":[{"href":"https:\/\/archive.cafe.crea.ca\/fr\/wp-json\/wp\/v2\/posts"}],"about":[{"href":"https:\/\/archive.cafe.crea.ca\/fr\/wp-json\/wp\/v2\/types\/post"}],"author":[{"embeddable":true,"href":"https:\/\/archive.cafe.crea.ca\/fr\/wp-json\/wp\/v2\/users\/130"}],"replies":[{"embeddable":true,"href":"https:\/\/archive.cafe.crea.ca\/fr\/wp-json\/wp\/v2\/comments?post=48129"}],"version-history":[{"count":1,"href":"https:\/\/archive.cafe.crea.ca\/fr\/wp-json\/wp\/v2\/posts\/48129\/revisions"}],"predecessor-version":[{"id":48130,"href":"https:\/\/archive.cafe.crea.ca\/fr\/wp-json\/wp\/v2\/posts\/48129\/revisions\/48130"}],"wp:featuredmedia":[{"embeddable":true,"href":"https:\/\/archive.cafe.crea.ca\/fr\/wp-json\/wp\/v2\/media\/48131"}],"wp:attachment":[{"href":"https:\/\/archive.cafe.crea.ca\/fr\/wp-json\/wp\/v2\/media?parent=48129"}],"wp:term":[{"taxonomy":"category","embeddable":true,"href":"https:\/\/archive.cafe.crea.ca\/fr\/wp-json\/wp\/v2\/categories?post=48129"},{"taxonomy":"post_tag","embeddable":true,"href":"https:\/\/archive.cafe.crea.ca\/fr\/wp-json\/wp\/v2\/tags?post=48129"},{"taxonomy":"author","embeddable":true,"href":"https:\/\/archive.cafe.crea.ca\/fr\/wp-json\/wp\/v2\/coauthors?post=48129"}],"curies":[{"name":"wp","href":"https:\/\/api.w.org\/{rel}","templated":true}]}}