{"id":48112,"date":"2024-12-04T10:32:12","date_gmt":"2024-12-04T15:32:12","guid":{"rendered":"https:\/\/archive.cafe.crea.ca\/?p=48112"},"modified":"2024-12-04T10:32:14","modified_gmt":"2024-12-04T15:32:14","slug":"prix-dexcellence-du-rda-proposez-la-candidature-dun-directeur-dassociation-exemplaire-2","status":"publish","type":"post","link":"https:\/\/archive.cafe.crea.ca\/fr\/prix-dexcellence-du-rda-proposez-la-candidature-dun-directeur-dassociation-exemplaire-2\/","title":{"rendered":"Prix d\u2019excellence du RDA\u00a0: proposez la candidature d\u2019un directeur d\u2019association exemplaire"},"content":{"rendered":"\n<p>Dans le tourbillon d\u2019activit\u00e9s du secteur immobilier canadien, une cohorte de directeurs d\u2019association travaille discr\u00e8tement \u00e0 fa\u00e7onner l\u2019industrie.\u00a0<br><br>\u00ab\u00a0Les directeurs d\u2019association sont les piliers de la communaut\u00e9 des associations immobili\u00e8res. Ils apportent le soutien, la vision et les bases solides dont les courtiers et agents immobiliers ont besoin pour aider les Canadiens \u00e0 r\u00e9aliser leur r\u00eave d\u2019acc\u00e9der \u00e0 la propri\u00e9t\u00e9\u00a0\u00bb, pr\u00e9cise Jennifer\u00a0Lynch, pr\u00e9sidente de 2024-2025 du comit\u00e9 des directeurs d\u2019association de L\u2019Association canadienne de l\u2019immobilier (ACI).<\/p>\n\n\n\n<p>Les directeurs d\u2019association et les cadres sup\u00e9rieurs partout au pays travaillent sans rel\u00e2che pour veiller \u00e0 ce que les chambres et associations locales, provinciales et territoriales continuent \u00e0 offrir le meilleur service qui soit afin d\u2019appuyer leurs membres. Ils jouent un r\u00f4le essentiel dans le maintien de la structure, de l\u2019int\u00e9grit\u00e9 et de la vision strat\u00e9gique permettant \u00e0 notre secteur de progresser.<\/p>\n\n\n\n<p>Voici l\u2019occasion de reconna\u00eetre leur excellent travail! La p\u00e9riode de mise en candidature pour le <a href=\"https:\/\/member.crea.ca\/fr\/a-propos\/adhesion\/adhesion-au-reseau-des-directeurs-dassociation-rda\/prix-dexcellence\/\" target=\"_blank\" rel=\"noopener\" title=\"\">Prix d\u2019excellence du R\u00e9seau des directeurs d\u2019association (RDA) de 2025<\/a> est maintenant ouverte.<\/p>\n\n\n\n<div class=\"wp-block-buttons is-layout-flex wp-block-buttons-is-layout-flex\">\n<div class=\"wp-block-button\"><a class=\"wp-block-button__link has-background wp-element-button\" href=\"https:\/\/crea-aci.ca1.qualtrics.com\/jfe\/form\/SV_cU5Ej8Jd2vB1R0W?utm_source=sfmc&amp;utm_medium=email&amp;utm_campaign=COMM_BA+Notices_AEN+Award_2024-12-3&amp;utm_term=https%3a%2f%2fcrea-aci.ca1.qualtrics.com%2fjfe%2fform%2fSV_cU5Ej8Jd2vB1R0W&amp;utm_id=1147681&amp;sfmc_id=193274857\" style=\"background-color:#d0191d\" target=\"_blank\" rel=\"noreferrer noopener nofollow\"><strong>Proposer une candidature<\/strong><\/a><\/div>\n<\/div>\n\n\n\n<p>Remis pour la premi\u00e8re fois en 1989, le Prix d\u2019excellence du RDA souligne le d\u00e9vouement exceptionnel et le service exemplaire.\u00a0<\/p>\n\n\n\n<p>Le Prix d\u2019excellence du RDA a \u00e9t\u00e9 cr\u00e9\u00e9 en l\u2019honneur de Frank\u00a0Johns, un ancien vice-pr\u00e9sident directeur de la Calgary Real Estate Board. Au cours de sa longue carri\u00e8re, M.\u00a0Johns, mentor et leader parmi les directeurs d\u2019association, a volontiers fait part de son expertise et de ses connaissances pour le mieux-\u00eatre du secteur.\u00a0<\/p>\n\n\n\n<p>Le prix d\u2019excellence du RDA est uniquement d\u00e9cern\u00e9 \u00e0 un membre du RDA qui m\u00e9rite v\u00e9ritablement ce prix et qui incarne le professionnalisme, l\u2019engagement et le leadership au sein de la communaut\u00e9 des associations immobili\u00e8res.<\/p>\n\n\n\n<figure class=\"wp-block-image size-full\"><img loading=\"lazy\" decoding=\"async\" width=\"1200\" height=\"600\" src=\"https:\/\/archive.cafe.crea.ca\/wp-content\/uploads\/2024\/05\/2024_CREA_AGM_AC25844-Enhanced-NR.jpg\" alt=\"\" class=\"wp-image-46098\" srcset=\"https:\/\/archive.cafe.crea.ca\/wp-content\/uploads\/2024\/05\/2024_CREA_AGM_AC25844-Enhanced-NR.jpg 1200w, https:\/\/archive.cafe.crea.ca\/wp-content\/uploads\/2024\/05\/2024_CREA_AGM_AC25844-Enhanced-NR-768x384.jpg 768w, https:\/\/archive.cafe.crea.ca\/wp-content\/uploads\/2024\/05\/2024_CREA_AGM_AC25844-Enhanced-NR-1142x571.jpg 1142w\" sizes=\"(max-width: 1200px) 100vw, 1200px\" \/><\/figure>\n\n\n\n<p>La laur\u00e9ate du Prix d\u2019excellence du RDA de 2024, Marina R.\u00a0James, chef de la direction de la Winnipeg Regional Real Estate Board, a \u00e9t\u00e9 d\u00e9crite comme \u00e9tant une visionnaire qui dirige par l\u2019exemple.<\/p>\n\n\n\n<p>\u00ab\u00a0Ses coll\u00e8gues de la communaut\u00e9 des directeurs d\u2019association vous diront qu\u2019\u00eatre dirig\u00e9 par Marina ou travailler avec elle, c\u2019est \u00eatre motiv\u00e9, se sentir pris en charge, \u00eatre c\u00e9l\u00e9br\u00e9 et avoir acc\u00e8s \u00e0 une grande richesse de connaissances\u00a0\u00bb, a d\u00e9clar\u00e9 Roger\u00a0Boutilier, pr\u00e9sident de 2023-2024 du comit\u00e9 des directeurs d\u2019association de l\u2019ACI, lors de l\u2019assembl\u00e9e g\u00e9n\u00e9rale annuelle de 2024 de l\u2019ACI, en remettant le prix \u00e0 M<sup>me<\/sup>\u00a0James.<\/p>\n\n\n\n<p>Tout cadre sup\u00e9rieur d\u2019une chambre ou association est admissible au prix \u00e0 la condition de satisfaire aux <a href=\"https:\/\/member.crea.ca\/fr\/a-propos\/adhesion\/adhesion-au-reseau-des-directeurs-dassociation-rda\/prix-dexcellence\/\" target=\"_blank\" rel=\"noopener\" title=\"\">crit\u00e8res d\u2019attribution du prix<\/a>. Bien que plusieurs laur\u00e9ats aient re\u00e7u ce prix en fin de carri\u00e8re, il ne s\u2019agit pas d\u2019un prix associ\u00e9 \u00e0 la retraite. Tout membre en r\u00e8gle du RDA qui a servi cinq\u00a0ans ou plus au sein de la communaut\u00e9 des associations immobili\u00e8res est admissible au prix.<\/p>\n\n\n\n<h2 class=\"wp-block-heading\">Crit\u00e8res d\u2019attribution du prix\u00a0<\/h2>\n\n\n\n<p><a>\u2022<\/a><a><\/a> \u00catre un directeur d\u2019association ou un cadre sup\u00e9rieur d\u2019une association et avoir accumul\u00e9 cinq&nbsp;ans ou plus de service dans une chambre ou association immobili\u00e8re.<\/p>\n\n\n\n<p><a>\u2022<\/a> \u00catre membre en r\u00e8gle du RDA.<\/p>\n\n\n\n<p><a>\u2022<\/a> D\u00e9tenir le titre Canadian REALTOR\u00ae Association Executive (CRAE).<\/p>\n\n\n\n<p><a>\u2022<\/a> Le candidat doit incarner les caract\u00e9ristiques suivantes\u00a0:<\/p>\n\n\n\n<ol class=\"wp-block-list\">\n<li>service et d\u00e9vouement envers la communaut\u00e9 des courtiers et agents immobiliers;<\/li>\n\n\n\n<li>leadership en mati\u00e8re de gestion d\u2019association;<\/li>\n\n\n\n<li>collaboration et entraide;<\/li>\n\n\n\n<li>participation \u00e0 des organisations professionnelles ou organismes de service;<\/li>\n\n\n\n<li>engagement communautaire, au-del\u00e0 des exigences de son poste;<\/li>\n\n\n\n<li>r\u00e9alisations au sein de la chambre ou de l\u2019association.<\/li>\n<\/ol>\n\n\n\n<p>Le candidat doit \u00e9galement repr\u00e9senter le professionnalisme que symbolise ce prix.<\/p>\n\n\n\n<h2 class=\"wp-block-heading\"><strong>Proposer une candidature<\/strong><\/h2>\n\n\n\n<p>La date limite pour les mises en candidature est le <strong>1<sup>er<\/sup>\u00a0f\u00e9vrier\u00a02025<\/strong>.<strong> <\/strong>Le prix sera remis lors de l\u2019Assembl\u00e9e g\u00e9n\u00e9rale annuelle de l\u2019ACI, et un don de 5\u00a0000\u00a0$, commandit\u00e9 par le balado <strong>REAL\u00a0TIME<\/strong>, sera vers\u00e9 \u00e0 l\u2019\u0153uvre de bienfaisance au choix du laur\u00e9at. De plus, cette personne sera mise en honneur dans le balado.<\/p>\n","protected":false},"excerpt":{"rendered":"<p>La p\u00e9riode de mise en candidature pour le Prix d\u2019excellence du R\u00e9seau des directeurs d\u2019association (RDA) de 2025 est maintenant ouverte.<\/p>\n","protected":false},"author":123,"featured_media":48116,"comment_status":"open","ping_status":"open","sticky":false,"template":"","format":"standard","meta":{"footnotes":""},"categories":[2366],"tags":[2380],"coauthors":[2383],"class_list":["post-48112","post","type-post","status-publish","format-standard","has-post-thumbnail","hentry","category-nouvelles-de-laci","tag-featured-fr-2"],"aioseo_notices":[],"_links":{"self":[{"href":"https:\/\/archive.cafe.crea.ca\/fr\/wp-json\/wp\/v2\/posts\/48112"}],"collection":[{"href":"https:\/\/archive.cafe.crea.ca\/fr\/wp-json\/wp\/v2\/posts"}],"about":[{"href":"https:\/\/archive.cafe.crea.ca\/fr\/wp-json\/wp\/v2\/types\/post"}],"author":[{"embeddable":true,"href":"https:\/\/archive.cafe.crea.ca\/fr\/wp-json\/wp\/v2\/users\/123"}],"replies":[{"embeddable":true,"href":"https:\/\/archive.cafe.crea.ca\/fr\/wp-json\/wp\/v2\/comments?post=48112"}],"version-history":[{"count":2,"href":"https:\/\/archive.cafe.crea.ca\/fr\/wp-json\/wp\/v2\/posts\/48112\/revisions"}],"predecessor-version":[{"id":48124,"href":"https:\/\/archive.cafe.crea.ca\/fr\/wp-json\/wp\/v2\/posts\/48112\/revisions\/48124"}],"wp:featuredmedia":[{"embeddable":true,"href":"https:\/\/archive.cafe.crea.ca\/fr\/wp-json\/wp\/v2\/media\/48116"}],"wp:attachment":[{"href":"https:\/\/archive.cafe.crea.ca\/fr\/wp-json\/wp\/v2\/media?parent=48112"}],"wp:term":[{"taxonomy":"category","embeddable":true,"href":"https:\/\/archive.cafe.crea.ca\/fr\/wp-json\/wp\/v2\/categories?post=48112"},{"taxonomy":"post_tag","embeddable":true,"href":"https:\/\/archive.cafe.crea.ca\/fr\/wp-json\/wp\/v2\/tags?post=48112"},{"taxonomy":"author","embeddable":true,"href":"https:\/\/archive.cafe.crea.ca\/fr\/wp-json\/wp\/v2\/coauthors?post=48112"}],"curies":[{"name":"wp","href":"https:\/\/api.w.org\/{rel}","templated":true}]}}