{"id":48011,"date":"2024-11-20T11:35:55","date_gmt":"2024-11-20T16:35:55","guid":{"rendered":"https:\/\/archive.cafe.crea.ca\/?p=48011"},"modified":"2024-11-20T13:43:50","modified_gmt":"2024-11-20T18:43:50","slug":"contribuez-au-progres-de-laci-en-posant-votre-candidature-a-lun-de-ses-comites","status":"publish","type":"post","link":"https:\/\/archive.cafe.crea.ca\/fr\/contribuez-au-progres-de-laci-en-posant-votre-candidature-a-lun-de-ses-comites\/","title":{"rendered":"Contribuez au progr\u00e8s de l\u2019ACI en posant votre candidature \u00e0 l\u2019un de ses comit\u00e9s."},"content":{"rendered":"\n<p>Souhaitez-vous participer aux d\u00e9cisions importantes qui auront un impact sur la communaut\u00e9 des courtiers et agents immobiliers en 2025? L\u2019Association canadienne de l\u2019immobilier (ACI) accepte maintenant les candidatures pour ses <a href=\"https:\/\/www.crea.ca\/fr\/a-propos\/membres-de-la-direction\/comites-de-benevoles\/\" target=\"_blank\" rel=\"noopener\" title=\"\">comit\u00e9s de 2025-2026<\/a>.<\/p>\n\n\n\n<p>Chaque ann\u00e9e, l\u2019ACI invite les courtiers et agents immobiliers, ainsi que les membres du personnel des chambres et des associations, \u00e0 poser leur candidature pour si\u00e9ger \u00e0 titre de b\u00e9n\u00e9vole \u00e0 l\u2019un de ses comit\u00e9s op\u00e9rationnels ou comit\u00e9s du conseil d\u2019administration. Ces comit\u00e9s agissent \u00e0 titre de ressource pour le conseil d\u2019administration et le chef de la direction, et se penchent sur d\u2019importants sujets, comme les affaires gouvernementales et la technologie.<\/p>\n\n\n\n<p>Ils contribuent \u00e9galement \u00e0 mettre en valeur les services des courtiers et agents immobiliers, \u00e0 renforcer le professionnalisme et \u00e0 faire \u00e9voluer le secteur en favorisant l\u2019innovation et le progr\u00e8s continus.<\/p>\n\n\n\n<p>[Box: Les dirigeants de l\u2019ACI comprennent bien l\u2019importance d\u2019enrichir nos comit\u00e9s d\u2019une vari\u00e9t\u00e9 de points de vue et d\u2019exp\u00e9riences. Nous tenons \u00e0 ce que nos comit\u00e9s et notre conseil d\u2019administration refl\u00e8tent l\u2019incroyable diversit\u00e9 de nos membres \u00e0 l\u2019\u00e9chelle nationale. <a>]<\/a><\/p>\n\n\n\n<p>Nous invitons tous les courtiers et agents immobiliers membres en r\u00e8gle de l\u2019ACI, ainsi que tous les membres du personnel des chambres et associations locales et provinciales \u00e0 poser leur candidature. Les candidatures seront accept\u00e9es jusqu\u2019au vendredi&nbsp;20&nbsp;d\u00e9cembre&nbsp;2024.&nbsp;<\/p>\n\n\n\n<div class=\"wp-block-buttons is-layout-flex wp-block-buttons-is-layout-flex\">\n<div class=\"wp-block-button\"><a class=\"wp-block-button__link has-background wp-element-button\" href=\"https:\/\/crea-aci.ca1.qualtrics.com\/jfe\/form\/SV_cYoS48X4BEYQtz8?Q_Language=FR%C2%A0T&amp;utm_source=sfmc&amp;utm_medium=email&amp;utm_campaign=COMM_Generic+Email_committee+app+member_2024-11-18&amp;utm_term=https%3a%2f%2fcrea-aci.ca1.qualtrics.com%2fjfe%2fform%2fSV_cYoS48X4BEYQtz8%3fQ_Language%3dFR%25C2%25A0T&amp;utm_id=1143291&amp;sfmc_id=193274857\" style=\"background-color:#d0191d\" target=\"_blank\" rel=\"noreferrer noopener\">Pr\u00e9senter sa candidature<\/a><\/div>\n<\/div>\n\n\n\n<p>Des postes sont offerts au sein des comit\u00e9s suivants (cliquez sur le nom d\u2019un comit\u00e9 pour obtenir des d\u00e9tails sur son r\u00f4le et ses responsabilit\u00e9s)&nbsp;: <a>&nbsp;<\/a><\/p>\n\n\n\n<ul class=\"wp-block-list\">\n<li><a href=\"https:\/\/www.crea.ca\/fr\/a-propos\/membres-de-la-direction\/comites-de-benevoles\/#comites\" target=\"_blank\" rel=\"noopener\" title=\"\">Comit\u00e9 des directeurs d\u2019association<\/a><\/li>\n\n\n\n<li><a href=\"https:\/\/www.crea.ca\/fr\/a-propos\/membres-de-la-direction\/comites-de-benevoles\/#comites\" target=\"_blank\" rel=\"noopener\" title=\"\">Comit\u00e9 d\u2019audit et de gestion du risque<\/a><\/li>\n\n\n\n<li><a href=\"https:\/\/www.crea.ca\/fr\/a-propos\/membres-de-la-direction\/comites-de-benevoles\/#comites\" target=\"_blank\" rel=\"noopener\" title=\"\">Comit\u00e9 sur les pratiques environnementales, sociales et de gouvernance (ESG)<\/a><\/li>\n\n\n\n<li><a href=\"https:\/\/www.crea.ca\/fr\/a-propos\/membres-de-la-direction\/comites-de-benevoles\/#comites\" target=\"_blank\" rel=\"noopener\" title=\"\">Comit\u00e9 des affaires f\u00e9d\u00e9rales<\/a><\/li>\n\n\n\n<li><a href=\"https:\/\/www.crea.ca\/fr\/a-propos\/membres-de-la-direction\/comites-de-benevoles\/#comites\" target=\"_blank\" rel=\"noopener\" title=\"\">Comit\u00e9 des finances<\/a><\/li>\n\n\n\n<li><a href=\"https:\/\/www.crea.ca\/fr\/a-propos\/membres-de-la-direction\/comites-de-benevoles\/#comites\" target=\"_blank\" rel=\"noopener\" title=\"\">Comit\u00e9 sur la gouvernance et le R\u00e8glement int\u00e9rieur<\/a><\/li>\n\n\n\n<li><a href=\"https:\/\/www.crea.ca\/fr\/a-propos\/membres-de-la-direction\/comites-de-benevoles\/#comites\" target=\"_blank\" rel=\"noopener\" title=\"\">Comit\u00e9 du marketing et des communications<\/a><\/li>\n\n\n\n<li><a href=\"https:\/\/www.crea.ca\/fr\/a-propos\/membres-de-la-direction\/comites-de-benevoles\/#comites\" target=\"_blank\" rel=\"noopener\" title=\"Comit\u00e9 du Code de conduite des membres de l\u2019ACI\">Comit\u00e9 du Code de conduite des membres de l\u2019ACI<\/a><\/li>\n\n\n\n<li><a href=\"https:\/\/www.crea.ca\/fr\/a-propos\/membres-de-la-direction\/comites-de-benevoles\/#comites\" target=\"_blank\" rel=\"noopener\" title=\"\">Comit\u00e9 de la technologie<\/a><\/li>\n<\/ul>\n\n\n\n<p>Souhaitez-vous obtenir plus d\u2019information? Voici les r\u00e9ponses aux questions les plus fr\u00e9quemment pos\u00e9es.\u00a0<\/p>\n\n\n\n<h2 class=\"wp-block-heading\"><strong>\u00c0 quelle fr\u00e9quence les comit\u00e9s se r\u00e9unissent-ils?<\/strong><\/h2>\n\n\n\n<p>La plupart des r\u00e9unions de comit\u00e9s de l\u2019ACI ont lieu en personne au moins une fois par ann\u00e9e, habituellement (mais pas toujours) aux bureaux de l\u2019ACI \u00e0 Ottawa, en Ontario, et en mode virtuel au cours de l\u2019ann\u00e9e. Les comit\u00e9s peuvent \u00e9galement organiser des appels virtuels ou des webinaires au cours de l\u2019ann\u00e9e. Les membres des comit\u00e9s se font rembourser leurs frais de d\u00e9placement pour assister aux r\u00e9unions en personne, conform\u00e9ment aux politiques et pratiques de l\u2019ACI.<\/p>\n\n\n\n<h2 class=\"wp-block-heading\"><strong>\u00c0 combien de comit\u00e9s puis-je poser ma candidature?<\/strong><\/h2>\n\n\n\n<p>Vous pouvez poser votre candidature et si\u00e9ger \u00e0 un maximum de deux comit\u00e9s du conseil d\u2019administration et de deux comit\u00e9s op\u00e9rationnels.<\/p>\n\n\n\n<h2 class=\"wp-block-heading\"><strong>Quel est le processus de s\u00e9lection des membres des comit\u00e9s?<\/strong><\/h2>\n\n\n\n<p>Une fois que la date limite pour pr\u00e9senter une candidature est pass\u00e9e, le personnel de l\u2019ACI examine l\u2019ensemble des demandes et les transmet \u00e0 un sous-comit\u00e9 du comit\u00e9 sur la gouvernance et le R\u00e8glement int\u00e9rieur. Ce sous-comit\u00e9 examine les demandes et fait des recommandations aux dirigeants de l\u2019ACI. Les dirigeants pr\u00e9sentent ensuite leurs recommandations d\u00e9finitives au conseil d\u2019administration aux fins d\u2019approbation.<\/p>\n\n\n\n<h2 class=\"wp-block-heading\"><strong>Quand une d\u00e9cision sera-t-elle prise?<\/strong><\/h2>\n\n\n\n<p>La nomination des membres des comit\u00e9s est approuv\u00e9e par le conseil d\u2019administration, et tous les candidats seront inform\u00e9s des r\u00e9sultats peu de temps apr\u00e8s.<\/p>\n\n\n\n<p>Si vous avez des questions au sujet du processus de mise en candidature, veuillez consulter notre <a href=\"https:\/\/www.crea.ca\/fr\/a-propos\/membres-de-la-direction\/comites-de-benevoles\/\" target=\"_blank\" rel=\"noopener\" title=\"\">FAQ<\/a> ou communiquer avec le Centre de l\u2019exp\u00e9rience des membres \u00e0 <a href=\"mailto:support@CREA.ca\" target=\"_blank\" rel=\"noopener\" title=\"\">support@CREA.ca<\/a> ou au 1-888-237-7945.<\/p>\n\n\n\n<p><\/p>\n","protected":false},"excerpt":{"rendered":"<p>Souhaitez-vous participer aux d\u00e9cisions importantes qui auront un impact sur la communaut\u00e9 des courtiers et agents immobiliers en 2025? L\u2019Association canadienne de l\u2019immobilier (ACI) accepte maintenant les candidatures pour ses comit\u00e9s de 2025-2026.<\/p>\n","protected":false},"author":123,"featured_media":48004,"comment_status":"open","ping_status":"open","sticky":false,"template":"","format":"standard","meta":{"footnotes":""},"categories":[2366],"tags":[2380],"coauthors":[2383],"class_list":["post-48011","post","type-post","status-publish","format-standard","has-post-thumbnail","hentry","category-nouvelles-de-laci","tag-featured-fr-2"],"aioseo_notices":[],"_links":{"self":[{"href":"https:\/\/archive.cafe.crea.ca\/fr\/wp-json\/wp\/v2\/posts\/48011"}],"collection":[{"href":"https:\/\/archive.cafe.crea.ca\/fr\/wp-json\/wp\/v2\/posts"}],"about":[{"href":"https:\/\/archive.cafe.crea.ca\/fr\/wp-json\/wp\/v2\/types\/post"}],"author":[{"embeddable":true,"href":"https:\/\/archive.cafe.crea.ca\/fr\/wp-json\/wp\/v2\/users\/123"}],"replies":[{"embeddable":true,"href":"https:\/\/archive.cafe.crea.ca\/fr\/wp-json\/wp\/v2\/comments?post=48011"}],"version-history":[{"count":5,"href":"https:\/\/archive.cafe.crea.ca\/fr\/wp-json\/wp\/v2\/posts\/48011\/revisions"}],"predecessor-version":[{"id":48026,"href":"https:\/\/archive.cafe.crea.ca\/fr\/wp-json\/wp\/v2\/posts\/48011\/revisions\/48026"}],"wp:featuredmedia":[{"embeddable":true,"href":"https:\/\/archive.cafe.crea.ca\/fr\/wp-json\/wp\/v2\/media\/48004"}],"wp:attachment":[{"href":"https:\/\/archive.cafe.crea.ca\/fr\/wp-json\/wp\/v2\/media?parent=48011"}],"wp:term":[{"taxonomy":"category","embeddable":true,"href":"https:\/\/archive.cafe.crea.ca\/fr\/wp-json\/wp\/v2\/categories?post=48011"},{"taxonomy":"post_tag","embeddable":true,"href":"https:\/\/archive.cafe.crea.ca\/fr\/wp-json\/wp\/v2\/tags?post=48011"},{"taxonomy":"author","embeddable":true,"href":"https:\/\/archive.cafe.crea.ca\/fr\/wp-json\/wp\/v2\/coauthors?post=48011"}],"curies":[{"name":"wp","href":"https:\/\/api.w.org\/{rel}","templated":true}]}}