{"id":47994,"date":"2024-11-19T14:47:29","date_gmt":"2024-11-19T19:47:29","guid":{"rendered":"https:\/\/archive.cafe.crea.ca\/?p=47994"},"modified":"2024-12-04T09:53:04","modified_gmt":"2024-12-04T14:53:04","slug":"ouvrir-les-portes-dun-avenir-prospere-pour-tous-en-commencant-par-un-chez-soi","status":"publish","type":"post","link":"https:\/\/archive.cafe.crea.ca\/fr\/ouvrir-les-portes-dun-avenir-prospere-pour-tous-en-commencant-par-un-chez-soi\/","title":{"rendered":"Ouvrir les portes d\u2019un avenir prosp\u00e8re pour tous, en commen\u00e7ant par un chez-soi"},"content":{"rendered":"\n<p>Jane&nbsp;Goodall, l\u2019une de mes h\u00e9ro\u00efnes personnelles, a dit&nbsp;: \u00ab&nbsp;Vous ne pouvez pas passer une seule journ\u00e9e sans influencer le monde qui vous entoure. Les gestes que vous posez provoquent du changement, et c\u2019est \u00e0 vous de d\u00e9cider quel genre de changement vous souhaitez provoquer&nbsp;\u00bb.<\/p>\n\n\n\n<p>Quels changements nous, L\u2019Association canadienne de l\u2019immobilier (ACI), ainsi que notre personnel et nos dirigeants b\u00e9n\u00e9voles, nos chambres et associations partenaires et nos incroyables membres \u00e0 travers le pays, voulons-nous apporter dans le monde? &nbsp;<\/p>\n\n\n\n<p>Nous savons que notre travail collectif encourage, habilite et outille nos membres pour qu\u2019ils appuient le parcours immobilier des Canadiens \u00e0 l\u2019\u00e9chelle du pays. Nous militons en faveur d\u2019un cadre politique et l\u00e9gislatif qui facilite l\u2019accession \u00e0 la propri\u00e9t\u00e9 et o\u00f9 l\u2019importance de l\u2019ensemble du continuum du logement pour les collectivit\u00e9s et l\u2019\u00e9conomie canadienne est reconnue. Nous servons les int\u00e9r\u00eats de nos membres par la sensibilisation, l\u2019\u00e9ducation et l\u2019excellence professionnelle. Nous soutenons nos membres au moyen d\u2019outils et de technologies de pointe, notamment REALTOR.ca.<\/p>\n\n\n\n<p>Bref, c\u2019est ce que<em> fait l<\/em>\u2019ACI. Mais, <em>pourquoi<\/em> le faisons-nous? Et quelle est la valeur ajout\u00e9e que nous apportons \u00e0 la soci\u00e9t\u00e9 par le biais de notre travail?<\/p>\n\n\n\n<p>Alors que <a href=\"https:\/\/www.crea.ca\/files\/CREA-Strategic-Overview_2022_FR_upd_new.pdf\" target=\"_blank\" rel=\"noopener\" title=\"\">le plan strat\u00e9gique de l\u2019ACI<\/a> d\u00e9crit notre mission, notre vision et nos valeurs, notre comit\u00e9 sur les pratiques environnementales, sociales et de gouvernance (ESG) de 2022 a recommand\u00e9 d\u2019y ajouter un \u00e9nonc\u00e9 de vocation sociale pour s\u2019aligner aux <a href=\"https:\/\/boardroom.global\/the-social-purpose-of-associations\/\" target=\"_blank\" rel=\"noopener\" title=\"\">pratiques exemplaires \u00e9mergentes en mati\u00e8re de gouvernance d\u2019association<\/a> (en anglais seulement). Un <a href=\"https:\/\/www.purposepathways.ca\/why-purpose\/what-is-purpose\" target=\"_blank\" rel=\"noopener\" title=\"\">\u00e9nonc\u00e9 de vocation sociale<\/a> (en anglais seulement) d\u00e9finit la \u00ab&nbsp;raison d\u2019\u00eatre d\u2019une organisation qui optimise sa contribution au bien-\u00eatre des personnes et de la plan\u00e8te&nbsp;\u00bb.<\/p>\n\n\n\n<p>La recommandation du comit\u00e9 a \u00e9t\u00e9 approuv\u00e9e par le conseil d\u2019administration de l\u2019ACI, qui a convenu que les associations comme la n\u00f4tre peuvent et doivent jouer un r\u00f4le cl\u00e9 dans les questions sociales et environnementales, et que, ce faisant, nous pouvons am\u00e9liorer notre propre pertinence, notre durabilit\u00e9 et la valeur que nous offrons \u00e0 nos membres.<\/p>\n\n\n\n<figure class=\"wp-block-image size-full\"><img loading=\"lazy\" decoding=\"async\" width=\"1325\" height=\"572\" src=\"https:\/\/archive.cafe.crea.ca\/wp-content\/uploads\/2024\/11\/PurposeArchitecture_CREACafe_FR.jpg\" alt=\"\" class=\"wp-image-47990\" srcset=\"https:\/\/archive.cafe.crea.ca\/wp-content\/uploads\/2024\/11\/PurposeArchitecture_CREACafe_FR.jpg 1325w, https:\/\/archive.cafe.crea.ca\/wp-content\/uploads\/2024\/11\/PurposeArchitecture_CREACafe_FR-768x332.jpg 768w, https:\/\/archive.cafe.crea.ca\/wp-content\/uploads\/2024\/11\/PurposeArchitecture_CREACafe_FR-1323x571.jpg 1323w\" sizes=\"(max-width: 1325px) 100vw, 1325px\" \/><\/figure>\n\n\n\n<p>L\u2019ann\u00e9e derni\u00e8re, notre comit\u00e9 sur les pratiques ESG de 2023 a fait appel \u00e0 une sp\u00e9cialiste \u00e9minente ici au Canada, Mary&nbsp;Ellen&nbsp;Schaafsma de <a href=\"https:\/\/www.purposepathways.ca\/home\" target=\"_blank\" rel=\"noopener\" title=\"\">Purpose Pathways Consulting<\/a>, pour nous guider \u00e0 travers un processus approfondi visant \u00e0 d\u00e9finir la vocation sociale de l\u2019ACI.<\/p>\n\n\n\n<h2 class=\"wp-block-heading\"><strong>\u00c9laborer l\u2019\u00e9nonc\u00e9 de vocation sociale de l\u2019ACI<\/strong><\/h2>\n\n\n\n<p>Nous avons d\u2019abord pass\u00e9 en revue l\u2019histoire de l\u2019ACI, l\u2019\u00e9volution de son orientation strat\u00e9gique et ses comp\u00e9tences de base. Ensuite, nous avons organis\u00e9 des ateliers avec notre conseil d\u2019administration, notre comit\u00e9 sur les pratiques ESG, le personnel des chambres et associations, le personnel de l\u2019ACI, nos membres, des intervenants externes et des partenaires. Nous leur avons demand\u00e9 de r\u00e9fl\u00e9chir \u00e0 ce que l\u2019ACI offre au monde, \u00e0 ce dont le monde a besoin, et \u00e0 l\u2019intersection entre les deux. Nous nous sommes demand\u00e9 comment nous pouvions utiliser nos comp\u00e9tences et nos ressources principales pour avoir un impact optimal au profit de nos courtiers et agents immobiliers membres <em>et<\/em> dumonde qui nous entoure.<\/p>\n\n\n\n<p>Plusieurs th\u00e8mes clairs sont ressortis de notre travail de consultation. Les th\u00e8mes pr\u00e9dominants \u00e9taient, sans surprise, le chez-soi, le logement et l\u2019importance d\u2019un abri.<\/p>\n\n\n\n<p>Nous avons eu de nombreuses discussions sur les diff\u00e9rences entre ces termes. Par exemple, nos intervenants ont fait remarquer que le \u00ab&nbsp;chez-soi&nbsp;\u00bb est plus qu\u2019un simple toit au-dessus de notre t\u00eate. Comme les courtiers et agents immobiliers le savent bien, le \u00ab&nbsp;chez-soi&nbsp;\u00bb favorise les sentiments de confort, de s\u00e9curit\u00e9 et de s\u00fbret\u00e9. De nombreuses discussions ont \u00e9galement port\u00e9 sur les diff\u00e9rences entre les besoins en mati\u00e8re de logement et sur le fait que chaque personne m\u00e9rite un logement \u00e9quitable, abordable, accessible, durable, r\u00e9silient et sain.<\/p>\n\n\n\n<p>Il ressort clairement de nos consultations que les courtiers et agents immobiliers savent que le logement est \u00e9troitement li\u00e9 \u00e0 de nombreuses questions cruciales dans notre soci\u00e9t\u00e9, notamment la sant\u00e9, la pauvret\u00e9, la s\u00e9curit\u00e9, l\u2019\u00e9quit\u00e9 sociale, l\u2019environnement et les changements climatiques.<\/p>\n\n\n\n<p>Nos intervenants nous ont \u00e9galement dit que le logement peut \u00eatre utilis\u00e9 comme un m\u00e9canisme permettant de faire progresser les objectifs de l\u2019ACI et de ses membres, \u00e0 savoir des collectivit\u00e9s plus \u00e9quitables, plus inclusives et plus saines.<\/p>\n\n\n\n<p>Nous avons ensuite pris tous les \u00e9l\u00e9ments recueillis pour en d\u00e9gager l\u2019essence et \u00e9laborer une \u00e9bauche d\u2019\u00e9nonc\u00e9 de vocation sociale. Nous l\u2019avons \u00e9valu\u00e9e \u00e0 l\u2019aide de crit\u00e8res normalis\u00e9s d\u2019une vocation sociale et aupr\u00e8s d\u2019une s\u00e9lection d\u2019intervenants. Le r\u00e9sultat de plus de huit&nbsp;mois de consultation et de collaboration a \u00e9t\u00e9 l\u2019\u00e9nonc\u00e9 de vocation sociale suivant de l\u2019ACI&nbsp;:<\/p>\n\n\n\n<blockquote class=\"wp-block-quote is-layout-flow wp-block-quote-is-layout-flow\">\n<p><strong>\u00ab&nbsp;L\u2019ACI ouvre les portes d\u2019un avenir prosp\u00e8re pour tous, en commen\u00e7ant par un chez-soi.&nbsp;\u00bb<\/strong><\/p>\n<\/blockquote>\n\n\n\n<p>Cet \u00e9nonc\u00e9 confirme une chose que nos courtiers et agents immobiliers savent tr\u00e8s bien&nbsp;: un \u00ab&nbsp;chez-soi&nbsp;\u00bb est le fondement essentiel d\u2019un avenir prosp\u00e8re. Plusieurs courtiers et agents immobiliers nous ont dit qu\u2019ils ont eu une r\u00e9action \u00e9motionnelle en entendant cet \u00e9nonc\u00e9 pour la premi\u00e8re fois, car il les interpelle profond\u00e9ment.<\/p>\n\n\n\n<p>L\u2019\u00e9nonc\u00e9 est bref et m\u00e9morable. Il est ambitieux et repr\u00e9sente un but \u00e0 atteindre et un projet de longue haleine pour notre association et ses membres.<\/p>\n\n\n\n<p>Il est intentionnellement large et inclusif. Lorsque nous disons \u00ab&nbsp;pour tous&nbsp;\u00bb, nous entendons toutes les personnes, quels que soient leurs ant\u00e9c\u00e9dents, leur identit\u00e9 ou leur situation financi\u00e8re. Nous reconnaissons que les groupes en qu\u00eate d\u2019\u00e9quit\u00e9, y compris les populations autochtones et les groupes racialis\u00e9s, sont victimes de discrimination dans la soci\u00e9t\u00e9 actuelle. Nous voulons contribuer \u00e0 faire tomber les barri\u00e8res syst\u00e9miques dans le secteur de l\u2019immobilier et au-del\u00e0.<\/p>\n\n\n\n<p>Nous avons \u00e9galement \u00e9labor\u00e9 quatre d\u00e9clarations narratives sous-jacentes sur lesquelles nous nous appuierons dans le cadre de notre travail sur la vocation sociale&nbsp;:<\/p>\n\n\n\n<p>Tout d\u2019abord, <strong>nous croyons que le logement est un droit humain fondamental<\/strong>. Toutes les personnes devraient avoir un acc\u00e8s \u00e9quitable \u00e0 un logement s\u00fbr et abordable qui r\u00e9pond \u00e0 leurs besoins, quelle que soit leur situation financi\u00e8re.<\/p>\n\n\n\n<p>Deuxi\u00e8mement, <strong>nous croyons que le logement contribue \u00e0 la dignit\u00e9 humaine et \u00e0 un sentiment d\u2019appartenance<\/strong>.Le sentiment d\u2019avoir un chez-soi est profond\u00e9ment important pour les gens.<\/p>\n\n\n\n<p>Ensuite, <strong>nous croyons qu\u2019un environnement sain est essentiel pour un avenir prosp\u00e8re.<\/strong> Cela souligne l\u2019importance de faire tout ce qui est en notre pouvoir pour prot\u00e9ger l\u2019environnement et att\u00e9nuer les changements climatiques, afin que nos maisons et nos collectivit\u00e9s soient aussi s\u00fbres, saines et r\u00e9silientes que possible.<\/p>\n\n\n\n<p>Enfin, <strong>nous croyons que la collaboration est la cl\u00e9 d\u2019un changement positif<\/strong>. Nous devons travailler en \u00e9troite collaboration avec des partenaires partageant les m\u00eames valeurs pour contribuer \u00e0 relever les grands d\u00e9fis sociaux et environnementaux d\u2019aujourd\u2019hui et de demain.<\/p>\n\n\n\n<p>J\u2019ai le plaisir de vous informer que le conseil d\u2019administration de l\u2019ACI a approuv\u00e9 plus t\u00f4t cette ann\u00e9e notre \u00e9nonc\u00e9 de vocation sociale et les d\u00e9clarations narratives sous-jacentes. Depuis, nous avons commenc\u00e9 \u00e0 offrir des s\u00e9ances de formation sur la vocation sociale \u00e0 notre personnel et \u00e0 \u00e9laborer des plans de mise en \u0153uvre et de mobilisation des membres.<\/p>\n\n\n\n<p>Bien que les courtiers et agents immobiliers demeurent au c\u0153ur de tout ce que nous faisons, notre nouvel \u00e9nonc\u00e9 de vocation sociale nous m\u00e8ne d\u00e9j\u00e0 \u00e0 r\u00e9fl\u00e9chir sur ce que l\u2019ACI, nos partenaires et nos membres peuvent faire ensemble pour incarner le changement que nous voulons voir dans le monde. C\u2019est avec plaisir que nous vous tiendrons inform\u00e9 de nos progr\u00e8s.<\/p>\n","protected":false},"excerpt":{"rendered":"<p>Quels changements nous, L\u2019Association canadienne de l\u2019immobilier (ACI), ainsi que notre personnel et nos dirigeants b\u00e9n\u00e9voles, nos chambres et associations partenaires et nos incroyables membres \u00e0 travers le pays, voulons-nous apporter dans le monde? \u00a0<\/p>\n","protected":false},"author":201,"featured_media":47986,"comment_status":"open","ping_status":"open","sticky":false,"template":"","format":"standard","meta":{"footnotes":""},"categories":[2366],"tags":[2379,2380],"coauthors":[2474],"class_list":["post-47994","post","type-post","status-publish","format-standard","has-post-thumbnail","hentry","category-nouvelles-de-laci","tag-featured-fr","tag-featured-fr-2"],"aioseo_notices":[],"_links":{"self":[{"href":"https:\/\/archive.cafe.crea.ca\/fr\/wp-json\/wp\/v2\/posts\/47994"}],"collection":[{"href":"https:\/\/archive.cafe.crea.ca\/fr\/wp-json\/wp\/v2\/posts"}],"about":[{"href":"https:\/\/archive.cafe.crea.ca\/fr\/wp-json\/wp\/v2\/types\/post"}],"author":[{"embeddable":true,"href":"https:\/\/archive.cafe.crea.ca\/fr\/wp-json\/wp\/v2\/users\/201"}],"replies":[{"embeddable":true,"href":"https:\/\/archive.cafe.crea.ca\/fr\/wp-json\/wp\/v2\/comments?post=47994"}],"version-history":[{"count":2,"href":"https:\/\/archive.cafe.crea.ca\/fr\/wp-json\/wp\/v2\/posts\/47994\/revisions"}],"predecessor-version":[{"id":48104,"href":"https:\/\/archive.cafe.crea.ca\/fr\/wp-json\/wp\/v2\/posts\/47994\/revisions\/48104"}],"wp:featuredmedia":[{"embeddable":true,"href":"https:\/\/archive.cafe.crea.ca\/fr\/wp-json\/wp\/v2\/media\/47986"}],"wp:attachment":[{"href":"https:\/\/archive.cafe.crea.ca\/fr\/wp-json\/wp\/v2\/media?parent=47994"}],"wp:term":[{"taxonomy":"category","embeddable":true,"href":"https:\/\/archive.cafe.crea.ca\/fr\/wp-json\/wp\/v2\/categories?post=47994"},{"taxonomy":"post_tag","embeddable":true,"href":"https:\/\/archive.cafe.crea.ca\/fr\/wp-json\/wp\/v2\/tags?post=47994"},{"taxonomy":"author","embeddable":true,"href":"https:\/\/archive.cafe.crea.ca\/fr\/wp-json\/wp\/v2\/coauthors?post=47994"}],"curies":[{"name":"wp","href":"https:\/\/api.w.org\/{rel}","templated":true}]}}