{"id":47848,"date":"2024-10-24T13:00:56","date_gmt":"2024-10-24T17:00:56","guid":{"rendered":"https:\/\/archive.cafe.crea.ca\/?p=47848"},"modified":"2024-10-24T13:02:10","modified_gmt":"2024-10-24T17:02:10","slug":"journees-du-cap-de-2024-nos-membres-se-reunissent-dans-la-capitale-du-canada-et-defendent-le-droit-au-logement-pour-tous","status":"publish","type":"post","link":"https:\/\/archive.cafe.crea.ca\/fr\/journees-du-cap-de-2024-nos-membres-se-reunissent-dans-la-capitale-du-canada-et-defendent-le-droit-au-logement-pour-tous\/","title":{"rendered":"Journ\u00e9es du CAP de 2024\u00a0: Nos membres se r\u00e9unissent dans la capitale du Canada et d\u00e9fendent le droit au logement pour tous"},"content":{"rendered":"\n<p>Depuis 39&nbsp;ans, les courtiers et agents immobiliers de tout le Canada se rassemblent chaque ann\u00e9e sur la Colline du Parlement \u00e0 Ottawa pour rencontrer les d\u00e9put\u00e9s, lors des Journ\u00e9es du Comit\u00e9 d\u2019action politique (CAP) de L\u2019Association canadienne de l\u2019immobilier (ACI).<\/p>\n\n\n\n<p>Cette ann\u00e9e, du 20 au 22&nbsp;octobre&nbsp;2024, plus de 400&nbsp;repr\u00e9sentants du CAP ont particip\u00e9 \u00e0 des conversations r\u00e9fl\u00e9chies sur l\u2019acc\u00e8s au logement au Canada, et ont \u00e9cout\u00e9 des experts qui ont transmis leurs connaissances dans le cadre de panels sp\u00e9cialis\u00e9s. Ils ont \u00e9galement rencontr\u00e9 leurs d\u00e9put\u00e9s pour discuter des trois&nbsp;recommandations des membres&nbsp;:<\/p>\n\n\n\n<ol class=\"wp-block-list\">\n<li>Stimuler l\u2019offre dans tout le continuum de logement en favorisant l\u2019innovation au moyen de technologies de construction hors site.<\/li>\n\n\n\n<li>\u00c9tablir un m\u00e9canisme permanent permettant la collaboration et la coordination de la politique et du d\u00e9veloppement du logement, tel qu\u2019un secr\u00e9tariat national responsable du logement.<\/li>\n\n\n\n<li>Exon\u00e9ration de la TVH\/TPS sur les propri\u00e9t\u00e9s abordables construites par des organismes \u00e0 but non lucratif pour faciliter l\u2019accession \u00e0 la propri\u00e9t\u00e9.<\/li>\n<\/ol>\n\n\n\n<iframe loading=\"lazy\" width=\"560\" height=\"315\" src=\"https:\/\/www.youtube.com\/embed\/eLYk5HQNtpc?si=PtnZEUlfhT2HJfog\" title=\"YouTube video player\" frameborder=\"0\" allow=\"accelerometer; autoplay; clipboard-write; encrypted-media; gyroscope; picture-in-picture; web-share\" referrerpolicy=\"strict-origin-when-cross-origin\" allowfullscreen><\/iframe>\n\n\n\n<h2 class=\"wp-block-heading\"><strong>Faits saillants du jour&nbsp;1<\/strong><\/h2>\n\n\n\n<p>Le jour&nbsp;1, nous avons eu l\u2019honneur d\u2019accueillir l\u2019A\u00een\u00e9e Claudette&nbsp;Commanda, de la Premi\u00e8re Nation Kitigan Zibi Anishinabeg, qui a prononc\u00e9 un discours de bienvenue traditionnel.<\/p>\n\n\n\n<p>Jason&nbsp;Kenney et Kathleen&nbsp;Wynne, anciens premiers ministres provinciaux, ont donn\u00e9 leur point de vue sur l\u2019\u00e9tat de la f\u00e9d\u00e9ration. Eddie&nbsp;Sheppard, vice-pr\u00e9sident, Analyses, chez Abacus&nbsp;Data, a ensuite effectu\u00e9 une pr\u00e9sentation. Il nous a notamment appris qu\u2019un jeune Canadien sur quatre reporte le moment de fonder une famille, et qu\u2019un sur cinq reporte le moment de se marier en raison du co\u00fbt inabordable du logement.<\/p>\n\n\n\n<blockquote class=\"twitter-tweet\"><p lang=\"fr\" dir=\"ltr\">Un grand merci \u00e0 <a href=\"https:\/\/twitter.com\/Kathleen_Wynne?ref_src=twsrc%5Etfw\">@Kathleen_Wynne<\/a> et <a href=\"https:\/\/twitter.com\/jkenney?ref_src=twsrc%5Etfw\">@jkenney<\/a> pour leurs points de vue de l\u2019\u00e9tat de la f\u00e9d\u00e9ration, fa\u00e7onn\u00e9s par leurs brillantes carri\u00e8res en politique canadienne. <a href=\"https:\/\/twitter.com\/hashtag\/CAP24ACI?src=hash&amp;ref_src=twsrc%5Etfw\">#CAP24ACI<\/a> <a href=\"https:\/\/twitter.com\/hashtag\/polcan?src=hash&amp;ref_src=twsrc%5Etfw\">#polcan<\/a> <a href=\"https:\/\/t.co\/9k4TRRWntr\">pic.twitter.com\/9k4TRRWntr<\/a><\/p>&mdash; CREA | ACI (@CREA_ACI) <a href=\"https:\/\/twitter.com\/CREA_ACI\/status\/1848080563921711594?ref_src=twsrc%5Etfw\">October 20, 2024<\/a><\/blockquote> <script async src=\"https:\/\/platform.twitter.com\/widgets.js\" charset=\"utf-8\"><\/script>\n\n\n\n<p>Le programme s\u2019est poursuivi avec une des activit\u00e9s favorites des Journ\u00e9es du CAP, le panel m\u00e9diatique. Chaque ann\u00e9e, ce groupe m\u00e8ne une discussion non partisane au sujet du contexte politique actuel, \u00e0 laquelle participent certains des plus grands journalistes du Canada. Chantal\u00a0H\u00e9bert, Robert\u00a0Russo, et Susan\u00a0Delacourt ont particip\u00e9 au panel anglais. Pour le panel fran\u00e7ais, nous avons accueilli Jo\u00ebl-Denis\u00a0Bellavance et H\u00e9l\u00e8ne\u00a0Buzzetti.<\/p>\n\n\n\n<div class=\"wp-block-columns is-layout-flex wp-container-core-columns-is-layout-1 wp-block-columns-is-layout-flex\">\n<div class=\"wp-block-column is-layout-flow wp-block-column-is-layout-flow\">\n<blockquote class=\"twitter-tweet\"><p lang=\"fr\" dir=\"ltr\">A huge thank you for the insights, laughs, and spirited debate from <a href=\"https:\/\/twitter.com\/ChantalHbert?ref_src=twsrc%5Etfw\">@ChantalHbert<\/a>, <a href=\"https:\/\/twitter.com\/susandelacourt?ref_src=twsrc%5Etfw\">@SusanDelacourt<\/a>, and Rob Russo. Always a fan favourite! <a href=\"https:\/\/twitter.com\/hashtag\/CREAPAC24?src=hash&amp;ref_src=twsrc%5Etfw\">#CREAPAC24<\/a> <a href=\"https:\/\/twitter.com\/hashtag\/cdnpoli?src=hash&amp;ref_src=twsrc%5Etfw\">#cdnpoli<\/a><br>&#8212;<br>Un grand merci \u00e0 <a href=\"https:\/\/twitter.com\/ChantalHbert?ref_src=twsrc%5Etfw\">@ChantalHbert<\/a>, <a href=\"https:\/\/twitter.com\/susandelacourt?ref_src=twsrc%5Etfw\">@SusanDelacourt<\/a> et Rob Russo pour d\u2019excellentes analyses, quelques rires et des d\u00e9bats\u2026 <a href=\"https:\/\/t.co\/13WZVGF3H0\">pic.twitter.com\/13WZVGF3H0<\/a><\/p>&mdash; CREA | ACI (@CREA_ACI) <a href=\"https:\/\/twitter.com\/CREA_ACI\/status\/1848099733040140487?ref_src=twsrc%5Etfw\">October 20, 2024<\/a><\/blockquote> <script async src=\"https:\/\/platform.twitter.com\/widgets.js\" charset=\"utf-8\"><\/script>\n<\/div>\n\n\n\n<div class=\"wp-block-column is-layout-flow wp-block-column-is-layout-flow\">\n<blockquote class=\"twitter-tweet\"><p lang=\"fr\" dir=\"ltr\">Thanks to Jo\u00ebl-Denis Bellavance of <a href=\"https:\/\/twitter.com\/LP_LaPresse?ref_src=twsrc%5Etfw\">@LP_LaPresse<\/a> and <a href=\"https:\/\/twitter.com\/HBuzzetti?ref_src=twsrc%5Etfw\">@HBuzzetti<\/a> of Les Coops de l\u2019information for addressing key federal political issues through a regional lens during <a href=\"https:\/\/twitter.com\/hashtag\/CREAPAC24?src=hash&amp;ref_src=twsrc%5Etfw\">#CREAPAC24<\/a>. <a href=\"https:\/\/twitter.com\/hashtag\/cdnpoli?src=hash&amp;ref_src=twsrc%5Etfw\">#cdnpoli<\/a><br>&#8212;<br>Merci \u00e0 Jo\u00ebl-Denis Bellavance de <a href=\"https:\/\/twitter.com\/LP_LaPresse?ref_src=twsrc%5Etfw\">@LP_LaPresse<\/a> et <a href=\"https:\/\/twitter.com\/HBuzzetti?ref_src=twsrc%5Etfw\">@HBuzzetti<\/a> de Les Coops de\u2026 <a href=\"https:\/\/t.co\/UCnLM1pN65\">pic.twitter.com\/UCnLM1pN65<\/a><\/p>&mdash; CREA | ACI (@CREA_ACI) <a href=\"https:\/\/twitter.com\/CREA_ACI\/status\/1848114176851632328?ref_src=twsrc%5Etfw\">October 20, 2024<\/a><\/blockquote> <script async src=\"https:\/\/platform.twitter.com\/widgets.js\" charset=\"utf-8\"><\/script>\n<\/div>\n<\/div>\n\n\n\n<h2 class=\"wp-block-heading\"><strong>Faits saillants du jour&nbsp;2<\/strong><\/h2>\n\n\n\n<p>Cette journ\u00e9e a \u00e9t\u00e9 la plus occup\u00e9e en ce qui concerne les rencontres avec les d\u00e9put\u00e9s. Les d\u00e9l\u00e9gu\u00e9s se sont rendus sur la Colline du Parlement afin de faire valoir les <a href=\"https:\/\/member.crea.ca\/fr\/relations-gouvernmentales-publiques\/defense-des-interets-aupres-du-gouvernement-federal\/comite-daction-politique\/\" target=\"_blank\" rel=\"noopener\" title=\"\">recommandations de nos membres<\/a> et ont r\u00e9alis\u00e9 plus de 100\u00a0rencontres avec les d\u00e9put\u00e9s.<\/p>\n\n\n\n<div class=\"wp-block-columns is-layout-flex wp-container-core-columns-is-layout-2 wp-block-columns-is-layout-flex\">\n<div class=\"wp-block-column is-layout-flow wp-block-column-is-layout-flow\">\n<blockquote class=\"twitter-tweet\"><p lang=\"en\" dir=\"ltr\">Thanks to <a href=\"https:\/\/twitter.com\/pfragiskatos?ref_src=twsrc%5Etfw\">@pfragiskatos<\/a> for taking the time to meet with PAC Reps from <a href=\"https:\/\/twitter.com\/lstartweets?ref_src=twsrc%5Etfw\">@lstartweets<\/a> on Parliament Hill during <a href=\"https:\/\/twitter.com\/hashtag\/CREAPAC24?src=hash&amp;ref_src=twsrc%5Etfw\">#CREAPAC24<\/a> to discuss our REALTOR\u00ae Recommendations to address Canada\u2019s <a href=\"https:\/\/twitter.com\/hashtag\/HousingCrisis?src=hash&amp;ref_src=twsrc%5Etfw\">#HousingCrisis<\/a>. <a href=\"https:\/\/twitter.com\/hashtag\/cdnpoli?src=hash&amp;ref_src=twsrc%5Etfw\">#cdnpoli<\/a><br>&#8212;<br>Merci <a href=\"https:\/\/twitter.com\/pfragiskatos?ref_src=twsrc%5Etfw\">@pfragiskatos<\/a> d\u2019avoir pris le temps de rencontrer les\u2026 <a href=\"https:\/\/t.co\/DDSydOsT2K\">pic.twitter.com\/DDSydOsT2K<\/a><\/p>&mdash; CREA | ACI (@CREA_ACI) <a href=\"https:\/\/twitter.com\/CREA_ACI\/status\/1848750457176658245?ref_src=twsrc%5Etfw\">October 22, 2024<\/a><\/blockquote> <script async src=\"https:\/\/platform.twitter.com\/widgets.js\" charset=\"utf-8\"><\/script>\n<\/div>\n\n\n\n<div class=\"wp-block-column is-layout-flow wp-block-column-is-layout-flow\">\n<blockquote class=\"twitter-tweet\"><p lang=\"fr\" dir=\"ltr\">Thank you <a href=\"https:\/\/twitter.com\/adamchamb?ref_src=twsrc%5Etfw\">@adamchamb<\/a> for meeting with REALTORS\u00ae from <a href=\"https:\/\/twitter.com\/TheLakelands?ref_src=twsrc%5Etfw\">@TheLakelands<\/a> to discuss housing affordability. <a href=\"https:\/\/twitter.com\/hashtag\/CREAPAC24?src=hash&amp;ref_src=twsrc%5Etfw\">#CREAPAC24<\/a> <a href=\"https:\/\/twitter.com\/hashtag\/cdnpoli?src=hash&amp;ref_src=twsrc%5Etfw\">#cdnpoli<\/a><br>&#8212;<br>Merci <a href=\"https:\/\/twitter.com\/adamchamb?ref_src=twsrc%5Etfw\">@adamchamb<\/a> d\u2019avoir rencontr\u00e9 des agents immobiliers de <a href=\"https:\/\/twitter.com\/TheLakelands?ref_src=twsrc%5Etfw\">@TheLakelands<\/a> pour discuter de l\u2019abordabilit\u00e9 du logement. <a href=\"https:\/\/twitter.com\/hashtag\/CAP24ACI?src=hash&amp;ref_src=twsrc%5Etfw\">#CAP24ACI<\/a> <a href=\"https:\/\/twitter.com\/hashtag\/polcan?src=hash&amp;ref_src=twsrc%5Etfw\">#polcan<\/a> <a href=\"https:\/\/t.co\/u4DPm5SNrj\">pic.twitter.com\/u4DPm5SNrj<\/a><\/p>&mdash; CREA | ACI (@CREA_ACI) <a href=\"https:\/\/twitter.com\/CREA_ACI\/status\/1848812349391520084?ref_src=twsrc%5Etfw\">October 22, 2024<\/a><\/blockquote> <script async src=\"https:\/\/platform.twitter.com\/widgets.js\" charset=\"utf-8\"><\/script>\n<\/div>\n<\/div>\n\n\n\n<p>We then heard from representatives from organizations from across the housing continuum who shared the voices they represent and inclusive solutions to the housing crisis. This was followed by the presentation to this year\u2019s PAC Award winners. Congratulations to both the Nova Scotia Association of REALTORS\u00ae and Windsor-Essex Country Association of REALTORS\u00ae, recipients of the Outstanding PAC Team Award (Large Board), and to the Guelph and District Association of REALTORS\u00ae (now part of OnePoint Association of REALTORS\u00ae), winner of the Outstanding PAC Team Award (Small Board).<\/p>\n\n\n\n<blockquote class=\"twitter-tweet\"><p lang=\"en\" dir=\"ltr\">We\u2019re thrilled to announce our 2024 PAC award winners! Congratulations to both <a href=\"https:\/\/twitter.com\/nsarREALTORS?ref_src=twsrc%5Etfw\">@nsarREALTORS<\/a> and <a href=\"https:\/\/twitter.com\/wecrealtors?ref_src=twsrc%5Etfw\">@wecrealtors<\/a> for receiving the Outstanding PAC Team Award (Large Board), and to <a href=\"https:\/\/twitter.com\/_GDAR_?ref_src=twsrc%5Etfw\">@_GDAR_<\/a> for winning the Outstanding PAC Team Award (Small Board). Finally, a huge shoutout to all\u2026 <a href=\"https:\/\/t.co\/1YJmLKTIPA\">pic.twitter.com\/1YJmLKTIPA<\/a><\/p>&mdash; CREA | ACI (@CREA_ACI) <a href=\"https:\/\/twitter.com\/CREA_ACI\/status\/1848389583018266703?ref_src=twsrc%5Etfw\">October 21, 2024<\/a><\/blockquote> <script async src=\"https:\/\/platform.twitter.com\/widgets.js\" charset=\"utf-8\"><\/script>\n\n\n\n<p>L\u2019honorable Sean\u00a0Fraser, ministre du Logement, de l\u2019Infrastructure et des Collectivit\u00e9s, a pris la parole au cours des Journ\u00e9es du CAP pour informer les d\u00e9l\u00e9gu\u00e9s au sujet du travail du gouvernement pour rem\u00e9dier \u00e0 la crise du logement au Canada. Nous avons ensuite tourn\u00e9 notre regard vers nos voisins du sud, alors que le conf\u00e9rencier principal, Rick\u00a0Wilson, cofondateur de l\u2019initiative The Lincoln Project, a fait part de son expertise sur la politique am\u00e9ricaine et sur la fa\u00e7on dont le r\u00e9sultat des \u00e9lections am\u00e9ricaines de 2024 pourrait influencer le Canada.<\/p>\n\n\n\n<blockquote class=\"twitter-tweet\"><p lang=\"fr\" dir=\"ltr\"><a href=\"https:\/\/twitter.com\/SeanFraserMP?ref_src=twsrc%5Etfw\">@SeanFraserMP<\/a>, ministre du Logement, de l\u2019Infrastructure et des Collectivit\u00e9s, s\u2019adresse aux repr\u00e9sentants du CAP sur les objectifs de son parti pour r\u00e9soudre la <a href=\"https:\/\/twitter.com\/hashtag\/CriseDuLogement?src=hash&amp;ref_src=twsrc%5Etfw\">#CriseDuLogement<\/a>. <a href=\"https:\/\/twitter.com\/hashtag\/CAP24ACI?src=hash&amp;ref_src=twsrc%5Etfw\">#CAP24ACI<\/a>. <a href=\"https:\/\/twitter.com\/hashtag\/polcan?src=hash&amp;ref_src=twsrc%5Etfw\">#polcan<\/a> <a href=\"https:\/\/t.co\/oT3m6Xrk6V\">pic.twitter.com\/oT3m6Xrk6V<\/a><\/p>&mdash; CREA | ACI (@CREA_ACI) <a href=\"https:\/\/twitter.com\/CREA_ACI\/status\/1848411201924935887?ref_src=twsrc%5Etfw\">October 21, 2024<\/a><\/blockquote> <script async src=\"https:\/\/platform.twitter.com\/widgets.js\" charset=\"utf-8\"><\/script>\n\n\n\n<blockquote class=\"twitter-tweet\"><p lang=\"fr\" dir=\"ltr\">\u00c0 moins d\u2019un mois de l\u2019\u00e9lection pr\u00e9sidentielle am\u00e9ricaine de 2024, il a \u00e9t\u00e9 fascinant d\u2019entendre les r\u00e9flexions d\u2019un initi\u00e9. Merci \u00e0 <a href=\"https:\/\/twitter.com\/TheRickWilson?ref_src=twsrc%5Etfw\">@TheRickWilson<\/a>, cofondateur de l\u2019initiative <a href=\"https:\/\/twitter.com\/ProjectLincoln?ref_src=twsrc%5Etfw\">@ProjectLincoln<\/a>, de nous avoir donn\u00e9 un aper\u00e7u des r\u00e9percussions possibles de l\u2019\u00e9lection sur la\u2026 <a href=\"https:\/\/t.co\/ITHZCtT4Fr\">pic.twitter.com\/ITHZCtT4Fr<\/a><\/p>&mdash; CREA | ACI (@CREA_ACI) <a href=\"https:\/\/twitter.com\/CREA_ACI\/status\/1848429793999454373?ref_src=twsrc%5Etfw\">October 21, 2024<\/a><\/blockquote> <script async src=\"https:\/\/platform.twitter.com\/widgets.js\" charset=\"utf-8\"><\/script>\n\n\n\n<p>Shaun Majumder, humoriste canadien, laur\u00e9at d\u2019un prix Gemini, et \u00ab\u00a0Mowgli de l\u2019immobilier\u00a0\u00bb, a cl\u00f4tur\u00e9 la journ\u00e9e en racontant avec humour son parcours sem\u00e9 d\u2019emb\u00fbches, o\u00f9 il est pass\u00e9 de la mis\u00e8re \u00e0 la richesse, puis \u00e0 la mis\u00e8re.<\/p>\n\n\n\n<blockquote class=\"twitter-tweet\"><p lang=\"fr\" dir=\"ltr\">Ce ne serait pas les Journ\u00e9es du CAP sans un peu de divertissement! Merci \u00e0 <a href=\"https:\/\/twitter.com\/shaunmajumder?ref_src=twsrc%5Etfw\">@ShaunMajumder<\/a> de nous faire rire pour clore cette deuxi\u00e8me journ\u00e9e des Journ\u00e9es <a href=\"https:\/\/twitter.com\/hashtag\/CAP24ACI?src=hash&amp;ref_src=twsrc%5Etfw\">#CAP24ACI<\/a>. <a href=\"https:\/\/t.co\/jcCmtuLO6U\">pic.twitter.com\/jcCmtuLO6U<\/a><\/p>&mdash; CREA | ACI (@CREA_ACI) <a href=\"https:\/\/twitter.com\/CREA_ACI\/status\/1848457494324019599?ref_src=twsrc%5Etfw\">October 21, 2024<\/a><\/blockquote> <script async src=\"https:\/\/platform.twitter.com\/widgets.js\" charset=\"utf-8\"><\/script>\n\n\n\n<h2 class=\"wp-block-heading\"><strong>Faits saillants du jour&nbsp;3<\/strong><\/h2>\n\n\n\n<p>Durant la derni\u00e8re journ\u00e9e, nous avons accueilli des d\u00e9put\u00e9es de divers partis, qui nous ont pr\u00e9sent\u00e9 en toute franchise leur point de vue sur la d\u00e9gradation du discours civil en politique. Nous avons ensuite \u00e9cout\u00e9 des conf\u00e9renciers d\u2019organisations qui contribuent \u00e0 faire avancer l\u2019innovation dans le domaine du logement et de la construction. Cette pr\u00e9sentation a \u00e9t\u00e9 enrichie par une visite sur place de l\u2019entreprise Maisons usin\u00e9es C\u00f4t\u00e9, \u00e0 Chelsea, au Qu\u00e9bec, o\u00f9 les d\u00e9l\u00e9gu\u00e9s ont pu constater par eux-m\u00eames comment la construction hors site peut se faire au Canada.<\/p>\n\n\n\n<figure class=\"wp-block-gallery has-nested-images columns-2 is-cropped wp-block-gallery-1 is-layout-flex wp-block-gallery-is-layout-flex\">\n<figure class=\"wp-block-image\"><img loading=\"lazy\" decoding=\"async\" width=\"792\" height=\"528\" data-id=\"47836\" src=\"https:\/\/archive.cafe.crea.ca\/wp-content\/uploads\/2024\/10\/2024_10_22_CREAPACDAYS-168-1.jpg\" alt=\"\" class=\"wp-image-47836\" srcset=\"https:\/\/archive.cafe.crea.ca\/wp-content\/uploads\/2024\/10\/2024_10_22_CREAPACDAYS-168-1.jpg 792w, https:\/\/archive.cafe.crea.ca\/wp-content\/uploads\/2024\/10\/2024_10_22_CREAPACDAYS-168-1-768x512.jpg 768w\" sizes=\"(max-width: 792px) 100vw, 792px\" \/><\/figure>\n\n\n\n<figure class=\"wp-block-image\"><img loading=\"lazy\" decoding=\"async\" width=\"792\" height=\"528\" data-id=\"47832\" src=\"https:\/\/archive.cafe.crea.ca\/wp-content\/uploads\/2024\/10\/2024_10_22_CREAPACDAYS-311-1.jpg\" alt=\"\" class=\"wp-image-47832\" srcset=\"https:\/\/archive.cafe.crea.ca\/wp-content\/uploads\/2024\/10\/2024_10_22_CREAPACDAYS-311-1.jpg 792w, https:\/\/archive.cafe.crea.ca\/wp-content\/uploads\/2024\/10\/2024_10_22_CREAPACDAYS-311-1-768x512.jpg 768w\" sizes=\"(max-width: 792px) 100vw, 792px\" \/><\/figure>\n\n\n\n<figure class=\"wp-block-image\"><img loading=\"lazy\" decoding=\"async\" width=\"792\" height=\"528\" data-id=\"47830\" src=\"https:\/\/archive.cafe.crea.ca\/wp-content\/uploads\/2024\/10\/2024_10_22_CREAPACDAYS-423-1.jpg\" alt=\"\" class=\"wp-image-47830\" srcset=\"https:\/\/archive.cafe.crea.ca\/wp-content\/uploads\/2024\/10\/2024_10_22_CREAPACDAYS-423-1.jpg 792w, https:\/\/archive.cafe.crea.ca\/wp-content\/uploads\/2024\/10\/2024_10_22_CREAPACDAYS-423-1-768x512.jpg 768w\" sizes=\"(max-width: 792px) 100vw, 792px\" \/><\/figure>\n\n\n\n<figure class=\"wp-block-image\"><img loading=\"lazy\" decoding=\"async\" width=\"792\" height=\"528\" data-id=\"47834\" src=\"https:\/\/archive.cafe.crea.ca\/wp-content\/uploads\/2024\/10\/2024_10_22_CREAPACDAYS-229-1.jpg\" alt=\"\" class=\"wp-image-47834\" srcset=\"https:\/\/archive.cafe.crea.ca\/wp-content\/uploads\/2024\/10\/2024_10_22_CREAPACDAYS-229-1.jpg 792w, https:\/\/archive.cafe.crea.ca\/wp-content\/uploads\/2024\/10\/2024_10_22_CREAPACDAYS-229-1-768x512.jpg 768w\" sizes=\"(max-width: 792px) 100vw, 792px\" \/><\/figure>\n<\/figure>\n\n\n\n<p>Si vous souhaitez devenir repr\u00e9sentant du CAP et vous joindre \u00e0 nous \u00e0 Ottawa l\u2019an prochain (pour la 40<sup>e<\/sup>\u00a0\u00e9dition du congr\u00e8s!), communiquez avec votre chambre ou association locale. Pour rester au courant des affaires f\u00e9d\u00e9rales, consultez le <a href=\"https:\/\/www.realtoractionnetwork.com\/?culture=fr-CA\" target=\"_blank\" rel=\"noopener\" title=\"\">R\u00e9seau d\u2019action immobilier<\/a>.<\/p>\n","protected":false},"excerpt":{"rendered":"<p>Depuis 39\u00a0ans, les courtiers et agents immobiliers de tout le Canada se rassemblent chaque ann\u00e9e sur la Colline du Parlement \u00e0 Ottawa pour rencontrer les d\u00e9put\u00e9s, lors des Journ\u00e9es du Comit\u00e9 d\u2019action politique (CAP) de L\u2019Association canadienne de l\u2019immobilier (ACI).<\/p>\n","protected":false},"author":134,"featured_media":47838,"comment_status":"open","ping_status":"open","sticky":false,"template":"","format":"standard","meta":{"footnotes":""},"categories":[2369],"tags":[2379,2380],"coauthors":[2397],"class_list":["post-47848","post","type-post","status-publish","format-standard","has-post-thumbnail","hentry","category-defense-des-interets","tag-featured-fr","tag-featured-fr-2"],"aioseo_notices":[],"_links":{"self":[{"href":"https:\/\/archive.cafe.crea.ca\/fr\/wp-json\/wp\/v2\/posts\/47848"}],"collection":[{"href":"https:\/\/archive.cafe.crea.ca\/fr\/wp-json\/wp\/v2\/posts"}],"about":[{"href":"https:\/\/archive.cafe.crea.ca\/fr\/wp-json\/wp\/v2\/types\/post"}],"author":[{"embeddable":true,"href":"https:\/\/archive.cafe.crea.ca\/fr\/wp-json\/wp\/v2\/users\/134"}],"replies":[{"embeddable":true,"href":"https:\/\/archive.cafe.crea.ca\/fr\/wp-json\/wp\/v2\/comments?post=47848"}],"version-history":[{"count":2,"href":"https:\/\/archive.cafe.crea.ca\/fr\/wp-json\/wp\/v2\/posts\/47848\/revisions"}],"predecessor-version":[{"id":47858,"href":"https:\/\/archive.cafe.crea.ca\/fr\/wp-json\/wp\/v2\/posts\/47848\/revisions\/47858"}],"wp:featuredmedia":[{"embeddable":true,"href":"https:\/\/archive.cafe.crea.ca\/fr\/wp-json\/wp\/v2\/media\/47838"}],"wp:attachment":[{"href":"https:\/\/archive.cafe.crea.ca\/fr\/wp-json\/wp\/v2\/media?parent=47848"}],"wp:term":[{"taxonomy":"category","embeddable":true,"href":"https:\/\/archive.cafe.crea.ca\/fr\/wp-json\/wp\/v2\/categories?post=47848"},{"taxonomy":"post_tag","embeddable":true,"href":"https:\/\/archive.cafe.crea.ca\/fr\/wp-json\/wp\/v2\/tags?post=47848"},{"taxonomy":"author","embeddable":true,"href":"https:\/\/archive.cafe.crea.ca\/fr\/wp-json\/wp\/v2\/coauthors?post=47848"}],"curies":[{"name":"wp","href":"https:\/\/api.w.org\/{rel}","templated":true}]}}