{"id":47748,"date":"2024-10-17T09:06:02","date_gmt":"2024-10-17T13:06:02","guid":{"rendered":"https:\/\/archive.cafe.crea.ca\/?p=47748"},"modified":"2024-10-17T09:06:04","modified_gmt":"2024-10-17T13:06:04","slug":"laci-prevoit-une-hausse-des-ventes-residentielles-de-66-au-pays-en-2025","status":"publish","type":"post","link":"https:\/\/archive.cafe.crea.ca\/fr\/laci-prevoit-une-hausse-des-ventes-residentielles-de-66-au-pays-en-2025\/","title":{"rendered":"L\u2019ACI pr\u00e9voit une hausse des ventes r\u00e9sidentielles de 6,6\u00a0% au pays en 2025"},"content":{"rendered":"\n<p>Le rythme pr\u00e9vu des baisses de taux d\u2019int\u00e9r\u00eat a chang\u00e9 radicalement depuis la derni\u00e8re publication des pr\u00e9visions de L\u2019Association canadienne de l\u2019immobilier des ventes r\u00e9sidentielles et du prix moyen des propri\u00e9t\u00e9s enregistr\u00e9s dans les syst\u00e8mes MLS\u00ae des chambres et associations immobili\u00e8res canadiennes pour 2024 et 2025.<\/p>\n\n\n\n<p>Les march\u00e9s s\u2019attendent d\u00e9sormais \u00e0 ce que la Banque du Canada revienne \u00e0 un taux \u00ab&nbsp;neutre&nbsp;\u00bb d\u2019ici le printemps ou l\u2019\u00e9t\u00e9 prochain, contrairement \u00e0 la trajectoire pluriannuelle pr\u00e9vue en juillet dernier.<\/p>\n\n\n\n<figure class=\"wp-block-image size-full\"><img loading=\"lazy\" decoding=\"async\" width=\"792\" height=\"585\" src=\"https:\/\/archive.cafe.crea.ca\/wp-content\/uploads\/2024\/10\/oct2024_chart_01_FR.jpg\" alt=\"\" class=\"wp-image-47734\" srcset=\"https:\/\/archive.cafe.crea.ca\/wp-content\/uploads\/2024\/10\/oct2024_chart_01_FR.jpg 792w, https:\/\/archive.cafe.crea.ca\/wp-content\/uploads\/2024\/10\/oct2024_chart_01_FR-768x567.jpg 768w, https:\/\/archive.cafe.crea.ca\/wp-content\/uploads\/2024\/10\/oct2024_chart_01_FR-773x571.jpg 773w\" sizes=\"(max-width: 792px) 100vw, 792px\" \/><\/figure>\n\n\n\n<figure class=\"wp-block-image size-full\"><img loading=\"lazy\" decoding=\"async\" width=\"792\" height=\"578\" src=\"https:\/\/archive.cafe.crea.ca\/wp-content\/uploads\/2024\/10\/oct2024_chart_02_FR.jpg\" alt=\"\" class=\"wp-image-47732\" srcset=\"https:\/\/archive.cafe.crea.ca\/wp-content\/uploads\/2024\/10\/oct2024_chart_02_FR.jpg 792w, https:\/\/archive.cafe.crea.ca\/wp-content\/uploads\/2024\/10\/oct2024_chart_02_FR-768x560.jpg 768w, https:\/\/archive.cafe.crea.ca\/wp-content\/uploads\/2024\/10\/oct2024_chart_02_FR-782x571.jpg 782w\" sizes=\"(max-width: 792px) 100vw, 792px\" \/><\/figure>\n\n\n\n<p>Les pr\u00e9visions pr\u00e9c\u00e9dentes de l\u2019ACI envisageaient un retour progressif des acheteurs sur le march\u00e9 \u00e0 partir des premi\u00e8res baisses de taux d\u2019int\u00e9r\u00eat cet \u00e9t\u00e9, mais le march\u00e9 n\u2019a pas beaucoup boug\u00e9. Il est possible que le type d\u2019acheteur qui, jusqu\u2019\u00e0 r\u00e9cemment, entrait sur le march\u00e9 avec un pr\u00eat hypoth\u00e9caire \u00e0 taux fixe de trois&nbsp;ans, ait d\u00e9cid\u00e9 d\u2019attendre de meilleurs taux qui semblent maintenant imminents.<\/p>\n\n\n\n<p>Ainsi, le profil des ventes a chang\u00e9, passant d\u2019une am\u00e9lioration graduelle \u00e0 un march\u00e9 qui devrait plut\u00f4t se maintenir jusqu\u2019au printemps prochain, date \u00e0 laquelle un rebond plus marqu\u00e9 est attendu. Il en r\u00e9sulte une l\u00e9g\u00e8re r\u00e9vision \u00e0 la baisse des ventes cette ann\u00e9e et l\u2019ann\u00e9e prochaine, mais avec la possibilit\u00e9 d\u2019une remont\u00e9e beaucoup plus forte \u00e0 partir du deuxi\u00e8me&nbsp;trimestre de&nbsp;2025.<\/p>\n\n\n\n<p>Il est pr\u00e9vu qu\u2019environ 468&nbsp;900&nbsp;propri\u00e9t\u00e9s r\u00e9sidentielles changeront de mains par l\u2019entremise des syst\u00e8mes MLS\u00ae canadiens en&nbsp;2024, soit une hausse de 5,2&nbsp;% par rapport \u00e0&nbsp;2023.<\/p>\n\n\n\n<p>Le prix moyen national d\u2019une propri\u00e9t\u00e9 devrait augmenter de 0,9&nbsp;% sur une base annuelle, pour atteindre 683&nbsp;200&nbsp;$ en&nbsp;2024, et de 4,4&nbsp;% en&nbsp;2025, pour atteindre 713&nbsp;375&nbsp;$.<\/p>\n\n\n\n<p>En 2025, les ventes r\u00e9sidentielles nationales devraient augmenter encore de 6,6&nbsp;%, pour atteindre 499&nbsp;800&nbsp;unit\u00e9s \u00e0 mesure que les taux d\u2019int\u00e9r\u00eat continuent de diminuer et que la demande continue d\u2019augmenter.<\/p>\n\n\n\n<p>La prochaine annonce de la Banque du Canada concernant le taux d\u2019int\u00e9r\u00eat aura lieu le mercredi\u00a023\u00a0octobre\u00a02024.<\/p>\n\n\n\n<figure class=\"wp-block-image size-full\"><img loading=\"lazy\" decoding=\"async\" width=\"792\" height=\"423\" src=\"https:\/\/archive.cafe.crea.ca\/wp-content\/uploads\/2024\/10\/oct2024_table_01_FR.jpg\" alt=\"\" class=\"wp-image-47730\" srcset=\"https:\/\/archive.cafe.crea.ca\/wp-content\/uploads\/2024\/10\/oct2024_table_01_FR.jpg 792w, https:\/\/archive.cafe.crea.ca\/wp-content\/uploads\/2024\/10\/oct2024_table_01_FR-768x410.jpg 768w\" sizes=\"(max-width: 792px) 100vw, 792px\" \/><\/figure>\n\n\n\n<figure class=\"wp-block-image size-full\"><img loading=\"lazy\" decoding=\"async\" width=\"792\" height=\"426\" src=\"https:\/\/archive.cafe.crea.ca\/wp-content\/uploads\/2024\/10\/oct2024_table_02_FR.jpg\" alt=\"\" class=\"wp-image-47728\" srcset=\"https:\/\/archive.cafe.crea.ca\/wp-content\/uploads\/2024\/10\/oct2024_table_02_FR.jpg 792w, https:\/\/archive.cafe.crea.ca\/wp-content\/uploads\/2024\/10\/oct2024_table_02_FR-768x413.jpg 768w\" sizes=\"(max-width: 792px) 100vw, 792px\" \/><\/figure>\n\n\n\n<p class=\"has-background\" style=\"background-color:#f2f2f2\">Chaque trimestre, l\u2019ACI analyse les donn\u00e9es des syst\u00e8mes MLS\u00ae des chambres et associations immobili\u00e8res canadiennes et met \u00e0 jour ses pr\u00e9visions sur les ventes r\u00e9sidentielles et le prix moyen des propri\u00e9t\u00e9s. L\u2019ACI publiera ses prochaines pr\u00e9visions le mercredi\u00a015\u00a0janvier\u00a02025. Pour obtenir d\u2019autres donn\u00e9es sur le march\u00e9 de l\u2019habitation, visitez le Centre de statistiques de l\u2019ACI o\u00f9 les rapports y sont mis \u00e0 jour r\u00e9guli\u00e8rement.<\/p>\n\n\n\n<p><\/p>\n","protected":false},"excerpt":{"rendered":"<p>Les march\u00e9s s\u2019attendent d\u00e9sormais \u00e0 ce que la Banque du Canada revienne \u00e0 un taux \u00ab\u00a0neutre\u00a0\u00bb d\u2019ici le printemps ou l\u2019\u00e9t\u00e9 prochain, contrairement \u00e0 la trajectoire pluriannuelle pr\u00e9vue en juillet dernier.<\/p>\n","protected":false},"author":130,"featured_media":47746,"comment_status":"open","ping_status":"open","sticky":false,"template":"","format":"standard","meta":{"footnotes":""},"categories":[2367],"tags":[2380],"coauthors":[2388],"class_list":["post-47748","post","type-post","status-publish","format-standard","has-post-thumbnail","hentry","category-statistiques","tag-featured-fr-2"],"aioseo_notices":[],"_links":{"self":[{"href":"https:\/\/archive.cafe.crea.ca\/fr\/wp-json\/wp\/v2\/posts\/47748"}],"collection":[{"href":"https:\/\/archive.cafe.crea.ca\/fr\/wp-json\/wp\/v2\/posts"}],"about":[{"href":"https:\/\/archive.cafe.crea.ca\/fr\/wp-json\/wp\/v2\/types\/post"}],"author":[{"embeddable":true,"href":"https:\/\/archive.cafe.crea.ca\/fr\/wp-json\/wp\/v2\/users\/130"}],"replies":[{"embeddable":true,"href":"https:\/\/archive.cafe.crea.ca\/fr\/wp-json\/wp\/v2\/comments?post=47748"}],"version-history":[{"count":2,"href":"https:\/\/archive.cafe.crea.ca\/fr\/wp-json\/wp\/v2\/posts\/47748\/revisions"}],"predecessor-version":[{"id":47761,"href":"https:\/\/archive.cafe.crea.ca\/fr\/wp-json\/wp\/v2\/posts\/47748\/revisions\/47761"}],"wp:featuredmedia":[{"embeddable":true,"href":"https:\/\/archive.cafe.crea.ca\/fr\/wp-json\/wp\/v2\/media\/47746"}],"wp:attachment":[{"href":"https:\/\/archive.cafe.crea.ca\/fr\/wp-json\/wp\/v2\/media?parent=47748"}],"wp:term":[{"taxonomy":"category","embeddable":true,"href":"https:\/\/archive.cafe.crea.ca\/fr\/wp-json\/wp\/v2\/categories?post=47748"},{"taxonomy":"post_tag","embeddable":true,"href":"https:\/\/archive.cafe.crea.ca\/fr\/wp-json\/wp\/v2\/tags?post=47748"},{"taxonomy":"author","embeddable":true,"href":"https:\/\/archive.cafe.crea.ca\/fr\/wp-json\/wp\/v2\/coauthors?post=47748"}],"curies":[{"name":"wp","href":"https:\/\/api.w.org\/{rel}","templated":true}]}}