{"id":47429,"date":"2024-09-04T14:53:32","date_gmt":"2024-09-04T18:53:32","guid":{"rendered":"https:\/\/archive.cafe.crea.ca\/?p=47429"},"modified":"2024-09-04T14:53:35","modified_gmt":"2024-09-04T18:53:35","slug":"la-banque-du-canada-annonce-une-troisieme-baisse-consecutive-de-son-taux-directeur","status":"publish","type":"post","link":"https:\/\/archive.cafe.crea.ca\/fr\/la-banque-du-canada-annonce-une-troisieme-baisse-consecutive-de-son-taux-directeur\/","title":{"rendered":"La Banque du Canada annonce une troisi\u00e8me\u00a0baisse cons\u00e9cutive de son taux directeur"},"content":{"rendered":"\n<p>La Banque du Canada a indiqu\u00e9 qu\u2019elle abaissait de nouveau son taux cible du financement \u00e0 un jour de 4,5\u00a0% \u00e0 4,25\u00a0%. Cette d\u00e9cision, annonc\u00e9e le mercredi\u00a04\u00a0septembre, \u00e9tait largement attendue par les march\u00e9s financiers et a marqu\u00e9 la troisi\u00e8me\u00a0r\u00e9duction du taux par la Banque depuis le d\u00e9but de la pand\u00e9mie.<\/p>\n\n\n\n<blockquote class=\"twitter-tweet\"><p lang=\"fr\" dir=\"ltr\">Nous avons baiss\u00e9 notre taux directeur \u00e0 4,25 %.<br><br>En savoir plus: <a href=\"https:\/\/t.co\/MQdk2ihx6P\">https:\/\/t.co\/MQdk2ihx6P<\/a><a href=\"https:\/\/twitter.com\/hashtag\/%C3%A9conomie?src=hash&amp;ref_src=twsrc%5Etfw\">#\u00e9conomie<\/a> <a href=\"https:\/\/twitter.com\/hashtag\/%C3%A9concan?src=hash&amp;ref_src=twsrc%5Etfw\">#\u00e9concan<\/a> <a href=\"https:\/\/t.co\/iAIFZ5FspD\">pic.twitter.com\/iAIFZ5FspD<\/a><\/p>&mdash; Banque du Canada (@banqueducanada) <a href=\"https:\/\/twitter.com\/banqueducanada\/status\/1831346653183320183?ref_src=twsrc%5Etfw\">September 4, 2024<\/a><\/blockquote> <script async src=\"https:\/\/platform.twitter.com\/widgets.js\" charset=\"utf-8\"><\/script>\n\n\n\n<p>La Banque a indiqu\u00e9 que l\u2019\u00e9conomie du Canada a progress\u00e9 au cours du deuxi\u00e8me\u00a0trimestre de\u00a02024, bien que les certains indicateurs annoncent un ralentissement de l\u2019activit\u00e9 \u00e9conomique. La banque a \u00e9galement not\u00e9 que le march\u00e9 du travail continue de ralentir.<\/p>\n\n\n\n<p>La Banque du Canada continue de mettre l\u2019accent sur les co\u00fbts \u00e9lev\u00e9s li\u00e9s au logement comme facteur contribuant de fa\u00e7on consid\u00e9rable \u00e0 l\u2019inflation; cependant, elle a \u00e9galement fait remarquer que les mesures de l\u2019inflation globale et de l\u2019inflation fondamentale sont plus mod\u00e9r\u00e9es et avoisinent leurs normes historiques.<\/p>\n\n\n\n<p>Bien que l\u2019offre exc\u00e9dentaire r\u00e9duise l\u2019inflation, la Banque continue de suivre les co\u00fbts li\u00e9s au logement et aux services qui nuisent \u00e0 la baisse de l\u2019inflation. La Banque pr\u00e9cise que les futures d\u00e9cisions de politique mon\u00e9taire \u00ab\u00a0seront guid\u00e9es par les nouvelles informations\u00a0\u00bb et par son \u00e9valuation de la n\u00e9cessit\u00e9 de nouvelles baisses pour maintenir l\u2019inflation sous contr\u00f4le.<\/p>\n\n\n\n<p>La prochaine annonce de la Banque du Canada concernant le taux d\u2019int\u00e9r\u00eat aura lieu le mercredi\u00a023\u00a0octobre\u00a02024. Elle publiera de plus ses perspectives compl\u00e8tes de l\u2019\u00e9conomie et de l\u2019inflation dans son <a href=\"https:\/\/www.banqueducanada.ca\/publication\/rpm\/?theme_mode=light&amp;_gl=1*5rfqrq*_ga*NDA3OTY3MjM5LjE3MjQ4NTg4ODI.*_ga_D0WRRH3RZH*MTcyNTQ3MDQwOC4zLjAuMTcyNTQ3MDQwOC42MC4wLjA.\" target=\"_blank\" rel=\"noopener\" title=\"\"><em>Rapport sur la politique mon\u00e9taire<\/em><\/a>.<\/p>\n\n\n\n<p class=\"has-background\" style=\"background-color:#f2f2f2\">Vous cherchez des renseignements sur les taux d\u2019int\u00e9r\u00eat \u00e0 transmettre \u00e0 vos clients? Vous trouverez un <a href=\"https:\/\/www.realtor.ca\/blog\/3-interest-rate-cuts-in-a-row-how-your-realtor-is-there-to-help\/36702\/1362\" title=\"\">article<\/a> (en anglais seulement) au Salon de REALTOR.ca expliquant aux acheteurs potentiels ce qu\u2019ils devraient faire s\u2019ils ach\u00e8tent une propri\u00e9t\u00e9 dans le march\u00e9 actuel, et pourquoi il est important d\u2019avoir recours \u00e0 l\u2019expertise d\u2019un courtier ou agent immobilier.<\/p>\n","protected":false},"excerpt":{"rendered":"<p>La Banque du Canada a indiqu\u00e9 qu\u2019elle abaissait de nouveau son taux cible du financement \u00e0 un jour de 4,5\u00a0% \u00e0 4,25\u00a0%.<\/p>\n","protected":false},"author":130,"featured_media":47425,"comment_status":"open","ping_status":"open","sticky":false,"template":"","format":"standard","meta":{"footnotes":""},"categories":[2367],"tags":[2380],"coauthors":[2388],"class_list":["post-47429","post","type-post","status-publish","format-standard","has-post-thumbnail","hentry","category-statistiques","tag-featured-fr-2"],"aioseo_notices":[],"_links":{"self":[{"href":"https:\/\/archive.cafe.crea.ca\/fr\/wp-json\/wp\/v2\/posts\/47429"}],"collection":[{"href":"https:\/\/archive.cafe.crea.ca\/fr\/wp-json\/wp\/v2\/posts"}],"about":[{"href":"https:\/\/archive.cafe.crea.ca\/fr\/wp-json\/wp\/v2\/types\/post"}],"author":[{"embeddable":true,"href":"https:\/\/archive.cafe.crea.ca\/fr\/wp-json\/wp\/v2\/users\/130"}],"replies":[{"embeddable":true,"href":"https:\/\/archive.cafe.crea.ca\/fr\/wp-json\/wp\/v2\/comments?post=47429"}],"version-history":[{"count":1,"href":"https:\/\/archive.cafe.crea.ca\/fr\/wp-json\/wp\/v2\/posts\/47429\/revisions"}],"predecessor-version":[{"id":47431,"href":"https:\/\/archive.cafe.crea.ca\/fr\/wp-json\/wp\/v2\/posts\/47429\/revisions\/47431"}],"wp:featuredmedia":[{"embeddable":true,"href":"https:\/\/archive.cafe.crea.ca\/fr\/wp-json\/wp\/v2\/media\/47425"}],"wp:attachment":[{"href":"https:\/\/archive.cafe.crea.ca\/fr\/wp-json\/wp\/v2\/media?parent=47429"}],"wp:term":[{"taxonomy":"category","embeddable":true,"href":"https:\/\/archive.cafe.crea.ca\/fr\/wp-json\/wp\/v2\/categories?post=47429"},{"taxonomy":"post_tag","embeddable":true,"href":"https:\/\/archive.cafe.crea.ca\/fr\/wp-json\/wp\/v2\/tags?post=47429"},{"taxonomy":"author","embeddable":true,"href":"https:\/\/archive.cafe.crea.ca\/fr\/wp-json\/wp\/v2\/coauthors?post=47429"}],"curies":[{"name":"wp","href":"https:\/\/api.w.org\/{rel}","templated":true}]}}