{"id":47176,"date":"2024-08-13T13:25:45","date_gmt":"2024-08-13T17:25:45","guid":{"rendered":"https:\/\/archive.cafe.crea.ca\/?p=47176"},"modified":"2024-08-14T10:05:34","modified_gmt":"2024-08-14T14:05:34","slug":"bilan-de-la-session-parlementaire-victoires-des-membres-de-laci-en-matiere-de-defense-des-interets","status":"publish","type":"post","link":"https:\/\/archive.cafe.crea.ca\/fr\/bilan-de-la-session-parlementaire-victoires-des-membres-de-laci-en-matiere-de-defense-des-interets\/","title":{"rendered":"Bilan de la session parlementaire\u00a0: victoires des membres de l\u2019ACI en mati\u00e8re de d\u00e9fense des int\u00e9r\u00eats"},"content":{"rendered":"\n<p>En juin, la Chambre des communes et le S\u00e9nat ont conclu leur session parlementaire de l\u2019hiver et du printemps&nbsp;2024, et les d\u00e9put\u00e9s ont repris le travail dans leur circonscription jusqu\u2019\u00e0 leur retour \u00e0 la Chambre en septembre. L\u2019abordabilit\u00e9 et l\u2019accessibilit\u00e9 du logement ont de nouveau occup\u00e9 une place centrale durant la session qui s\u2019est termin\u00e9e. Notre \u00e9quipe de d\u00e9fense des int\u00e9r\u00eats n\u2019a m\u00e9nag\u00e9 aucun effort, remportant plusieurs victoires pour les courtiers et agents immobiliers et leurs clients \u00e0 l\u2019\u00e9chelle du continuum du logement.<\/p>\n\n\n\n<p>Les membres de l\u2019ACI, y compris les repr\u00e9sentants du Comit\u00e9 d\u2019action politique (CAP), ont travaill\u00e9 fort aux c\u00f4t\u00e9s de partenaires du continuum du logement \u00e0 fa\u00e7onner la politique sur le logement du gouvernement f\u00e9d\u00e9ral. Ces efforts collectifs ont port\u00e9 leurs fruits&nbsp;: diverses recommandations des membres de l\u2019ACI ont \u00e9t\u00e9 reprises dans le <em><a href=\"https:\/\/www.pm.gc.ca\/fr\/nouvelles\/communiques\/2024\/04\/02\/nous-favorisons-la-croissance-des-communautes-et-batissonsplus-de\" target=\"_blank\" rel=\"noopener\" title=\"\">Plan du Canada sur le logement et le budget de 2024<\/a><\/em>. Voici les faits saillants de l\u2019ann\u00e9e jusqu\u2019\u00e0 pr\u00e9sent.<\/p>\n\n\n\n<div class=\"wp-block-aioseo-table-of-contents\"><ul><li><a href=\"#aioseo-construction-de-linfrastructure-necessaire-pour-appuyer-les-collectivites-en-croissance\">Construction de l&#x2019;infrastructure n&#xE9;cessaire pour appuyer les collectivit&#xE9;s en croissance<\/a><\/li><li><a href=\"#aioseo-accroitre-le-parc-de-logements-locatifs-et-dappartements\">Accro&#xEE;tre le parc de logements locatifs et d&#x2019;appartements<\/a><\/li><li><a href=\"#aioseo-prolongation-de-la-periode-damortissement-des-prets-hypothecaires-pour-les-acheteurs-dune-premiere-propriete-qui-acquierent-une-habitation-neuve\">Prolongation de la p&#xE9;riode d&#x2019;amortissement des pr&#xEA;ts hypoth&#xE9;caires pour les acheteurs d&#x2019;une premi&#xE8;re propri&#xE9;t&#xE9; qui acqui&#xE8;rent une habitation neuve<\/a><\/li><li><a href=\"#aioseo-augmentation-de-la-limite-de-retrait-du-regime-daccession-a-la-propriete\">Augmentation de la limite de retrait du R&#xE9;gime d&#x2019;accession &#xE0; la propri&#xE9;t&#xE9;<\/a><\/li><li><a href=\"#aioseo-investissements-dans-les-habitations-prefabriquees-et-modulaires\">Investissements dans les habitations pr&#xE9;fabriqu&#xE9;es et modulaires<\/a><\/li><\/ul><\/div>\n\n\n\n<h2 class=\"wp-block-heading\" id=\"aioseo-construction-de-linfrastructure-necessaire-pour-appuyer-les-collectivites-en-croissance\"><strong>Construction de l\u2019infrastructure n\u00e9cessaire pour appuyer les collectivit\u00e9s en croissance<\/strong><\/h2>\n\n\n\n<p>En 2021, l\u2019une des principales recommandations de l\u2019ACI dans sa proposition pr\u00e9sent\u00e9e en pr\u00e9vision du budget f\u00e9d\u00e9ral de 2022 \u00e9tait l\u2019ajout de clauses relatives au logement dans les ententes bilat\u00e9rales en mati\u00e8re d\u2019infrastructure entre Logement, Infrastructures et Collectivit\u00e9s Canada (anciennement Infrastructure Canada) et les partenaires provinciaux et territoriaux.<\/p>\n\n\n\n<p>Cette recommandation a \u00e9t\u00e9 appliqu\u00e9e dans le Plan du Canada sur le logement et le budget de 2024, par l\u2019interm\u00e9diaire de mesures dont les suivantes&nbsp;:<\/p>\n\n\n\n<ul class=\"wp-block-list\">\n<li>Investissement de 400&nbsp;millions de dollars suppl\u00e9mentaires dans le Fonds pour acc\u00e9l\u00e9rer la construction de logements, qui fournit un financement incitatif aux administrations locales.<\/li>\n\n\n\n<li>Lancement du <a href=\"https:\/\/www.pm.gc.ca\/fr\/nouvelles\/communiques\/2024\/04\/02\/nous-favorisons-la-croissance-des-communautes-et-batissonsplus-de\" target=\"_blank\" rel=\"noopener\" title=\"\">Fonds canadien pour les infrastructures li\u00e9es au logement<\/a>, dot\u00e9 d\u2019une enveloppe de 6&nbsp;milliards de dollars, qui vise \u00e0 acc\u00e9l\u00e9rer la construction et la mise \u00e0 niveau des infrastructures essentielles au logement.<\/li>\n<\/ul>\n\n\n\n<p>Il a par ailleurs \u00e9t\u00e9 annonc\u00e9 que pour avoir acc\u00e8s au financement f\u00e9d\u00e9ral pour les transports en commun, les municipalit\u00e9s devront respecter des exigences, dont d\u00e9bloquer l\u2019offre de logements \u00e0 haute densit\u00e9 pr\u00e8s des lignes de transport et des \u00e9tablissements d\u2019enseignement postsecondaire.<\/p>\n\n\n\n<p>En date de juillet&nbsp;2024, le gouvernement f\u00e9d\u00e9ral avait sign\u00e9 <a href=\"https:\/\/www.pm.gc.ca\/fr\/nouvelles\/communiques\/2024\/04\/02\/nous-favorisons-la-croissance-des-communautes-et-batissonsplus-de\" target=\"_blank\" rel=\"noopener\" title=\"\">179&nbsp;ententes<\/a> avec des municipalit\u00e9s \u00e0 l\u2019\u00e9chelle du Canada.<\/p>\n\n\n\n<h2 class=\"wp-block-heading\" id=\"aioseo-accroitre-le-parc-de-logements-locatifs-et-dappartements\"><strong>Accro\u00eetre le parc de logements locatifs et d\u2019appartements<\/strong><\/h2>\n\n\n\n<p>Pendant les Journ\u00e9es du CAP de&nbsp;2020, les membres de l\u2019ACI ont milit\u00e9 pour la cr\u00e9ation d\u2019un important plan de relance afin d\u2019augmenter le parc immobilier \u00e0 l\u2019\u00e9chelle du continuum.<\/p>\n\n\n\n<p>Le budget de 2024 tenait compte de cette recommandation, en pr\u00e9voyant un financement suppl\u00e9mentaire de 15&nbsp;milliards de dollars en nouveau financement de pr\u00eats, \u00e0 compter de 2025-2026, pour le Programme de pr\u00eats pour la construction d\u2019appartements, ce qui porte le total du programme \u00e0 plus de 55&nbsp;milliards de dollars. Le programme propose des pr\u00eats \u00e0 faible co\u00fbt pour favoriser la construction de logements locatifs.<\/p>\n\n\n\n<p>D\u2019autres mesures, comme la <a href=\"https:\/\/www.canada.ca\/fr\/agence-revenu\/services\/impot\/entreprises\/sujets\/entreprise-individuelle-societe-personnes\/declarer-vos-revenus-depenses-entreprise\/reclamer-deduction-amortissement\/incitatif-investissement-accelere.html\" target=\"_blank\" rel=\"noopener\" title=\"\">d\u00e9duction pour amortissement acc\u00e9l\u00e9r\u00e9<\/a> pour la construction de nouveaux logements destin\u00e9s \u00e0 la location et l\u2019\u00e9largissement de l\u2019\u00e9limination des taxes f\u00e9d\u00e9rales (TPS) sur les logements locatifs, devraient aussi contribuer \u00e0 accro\u00eetre l\u2019offre de logements locatifs et d\u2019appartements.<\/p>\n\n\n\n<p class=\"has-background\" style=\"background-color:#f2f2f2\">Si vous souhaitez devenir repr\u00e9sentant du Comit\u00e9 d\u2019action politique (CAP), communiquez avec votre chambre ou association locale. Pour rester au courant des affaires f\u00e9d\u00e9rales, consultez le <a href=\"https:\/\/www.realtoractionnetwork.com\/?NEQS=zBNWTcXV9ZUT5UEKjCBZxNjveBLwIliYVxt7%2bxBJ0KLU4BJ3DyV2iEtwynxhOOkzq8%2bey%2fYuONOj6AVZc5pFlBVe%2fP4r9VBil5cjT9gcmTE%3d\" target=\"_blank\" rel=\"noopener\" title=\"\">reseaudactionimmobilier.ca<\/a>.<\/p>\n\n\n\n<h2 class=\"wp-block-heading\" id=\"aioseo-prolongation-de-la-periode-damortissement-des-prets-hypothecaires-pour-les-acheteurs-dune-premiere-propriete-qui-acquierent-une-habitation-neuve\"><strong>Prolongation de la p\u00e9riode d\u2019amortissement des pr\u00eats hypoth\u00e9caires pour les acheteurs d\u2019une premi\u00e8re propri\u00e9t\u00e9 qui acqui\u00e8rent une habitation neuve<\/strong><\/h2>\n\n\n\n<p>Le gouvernement f\u00e9d\u00e9ral a annonc\u00e9 ce printemps dans le budget de 2024 qu\u2019il renforcerait la charte hypoth\u00e9caire canadienne afin de permettre <a href=\"https:\/\/www.canada.ca\/fr\/ministere-finances\/nouvelles\/2024\/06\/periode-damortissement-de-30-ans-pour-les-personnes-qui-achetent-une-premiere-propriete-nouvellement-construite.html\" target=\"_blank\" rel=\"noopener\" title=\"\">les pr\u00eats assortis d\u2019une p\u00e9riode d\u2019amortissement de 30&nbsp;ans<\/a> pour les acheteurs d\u2019une premi\u00e8re propri\u00e9t\u00e9 qui acqui\u00e8rent une habitation neuve.<\/p>\n\n\n\n<p>Ce nouveau pr\u00eat hypoth\u00e9caire assur\u00e9, offert \u00e0 compter du 1<sup>er<\/sup>&nbsp;ao\u00fbt&nbsp;2024, r\u00e9pond en partie \u00e0 une demande formul\u00e9e lors des Journ\u00e9es du CAP de&nbsp;2021, alors que les repr\u00e9sentants du CAP et d\u2019autres d\u00e9fenseurs de l\u2019abordabilit\u00e9 et du logement avaient exhort\u00e9 le gouvernement \u00e0 permettre les pr\u00eats hypoth\u00e9caires assur\u00e9s assortis d\u2019une p\u00e9riode d\u2019amortissement sur 30&nbsp;ans pour les acheteurs d\u2019une premi\u00e8re propri\u00e9t\u00e9.<\/p>\n\n\n\n<h2 class=\"wp-block-heading\" id=\"aioseo-augmentation-de-la-limite-de-retrait-du-regime-daccession-a-la-propriete\"><strong>Augmentation de la limite de retrait du R\u00e9gime d\u2019accession \u00e0 la propri\u00e9t\u00e9<\/strong><\/h2>\n\n\n\n<p>Pendant la campagne \u00e9lectorale f\u00e9d\u00e9rale de 2021, l\u2019ACI et d\u2019autres d\u00e9fenseurs de l\u2019accession \u00e0 la propri\u00e9t\u00e9 avaient r\u00e9clam\u00e9 une augmentation de la limite de retrait du r\u00e9gime enregistr\u00e9 d\u2019\u00e9pargne-retraite (REER).<\/p>\n\n\n\n<p>Dans le budget de 2024, le gouvernement annon\u00e7ait son intention de modifier la <em>Loi de l\u2019imp\u00f4t sur le revenu<\/em> <a href=\"https:\/\/www.canada.ca\/fr\/ministere-finances\/nouvelles\/2024\/06\/budget-de-2024--le-projet-de-loi-visant-a-donner-une-chance-equitable-a-chaque-generation-recoit-la-sanction-royale.html\" target=\"_blank\" rel=\"noopener\" title=\"\">pour faire passer la limite de retrait du R\u00e9gime d\u2019accession \u00e0 la propri\u00e9t\u00e9<\/a> de 35&nbsp;000&nbsp;$ \u00e0 60&nbsp;000&nbsp;$, permettant aux acheteurs d\u2019une premi\u00e8re propri\u00e9t\u00e9 de mettre \u00e0 profit les avantages fiscaux du REER pour bonifier leur mise de fonds d\u2019une somme allant jusqu\u2019\u00e0 25&nbsp;000&nbsp;$. Les acheteurs d\u2019une premi\u00e8re propri\u00e9t\u00e9 peuvent profiter de cette mesure depuis le 16&nbsp;avril&nbsp;2024.<\/p>\n\n\n\n<p>Le gouvernement a par le fait m\u00eame communiqu\u00e9 sa volont\u00e9 de modifier la <em>Loi de l\u2019imp\u00f4t sur le revenu<\/em> pour prolonger temporairement de trois&nbsp;ans la p\u00e9riode de gr\u00e2ce durant laquelle les propri\u00e9taires n\u2019ont pas \u00e0 rembourser leurs retraits au REER r\u00e9alis\u00e9s dans le cadre du R\u00e9gime d\u2019accession \u00e0 la propri\u00e9t\u00e9.<\/p>\n\n\n\n<h2 class=\"wp-block-heading\" id=\"aioseo-investissements-dans-les-habitations-prefabriquees-et-modulaires\"><strong>Investissements dans les habitations pr\u00e9fabriqu\u00e9es et modulaires<\/strong><\/h2>\n\n\n\n<p>Pendant les rencontres du CAP dans les circonscriptions de&nbsp;2024, les repr\u00e9sentants du CAP avaient demand\u00e9 au gouvernement f\u00e9d\u00e9ral de s\u2019engager \u00e0 stimuler la construction d\u2019habitations pr\u00e9fabriqu\u00e9es par l\u2019entremise de volets de financement qui permettent au secteur de prendre de l\u2019expansion, et \u00e0 tirer parti du Fonds pour acc\u00e9l\u00e9rer la construction de logements, dans le but d\u2019augmenter l\u2019offre dans le continuum du logement.<\/p>\n\n\n\n<p>Le gouvernement s\u2019est engag\u00e9 \u00e0 stimuler la construction d\u2019habitations pr\u00e9fabriqu\u00e9es en lan\u00e7ant le nouveau <a href=\"https:\/\/www.pm.gc.ca\/fr\/nouvelles\/communiques\/2024\/04\/05\/nouvelle-facon-de-construire-des-logements-au-canada\" target=\"_blank\" rel=\"noopener\" title=\"\">Fonds pour l\u2019innovation et la technologie en construction r\u00e9sidentielle<\/a>, d\u2019une valeur de 50&nbsp;millions de dollars, et \u00e0 trouver des fa\u00e7ons novatrices de construire des logements plus rapidement par l\u2019interm\u00e9diaire de volets de financement suppl\u00e9mentaires au budget de 2024. Du travail reste \u00e0 faire pour favoriser les partenariats dans le cadre du Fonds pour acc\u00e9l\u00e9rer la construction de logements afin de faire progresser les pratiques en mati\u00e8re de logement.<\/p>\n\n\n\n<p>Chaque personne au Canada a droit \u00e0 un foyer. Les membres de l\u2019ACI, de concert avec leurs partenaires, travaillent d\u2019arrache-pied toute l\u2019ann\u00e9e pour d\u00e9fendre l\u2019accessibilit\u00e9 du logement \u00e0 l\u2019\u00e9chelle du continuum. S\u2019ils sont heureux de constater que leurs efforts ont donn\u00e9 lieu \u00e0 des progr\u00e8s historiques pour la construction de logements abordables et accessibles, ils s\u2019emploient d\u00e9j\u00e0 \u00e0 formuler leurs prochaines recommandations pour apaiser la crise du logement au Canada.<\/p>\n\n\n\n<p>Il reste encore beaucoup de travail \u00e0 accomplir, notamment dans le cadre des consultations associ\u00e9es aux nouveaux programmes et financements f\u00e9d\u00e9raux annonc\u00e9s, qui auront lieu dans les mois \u00e0 venir.<\/p>\n\n\n\n<p class=\"has-background\" style=\"background-color:#f2f2f2\">Pour lire toutes les <a href=\"https:\/\/www.crea.ca\/fr\/defense-des-interets\/recommandations-des-membres-de-laci\/\" target=\"_blank\" rel=\"noopener\" title=\"\">recommandations des membres de l\u2019ACI<\/a>, visitez CREA.ca.<\/p>\n","protected":false},"excerpt":{"rendered":"<p>Les membres de l\u2019ACI, de concert avec leurs partenaires, travaillent d\u2019arrache-pied toute l\u2019ann\u00e9e pour d\u00e9fendre l\u2019accessibilit\u00e9 du logement \u00e0 l\u2019\u00e9chelle du continuum.<\/p>\n","protected":false},"author":203,"featured_media":47172,"comment_status":"open","ping_status":"open","sticky":false,"template":"","format":"standard","meta":{"footnotes":""},"categories":[2369],"tags":[2379],"coauthors":[2478],"class_list":["post-47176","post","type-post","status-publish","format-standard","has-post-thumbnail","hentry","category-defense-des-interets","tag-featured-fr"],"aioseo_notices":[],"_links":{"self":[{"href":"https:\/\/archive.cafe.crea.ca\/fr\/wp-json\/wp\/v2\/posts\/47176"}],"collection":[{"href":"https:\/\/archive.cafe.crea.ca\/fr\/wp-json\/wp\/v2\/posts"}],"about":[{"href":"https:\/\/archive.cafe.crea.ca\/fr\/wp-json\/wp\/v2\/types\/post"}],"author":[{"embeddable":true,"href":"https:\/\/archive.cafe.crea.ca\/fr\/wp-json\/wp\/v2\/users\/203"}],"replies":[{"embeddable":true,"href":"https:\/\/archive.cafe.crea.ca\/fr\/wp-json\/wp\/v2\/comments?post=47176"}],"version-history":[{"count":2,"href":"https:\/\/archive.cafe.crea.ca\/fr\/wp-json\/wp\/v2\/posts\/47176\/revisions"}],"predecessor-version":[{"id":47182,"href":"https:\/\/archive.cafe.crea.ca\/fr\/wp-json\/wp\/v2\/posts\/47176\/revisions\/47182"}],"wp:featuredmedia":[{"embeddable":true,"href":"https:\/\/archive.cafe.crea.ca\/fr\/wp-json\/wp\/v2\/media\/47172"}],"wp:attachment":[{"href":"https:\/\/archive.cafe.crea.ca\/fr\/wp-json\/wp\/v2\/media?parent=47176"}],"wp:term":[{"taxonomy":"category","embeddable":true,"href":"https:\/\/archive.cafe.crea.ca\/fr\/wp-json\/wp\/v2\/categories?post=47176"},{"taxonomy":"post_tag","embeddable":true,"href":"https:\/\/archive.cafe.crea.ca\/fr\/wp-json\/wp\/v2\/tags?post=47176"},{"taxonomy":"author","embeddable":true,"href":"https:\/\/archive.cafe.crea.ca\/fr\/wp-json\/wp\/v2\/coauthors?post=47176"}],"curies":[{"name":"wp","href":"https:\/\/api.w.org\/{rel}","templated":true}]}}