{"id":47131,"date":"2024-08-08T12:33:23","date_gmt":"2024-08-08T16:33:23","guid":{"rendered":"https:\/\/archive.cafe.crea.ca\/?p=47131"},"modified":"2024-08-08T12:33:25","modified_gmt":"2024-08-08T16:33:25","slug":"evenements-cet-automne-avec-laci-et-la-communaute-des-courtiers-et-agents-immobiliers","status":"publish","type":"post","link":"https:\/\/archive.cafe.crea.ca\/fr\/evenements-cet-automne-avec-laci-et-la-communaute-des-courtiers-et-agents-immobiliers\/","title":{"rendered":"\u00c9v\u00e9nements cet automne avec l\u2019ACI et la communaut\u00e9 des courtiers et agents immobiliers"},"content":{"rendered":"\n<p>Bien que l\u2019\u00e9t\u00e9 ne soit pas termin\u00e9, L\u2019Association canadienne de l\u2019immobilier (ACI) se pr\u00e9pare pour trois&nbsp;\u00e9v\u00e9nements importants qui auront lieu cet automne. Voici toutes les informations dont vous avez besoin pour y assister.<\/p>\n\n\n\n<div class=\"wp-block-aioseo-table-of-contents\"><ul><li><a href=\"#aioseo-journees-du-comite-daction-politique-cap\">Journ&#xE9;es du Comit&#xE9; d&#x2019;action politique (CAP)<\/a><\/li><li><a href=\"#aioseo-assemblee-generale-speciale-ags-sur-lavenir-de-realtor-ca\">Assembl&#xE9;e g&#xE9;n&#xE9;rale sp&#xE9;ciale (AGS) sur l&#x2019;avenir de REALTOR.ca<\/a><\/li><li><a href=\"#aioseo-national-association-of-realtors-nar\">National Association of REALTORS&#xAE; (NAR)<\/a><\/li><\/ul><\/div>\n\n\n\n<h2 class=\"wp-block-heading\" id=\"aioseo-journees-du-comite-daction-politique-cap\"><strong>Journ\u00e9es du Comit\u00e9 d\u2019action politique (CAP)<\/strong><\/h2>\n\n\n\n<p>Depuis 1985, le congr\u00e8s annuel des <a href=\"https:\/\/member.crea.ca\/fr\/cours-evenements\/evenements\/journees-du-cap-de-2024\/\" target=\"_blank\" rel=\"noopener\" title=\"\">Journ\u00e9es du CAP de l\u2019ACI<\/a>, qui a lieu dans la capitale nationale, r\u00e9unit des courtiers et agents immobiliers de tout le Canada afin de leur permettre de rencontrer leurs d\u00e9put\u00e9s locaux et de plaider en faveur de politiques qui soutiennent l\u2019acc\u00e8s au logement pour tous les Canadiens, qu\u2019il s\u2019agisse d\u2019h\u00e9bergement d\u2019urgence, de logements subventionn\u00e9s, de logements sociaux ou d\u2019accession \u00e0 la propri\u00e9t\u00e9.<\/p>\n\n\n\n<p>Le congr\u00e8s de trois&nbsp;jours met en vedette d\u2019\u00e9minents politiciens, des initi\u00e9s de la politique et des journalistes qui en connaissent long sur la politique et les coulisses de la Colline du Parlement.<\/p>\n\n\n\n<p>Cette ann\u00e9e, l\u2019\u00e9v\u00e9nement aura lieu du 20 au 22&nbsp;octobre&nbsp;2024 \u00e0 l\u2019h\u00f4tel The Westin Ottawa.<\/p>\n\n\n\n<p>Un bloc de chambres est r\u00e9serv\u00e9 \u00e0 l\u2019h\u00f4tel <a href=\"https:\/\/www.marriott.com\/event-reservations\/reservation-link.mi?id=1705533943718&amp;key=GRP&amp;app=resvlink\" target=\"_blank\" rel=\"noopener\" title=\"\">The Westin Ottawa<\/a>, o\u00f9 les chambres doivent \u00eatre r\u00e9serv\u00e9es avant le 17&nbsp;septembre&nbsp;2024. Un autre bloc de chambres a \u00e9t\u00e9 r\u00e9serv\u00e9 \u00e0 l\u2019h\u00f4tel <a href=\"https:\/\/book.passkey.com\/event\/50866466\/owner\/5915\/home?lang=fr_CA\" target=\"_blank\" rel=\"noopener\" title=\"\">Fairmont Ch\u00e2teau Laurier<\/a>, o\u00f9 les chambres doivent \u00eatre r\u00e9serv\u00e9es avant le 19&nbsp;septembre&nbsp;2024.<\/p>\n\n\n\n<div class=\"wp-block-buttons is-layout-flex wp-block-buttons-is-layout-flex\">\n<div class=\"wp-block-button\"><a class=\"wp-block-button__link has-background wp-element-button\" href=\"https:\/\/ranadmin.realtorlink.ca\/\" style=\"background-color:#d0191d\" target=\"_blank\" rel=\"noreferrer noopener\">S\u2019inscrire<\/a><\/div>\n<\/div>\n\n\n\n<div style=\"height:20px\" aria-hidden=\"true\" class=\"wp-block-spacer\"><\/div>\n\n\n\n<h2 class=\"wp-block-heading\" id=\"aioseo-assemblee-generale-speciale-ags-sur-lavenir-de-realtor-ca\"><strong>Assembl\u00e9e g\u00e9n\u00e9rale sp\u00e9ciale (AGS) sur l\u2019avenir de REALTOR.ca<\/strong><\/h2>\n\n\n\n<p>Imm\u00e9diatement apr\u00e8s les Journ\u00e9es du CAP de 2024, le mercredi 23&nbsp;octobre, l\u2019ACI demandera un vote final sur l\u2019avenir de REALTOR.ca en tant qu\u2019entit\u00e9 assujettie \u00e0 l\u2019imp\u00f4t au cours d\u2019une <a href=\"https:\/\/member.crea.ca\/fr\/cours-evenements\/evenements\/assemblee-generale-speciale-de-laci-2024\/\" target=\"_blank\" rel=\"noopener\" title=\"\">Assembl\u00e9e g\u00e9n\u00e9rale sp\u00e9ciale (AGS)<\/a>. Cet \u00e9v\u00e9nement aura \u00e9galement lieu \u00e0 l\u2019h\u00f4tel The Westin Ottawa.<\/p>\n\n\n\n<p>La participation est gratuite, mais tous les observateurs et les d\u00e9l\u00e9gu\u00e9s ayant droit de vote doivent s\u2019inscrire par l\u2019entremise de notre syst\u00e8me d\u2019inscription en ligne. L\u2019Assembl\u00e9e se tiendra en personne seulement.<\/p>\n\n\n\n<div class=\"wp-block-buttons is-layout-flex wp-block-buttons-is-layout-flex\">\n<div class=\"wp-block-button\"><a class=\"wp-block-button__link has-background wp-element-button\" href=\"https:\/\/events.myconferencesuite.com\/CREASGM2024\/reg\/landing?l=100\" style=\"background-color:#d0191d\" target=\"_blank\" rel=\"noreferrer noopener\">S\u2019inscrire<\/a><\/div>\n<\/div>\n\n\n\n<div style=\"height:20px\" aria-hidden=\"true\" class=\"wp-block-spacer\"><\/div>\n\n\n\n<h2 class=\"wp-block-heading\" id=\"aioseo-national-association-of-realtors-nar\"><strong>National Association of REALTORS\u00ae (NAR)<\/strong><\/h2>\n\n\n\n<p>Du 8 au 10&nbsp;novembre&nbsp;2024, des professionnels de l\u2019immobilier du monde entier se r\u00e9uniront \u00e0 Boston, au Massachusetts, dans le cadre de la conf\u00e9rence annuelle de la National Association of REALTORS\u00ae (NAR).<\/p>\n\n\n\n<p>L\u2019ACI est ravie de participer de nouveau \u00e0 la NAR NXT, The REALTOR\u00ae Experience. Venez \u00e9couter des conf\u00e9renciers pris\u00e9s du secteur, suivre des formations sp\u00e9cialis\u00e9es et r\u00e9seauter avec les quelque 15&nbsp;000&nbsp;participants.<\/p>\n\n\n\n<p>L\u2019ACI a fait des d\u00e9marches pour r\u00e9server un bloc de chambres au Boston Marriott Copley Place pour les courtiers et agents canadiens.<\/p>\n\n\n\n<div class=\"wp-block-buttons is-horizontal is-layout-flex wp-block-buttons-is-layout-flex\">\n<div class=\"wp-block-button\"><a class=\"wp-block-button__link has-background wp-element-button\" href=\"https:\/\/narnxt.realtor\/\" style=\"background-color:#d0191d\" target=\"_blank\" rel=\"noreferrer noopener\">S\u2019inscrire<\/a><\/div>\n<\/div>\n","protected":false},"excerpt":{"rendered":"<p>Bien que l\u2019\u00e9t\u00e9 ne soit pas termin\u00e9, L\u2019Association canadienne de l\u2019immobilier (ACI) se pr\u00e9pare pour trois\u00a0\u00e9v\u00e9nements importants qui auront lieu cet automne. Voici toutes les informations dont vous avez besoin pour y assister.<\/p>\n","protected":false},"author":134,"featured_media":47165,"comment_status":"open","ping_status":"open","sticky":false,"template":"","format":"standard","meta":{"footnotes":""},"categories":[2366],"tags":[2380],"coauthors":[2397],"class_list":["post-47131","post","type-post","status-publish","format-standard","has-post-thumbnail","hentry","category-nouvelles-de-laci","tag-featured-fr-2"],"aioseo_notices":[],"_links":{"self":[{"href":"https:\/\/archive.cafe.crea.ca\/fr\/wp-json\/wp\/v2\/posts\/47131"}],"collection":[{"href":"https:\/\/archive.cafe.crea.ca\/fr\/wp-json\/wp\/v2\/posts"}],"about":[{"href":"https:\/\/archive.cafe.crea.ca\/fr\/wp-json\/wp\/v2\/types\/post"}],"author":[{"embeddable":true,"href":"https:\/\/archive.cafe.crea.ca\/fr\/wp-json\/wp\/v2\/users\/134"}],"replies":[{"embeddable":true,"href":"https:\/\/archive.cafe.crea.ca\/fr\/wp-json\/wp\/v2\/comments?post=47131"}],"version-history":[{"count":6,"href":"https:\/\/archive.cafe.crea.ca\/fr\/wp-json\/wp\/v2\/posts\/47131\/revisions"}],"predecessor-version":[{"id":47169,"href":"https:\/\/archive.cafe.crea.ca\/fr\/wp-json\/wp\/v2\/posts\/47131\/revisions\/47169"}],"wp:featuredmedia":[{"embeddable":true,"href":"https:\/\/archive.cafe.crea.ca\/fr\/wp-json\/wp\/v2\/media\/47165"}],"wp:attachment":[{"href":"https:\/\/archive.cafe.crea.ca\/fr\/wp-json\/wp\/v2\/media?parent=47131"}],"wp:term":[{"taxonomy":"category","embeddable":true,"href":"https:\/\/archive.cafe.crea.ca\/fr\/wp-json\/wp\/v2\/categories?post=47131"},{"taxonomy":"post_tag","embeddable":true,"href":"https:\/\/archive.cafe.crea.ca\/fr\/wp-json\/wp\/v2\/tags?post=47131"},{"taxonomy":"author","embeddable":true,"href":"https:\/\/archive.cafe.crea.ca\/fr\/wp-json\/wp\/v2\/coauthors?post=47131"}],"curies":[{"name":"wp","href":"https:\/\/api.w.org\/{rel}","templated":true}]}}