{"id":47039,"date":"2024-07-24T18:06:48","date_gmt":"2024-07-24T22:06:48","guid":{"rendered":"https:\/\/archive.cafe.crea.ca\/?p=47039"},"modified":"2024-07-25T09:16:33","modified_gmt":"2024-07-25T13:16:33","slug":"la-banque-du-canada-annonce-une-deuxieme-baisse-consecutive-de-son-taux-directeur","status":"publish","type":"post","link":"https:\/\/archive.cafe.crea.ca\/fr\/la-banque-du-canada-annonce-une-deuxieme-baisse-consecutive-de-son-taux-directeur\/","title":{"rendered":"La Banque du Canada annonce une deuxi\u00e8me baisse cons\u00e9cutive de son taux directeur"},"content":{"rendered":"\n<p>La Banque du Canada a indiqu\u00e9 qu\u2019elle abaissait de nouveau son taux cible du financement \u00e0 un jour de 4,75\u00a0% \u00e0 4,5\u00a0%. Cette d\u00e9cision, largement attendue par les march\u00e9s financiers, a marqu\u00e9 la deuxi\u00e8me r\u00e9duction du taux par la Banque depuis le d\u00e9but de la pand\u00e9mie il y a quatre\u00a0ans. Le taux se situe maintenant au m\u00eame niveau qu\u2019en avril\u00a02023.<\/p>\n\n\n\n<blockquote class=\"twitter-tweet\"><p lang=\"fr\" dir=\"ltr\">Nous avons baiss\u00e9 notre taux directeur \u00e0 4,50 %.<br><br>En savoir plus: <a href=\"https:\/\/t.co\/n8lrmlbSQ7\">https:\/\/t.co\/n8lrmlbSQ7<\/a><a href=\"https:\/\/twitter.com\/hashtag\/%C3%A9conomie?src=hash&amp;ref_src=twsrc%5Etfw\">#\u00e9conomie<\/a> <a href=\"https:\/\/twitter.com\/hashtag\/%C3%A9concan?src=hash&amp;ref_src=twsrc%5Etfw\">#\u00e9concan<\/a> <a href=\"https:\/\/t.co\/5IkuH0aN3A\">pic.twitter.com\/5IkuH0aN3A<\/a><\/p>&mdash; Banque du Canada (@banqueducanada) <a href=\"https:\/\/twitter.com\/banqueducanada\/status\/1816121191381275082?ref_src=twsrc%5Etfw\">July 24, 2024<\/a><\/blockquote> <script async src=\"https:\/\/platform.twitter.com\/widgets.js\" charset=\"utf-8\"><\/script>\n\n\n\n<p>Dans l\u2019annonce pr\u00e9vue du 24\u00a0juillet\u00a02024, la Banque a indiqu\u00e9 que la croissance \u00e9conomique du Canada s\u2019est raffermie durant le premier semestre de 2024, mais \u00e0 un rythme moins rapide que la croissance de la population, tandis que les d\u00e9penses de consommation et de logement ont \u00e9t\u00e9 faibles. De plus, elle pr\u00e9cise que l\u2019emploi a progress\u00e9 plus lentement que la population en \u00e2ge de travailler, qui devrait conna\u00eetre une croissance plus importante que pr\u00e9vu.<\/p>\n\n\n\n<p>Selon la Banque, l\u2019\u00e9conomie canadienne devrait cro\u00eetre d\u2019ici la fin de l\u2019ann\u00e9e et au cours de 2025 \u00ab\u00a0sous l\u2019effet de la baisse des co\u00fbts d\u2019emprunt\u00a0\u00bb, laissant entrevoir un assouplissement de la politique mon\u00e9taire, ce qui devrait stimuler les exportations, les d\u00e9penses de m\u00e9nages, les investissements des entreprises ainsi que les investissements r\u00e9sidentiels.<\/p>\n\n\n\n<p>La Banque continue de mettre l\u2019accent sur les co\u00fbts \u00e9lev\u00e9s li\u00e9s au logement comme facteur contribuant de fa\u00e7on consid\u00e9rable \u00e0 l\u2019inflation. Cependant, elle a \u00e9galement fait remarquer que les mesures de l\u2019inflation globale et de l\u2019inflation fondamentale sont plus mod\u00e9r\u00e9es et avoisinent leurs normes historiques.<\/p>\n\n\n\n<p>Dans son <a href=\"https:\/\/www.banqueducanada.ca\/publication\/rpm\/?theme_mode=light&amp;_gl=1*r06t4i*_ga*MTkzODMxMDcwOS4xNzIxODI4NjU5*_ga_D0WRRH3RZH*MTcyMTg1ODYyNy4zLjAuMTcyMTg1ODYyNy42MC4wLjA.\" target=\"_blank\" rel=\"noopener\" title=\"\"><em>Rapport sur la politique mon\u00e9taire<\/em><\/a>, la Banque note particuli\u00e8rement plusieurs d\u00e9fis freinant la croissance de l\u2019offre de logements\u00a0:<\/p>\n\n\n\n<ul class=\"wp-block-list\">\n<li>les restrictions de zonage municipal;<\/li>\n\n\n\n<li>les frais d\u2019am\u00e9nagement \u00e9lev\u00e9s;<\/li>\n\n\n\n<li>les processus longs et co\u00fbteux entourant la d\u00e9livrance des permis;<\/li>\n\n\n\n<li>la p\u00e9nurie de main-d\u2019\u0153uvre qualifi\u00e9e.<\/li>\n<\/ul>\n\n\n\n<p>Bien que l\u2019offre exc\u00e9dentaire r\u00e9duise l\u2019inflation, la Banque continue de suivre les co\u00fbts li\u00e9s au logement et aux services qui nuisent \u00e0 la baisse de l\u2019inflation. La Banque pr\u00e9cise de plus que les \u00ab\u00a0d\u00e9cisions de politique mon\u00e9taire seront guid\u00e9es par les nouvelles informations\u00a0\u00bb et l\u2019\u00e9valuation de leurs implications pour les perspectives d\u2019inflation.<\/p>\n\n\n\n<p>La prochaine annonce de la Banque du Canada concernant le taux d\u2019int\u00e9r\u00eat aura lieu le mercredi\u00a04\u00a0septembre\u00a02024. Elle publiera de plus ses perspectives compl\u00e8tes de l\u2019\u00e9conomie et de l\u2019inflation dans son <em>Rapport sur la politique mon\u00e9taire<\/em> du mercredi\u00a023\u00a0octobre\u00a02024.<\/p>\n","protected":false},"excerpt":{"rendered":"<p>La Banque du Canada a indiqu\u00e9 qu\u2019elle abaissait de nouveau son taux cible du financement \u00e0 un jour de 4,75\u00a0% \u00e0 4,5\u00a0%. <\/p>\n","protected":false},"author":130,"featured_media":47036,"comment_status":"open","ping_status":"open","sticky":false,"template":"","format":"standard","meta":{"footnotes":""},"categories":[2367],"tags":[2379,2377],"coauthors":[2388],"class_list":["post-47039","post","type-post","status-publish","format-standard","has-post-thumbnail","hentry","category-statistiques","tag-featured-fr","tag-sidebar-fr"],"aioseo_notices":[],"_links":{"self":[{"href":"https:\/\/archive.cafe.crea.ca\/fr\/wp-json\/wp\/v2\/posts\/47039"}],"collection":[{"href":"https:\/\/archive.cafe.crea.ca\/fr\/wp-json\/wp\/v2\/posts"}],"about":[{"href":"https:\/\/archive.cafe.crea.ca\/fr\/wp-json\/wp\/v2\/types\/post"}],"author":[{"embeddable":true,"href":"https:\/\/archive.cafe.crea.ca\/fr\/wp-json\/wp\/v2\/users\/130"}],"replies":[{"embeddable":true,"href":"https:\/\/archive.cafe.crea.ca\/fr\/wp-json\/wp\/v2\/comments?post=47039"}],"version-history":[{"count":1,"href":"https:\/\/archive.cafe.crea.ca\/fr\/wp-json\/wp\/v2\/posts\/47039\/revisions"}],"predecessor-version":[{"id":47042,"href":"https:\/\/archive.cafe.crea.ca\/fr\/wp-json\/wp\/v2\/posts\/47039\/revisions\/47042"}],"wp:featuredmedia":[{"embeddable":true,"href":"https:\/\/archive.cafe.crea.ca\/fr\/wp-json\/wp\/v2\/media\/47036"}],"wp:attachment":[{"href":"https:\/\/archive.cafe.crea.ca\/fr\/wp-json\/wp\/v2\/media?parent=47039"}],"wp:term":[{"taxonomy":"category","embeddable":true,"href":"https:\/\/archive.cafe.crea.ca\/fr\/wp-json\/wp\/v2\/categories?post=47039"},{"taxonomy":"post_tag","embeddable":true,"href":"https:\/\/archive.cafe.crea.ca\/fr\/wp-json\/wp\/v2\/tags?post=47039"},{"taxonomy":"author","embeddable":true,"href":"https:\/\/archive.cafe.crea.ca\/fr\/wp-json\/wp\/v2\/coauthors?post=47039"}],"curies":[{"name":"wp","href":"https:\/\/api.w.org\/{rel}","templated":true}]}}