{"id":46977,"date":"2024-07-16T11:00:20","date_gmt":"2024-07-16T15:00:20","guid":{"rendered":"https:\/\/archive.cafe.crea.ca\/?p=46977"},"modified":"2024-07-16T11:00:22","modified_gmt":"2024-07-16T15:00:22","slug":"laci-revise-a-la-baisse-ses-previsions-pour-le-marche-residentiel-de-la-revente","status":"publish","type":"post","link":"https:\/\/archive.cafe.crea.ca\/fr\/laci-revise-a-la-baisse-ses-previsions-pour-le-marche-residentiel-de-la-revente\/","title":{"rendered":"L\u2019ACI r\u00e9vise \u00e0 la baisse ses pr\u00e9visions pour le march\u00e9 r\u00e9sidentiel de la revente"},"content":{"rendered":"\n<p>Apr\u00e8s un autre printemps calme et une hausse des niveaux d\u2019offre, L\u2019Association canadienne de l\u2019immobilier (ACI) a r\u00e9vis\u00e9 \u00e0 la baisse ses pr\u00e9visions du march\u00e9 r\u00e9sidentiel de la revente pour 2024 et 2025.<\/p>\n\n\n\n<p>Depuis la <a href=\"https:\/\/archive.cafe.crea.ca\/fr\/laci-prevoit-une-reprise-des-ventes-residentielles\/\" target=\"_blank\" rel=\"noopener\" title=\"\">publication des derni\u00e8res pr\u00e9visions de l\u2019ACI en avril<\/a>, les attentes concernant la baisse des taux d\u2019int\u00e9r\u00eat cette ann\u00e9e ont \u00e9t\u00e9 revues \u00e0 la baisse. L\u2019offre s\u2019est \u00e9galement accrue plus que pr\u00e9vu, car un grand nombre de propri\u00e9taires-vendeurs ont mis leur propri\u00e9t\u00e9 \u00e0 vendre au printemps, mais les <a href=\"https:\/\/archive.cafe.crea.ca\/fr\/chute-des-ventes-residentielles-canadiennes-pourquoi-les-acheteurs-hesitent-ils\/\" target=\"_blank\" rel=\"noopener\" title=\"\">acheteurs sont rest\u00e9s h\u00e9sitants<\/a>.<\/p>\n\n\n\n<p>Alors que l\u2019on s\u2019attend toujours \u00e0 ce que la <a href=\"https:\/\/archive.cafe.crea.ca\/fr\/premiere-baisse-du-taux-directeur-de-la-banque-du-canada-depuis-mars-2020\/\" target=\"_blank\" rel=\"noopener\" title=\"\">baisse des taux d\u2019int\u00e9r\u00eat<\/a> ram\u00e8ne progressivement les acheteurs sur le march\u00e9, le ralentissement du march\u00e9 du printemps de cette ann\u00e9e et l\u2019augmentation de l\u2019offre ont entra\u00een\u00e9 une r\u00e9vision \u00e0 la baisse des pr\u00e9visions concernant les ventes et le prix moyen des propri\u00e9t\u00e9s.<\/p>\n\n\n\n<figure class=\"wp-block-image size-full\"><img loading=\"lazy\" decoding=\"async\" width=\"818\" height=\"544\" src=\"https:\/\/archive.cafe.crea.ca\/wp-content\/uploads\/2024\/07\/ForecastChart-FR.png\" alt=\"\" class=\"wp-image-46965\" srcset=\"https:\/\/archive.cafe.crea.ca\/wp-content\/uploads\/2024\/07\/ForecastChart-FR.png 818w, https:\/\/archive.cafe.crea.ca\/wp-content\/uploads\/2024\/07\/ForecastChart-FR-768x511.png 768w\" sizes=\"(max-width: 818px) 100vw, 818px\" \/><\/figure>\n\n\n\n<p>Il est pr\u00e9vu qu\u2019environ 472\u00a0395\u00a0propri\u00e9t\u00e9s r\u00e9sidentielles changeront de mains par l\u2019entremise des syst\u00e8mes MLS\u00ae canadiens en 2024, soit une hausse de 6,1\u00a0% par rapport \u00e0 2023.<\/p>\n\n\n\n<p>En 2024, le prix moyen national d\u2019une propri\u00e9t\u00e9 devrait augmenter de 2,5\u00a0% sur une base annuelle, pour atteindre 694\u00a0393\u00a0$.<\/p>\n\n\n\n<p>En 2025, les ventes r\u00e9sidentielles nationales devraient augmenter encore de 6,2\u00a0%, pour atteindre 501\u00a0902\u00a0unit\u00e9s \u00e0 mesure que les taux d\u2019int\u00e9r\u00eat continuent de diminuer et que la demande continue d\u2019augmenter progressivement.<\/p>\n\n\n\n<p>Le prix moyen national d\u2019une propri\u00e9t\u00e9 devrait augmenter de 5\u00a0% de 2024 \u00e0 2025, pour atteindre 729\u00a0319\u00a0$.<\/p>\n\n\n\n<figure class=\"wp-block-image size-full\"><img loading=\"lazy\" decoding=\"async\" width=\"901\" height=\"935\" src=\"https:\/\/archive.cafe.crea.ca\/wp-content\/uploads\/2024\/07\/ForecastTable-FR.png\" alt=\"\" class=\"wp-image-46969\" srcset=\"https:\/\/archive.cafe.crea.ca\/wp-content\/uploads\/2024\/07\/ForecastTable-FR.png 901w, https:\/\/archive.cafe.crea.ca\/wp-content\/uploads\/2024\/07\/ForecastTable-FR-768x797.png 768w, https:\/\/archive.cafe.crea.ca\/wp-content\/uploads\/2024\/07\/ForecastTable-FR-550x571.png 550w\" sizes=\"(max-width: 901px) 100vw, 901px\" \/><\/figure>\n\n\n\n<p class=\"has-background\" style=\"background-color:#f2f2f2\">Chaque trimestre, l\u2019ACI analyse les donn\u00e9es des syst\u00e8mes MLS\u00ae des chambres et associations immobili\u00e8res canadiennes et met \u00e0 jour ses pr\u00e9visions sur les ventes r\u00e9sidentielles et le prix moyen des propri\u00e9t\u00e9s. L\u2019ACI publiera ses prochaines pr\u00e9visions le mardi 15\u00a0octobre\u00a02024. Pour obtenir d\u2019autres donn\u00e9es sur le march\u00e9 de l\u2019habitation, visitez le <a href=\"https:\/\/stats.crea.ca\/fr-CA\/\" target=\"_blank\" rel=\"noopener\" title=\"\">Centre de statistiques de l\u2019ACI<\/a> o\u00f9 les rapports y sont mis \u00e0 jour r\u00e9guli\u00e8rement.<\/p>\n","protected":false},"excerpt":{"rendered":"<p>Apr\u00e8s un autre printemps calme et une hausse des niveaux d\u2019offre, L\u2019Association canadienne de l\u2019immobilier (ACI) a r\u00e9vis\u00e9 \u00e0 la baisse ses pr\u00e9visions du march\u00e9 r\u00e9sidentiel de la revente pour 2024 et 2025.<\/p>\n","protected":false},"author":130,"featured_media":46973,"comment_status":"open","ping_status":"open","sticky":false,"template":"","format":"standard","meta":{"footnotes":""},"categories":[2367],"tags":[2380],"coauthors":[2388],"class_list":["post-46977","post","type-post","status-publish","format-standard","has-post-thumbnail","hentry","category-statistiques","tag-featured-fr-2"],"aioseo_notices":[],"_links":{"self":[{"href":"https:\/\/archive.cafe.crea.ca\/fr\/wp-json\/wp\/v2\/posts\/46977"}],"collection":[{"href":"https:\/\/archive.cafe.crea.ca\/fr\/wp-json\/wp\/v2\/posts"}],"about":[{"href":"https:\/\/archive.cafe.crea.ca\/fr\/wp-json\/wp\/v2\/types\/post"}],"author":[{"embeddable":true,"href":"https:\/\/archive.cafe.crea.ca\/fr\/wp-json\/wp\/v2\/users\/130"}],"replies":[{"embeddable":true,"href":"https:\/\/archive.cafe.crea.ca\/fr\/wp-json\/wp\/v2\/comments?post=46977"}],"version-history":[{"count":1,"href":"https:\/\/archive.cafe.crea.ca\/fr\/wp-json\/wp\/v2\/posts\/46977\/revisions"}],"predecessor-version":[{"id":46979,"href":"https:\/\/archive.cafe.crea.ca\/fr\/wp-json\/wp\/v2\/posts\/46977\/revisions\/46979"}],"wp:featuredmedia":[{"embeddable":true,"href":"https:\/\/archive.cafe.crea.ca\/fr\/wp-json\/wp\/v2\/media\/46973"}],"wp:attachment":[{"href":"https:\/\/archive.cafe.crea.ca\/fr\/wp-json\/wp\/v2\/media?parent=46977"}],"wp:term":[{"taxonomy":"category","embeddable":true,"href":"https:\/\/archive.cafe.crea.ca\/fr\/wp-json\/wp\/v2\/categories?post=46977"},{"taxonomy":"post_tag","embeddable":true,"href":"https:\/\/archive.cafe.crea.ca\/fr\/wp-json\/wp\/v2\/tags?post=46977"},{"taxonomy":"author","embeddable":true,"href":"https:\/\/archive.cafe.crea.ca\/fr\/wp-json\/wp\/v2\/coauthors?post=46977"}],"curies":[{"name":"wp","href":"https:\/\/api.w.org\/{rel}","templated":true}]}}