{"id":46911,"date":"2024-07-08T13:51:43","date_gmt":"2024-07-08T17:51:43","guid":{"rendered":"https:\/\/archive.cafe.crea.ca\/?p=46911"},"modified":"2024-07-09T10:06:17","modified_gmt":"2024-07-09T14:06:17","slug":"joignez-vous-a-la-conversation-sur-lebauche-de-lanalyse-de-rentabilite-sur-realtor-ca","status":"publish","type":"post","link":"https:\/\/archive.cafe.crea.ca\/fr\/joignez-vous-a-la-conversation-sur-lebauche-de-lanalyse-de-rentabilite-sur-realtor-ca\/","title":{"rendered":"Joignez-vous \u00e0 la conversation sur l\u2019\u00e9bauche de l\u2019analyse de rentabilit\u00e9 sur REALTOR.ca"},"content":{"rendered":"\n<p>Au cours de la derni\u00e8re ann\u00e9e, L\u2019Association canadienne de l\u2019immobilier (ACI) a discut\u00e9 avec la communaut\u00e9 des associations immobili\u00e8res de l\u2019avenir de REALTOR.ca et de la possibilit\u00e9 de transformer la plateforme en une filiale distincte, assujettie \u00e0 l\u2019imp\u00f4t, en propri\u00e9t\u00e9 exclusive de l\u2019ACI.<\/p>\n\n\n\n<p>REALTOR.ca est un actif essentiel au succ\u00e8s et \u00e0 la r\u00e9putation des courtiers et agents immobiliers au Canada. Cette plateforme dirige des millions de clients potentiels vers nos membres et place ces derniers au c\u0153ur du parcours immobilier des consommateurs.<br><br>L\u2019ACI s\u2019engage \u00e0 assurer la viabilit\u00e9 \u00e0 long terme de cet actif extr\u00eamement pr\u00e9cieux appartenant \u00e0 nos membres.&nbsp;<br><br>L\u2019aboutissement du travail effectu\u00e9 par le groupe de travail sur REALTOR.ca, le conseil d\u2019administration de l\u2019ACI, et une \u00e9quipe d\u2019experts externes, a \u00e9t\u00e9 l\u2019\u00e9laboration d\u2019une \u00e9bauche de l\u2019analyse de rentabilit\u00e9 mettant en lumi\u00e8re deux&nbsp;sc\u00e9narios&nbsp;:<br>&nbsp;<\/p>\n\n\n\n<ol class=\"wp-block-list\" start=\"1\">\n<li>nous maintenons le statu quo;<\/li>\n\n\n\n<li>nous transformons REALTOR.ca en une entit\u00e9 assujettie \u00e0 l\u2019imp\u00f4t.<\/li>\n<\/ol>\n\n\n\n<div class=\"wp-block-buttons is-layout-flex wp-block-buttons-is-layout-flex\">\n<div class=\"wp-block-button\"><a class=\"wp-block-button__link has-background wp-element-button\" href=\"https:\/\/member.crea.ca\/fr\/produits-services\/outils-realtor-ca-pour-les-membres\/realtor-ca\/lavenir-de-realtor-ca\/\" style=\"background-color:#d0191d\" target=\"_blank\" rel=\"noreferrer noopener\">Lire l\u2019analyse de rentabilit\u00e9<\/a><\/div>\n<\/div>\n\n\n\n<p>L\u2019\u00e9bauche de l\u2019analyse de rentabilit\u00e9 met en lumi\u00e8re comment une entit\u00e9 assujettie \u00e0 l\u2019imp\u00f4t permettrait \u00e0 REALTOR.ca d\u2019explorer de nouvelles sources de revenus et de r\u00e9investir tous les b\u00e9n\u00e9fices nets dans la plateforme afin de l\u2019aider \u00e0 innover et \u00e0 faire concurrence dans le march\u00e9 de plus en plus comp\u00e9titif des technologies immobili\u00e8res.<br><br>Nous organiserons une s\u00e9rie de pr\u00e9sentations afin de revoir ensemble l\u2019\u00e9bauche de l\u2019analyse de rentabilit\u00e9 et de recueillir vos commentaires. Nous vous informerons d\u2019autres pr\u00e9sentations \u00e0 venir, dont une qui aura lieu en fran\u00e7ais, \u00e0 une date ult\u00e9rieure.<\/p>\n\n\n\n<div class=\"wp-block-columns is-layout-flex wp-container-core-columns-is-layout-1 wp-block-columns-is-layout-flex\">\n<div class=\"wp-block-column is-layout-flow wp-block-column-is-layout-flow\">\n<p class=\"has-text-align-center\"><strong>Pr\u00e9sentation n<sup>o<\/sup>&nbsp;1<\/strong> (en anglais)&nbsp;: mercredi&nbsp;10&nbsp;juillet, de 10&nbsp;h&nbsp;30 \u00e0 12&nbsp;h (HE)<\/p>\n\n\n\n<div class=\"wp-block-buttons is-content-justification-center is-layout-flex wp-container-core-buttons-is-layout-2 wp-block-buttons-is-layout-flex\">\n<div class=\"wp-block-button\"><a class=\"wp-block-button__link has-background wp-element-button\" href=\"https:\/\/can01.safelinks.protection.outlook.com\/?url=http%3A%2F%2Fclick.comms.crea.ca%2F%3Fqs%3Db1f29d542d4e2871e3e3bb2adfbda01003732e5e1c281035f59fdf8f934b067adae746d2d97d9bc269abdfb5d65eb5fd2fa2559d5a10717bc71b2908ac6e7faf&amp;data=05%7C02%7Cdhann%40crea.ca%7C9934818b2812413bf00f08dc9b90d970%7C909e5dee95804ba49c22bff0b635612f%7C1%7C0%7C638556293647512010%7CUnknown%7CTWFpbGZsb3d8eyJWIjoiMC4wLjAwMDAiLCJQIjoiV2luMzIiLCJBTiI6Ik1haWwiLCJXVCI6Mn0%3D%7C0%7C%7C%7C&amp;sdata=qTtS9MEgo41grsSH0EZVFgbNxioGGSnPhr3cIdtDoEE%3D&amp;reserved=0\" style=\"background-color:#d0191d\" target=\"_blank\" rel=\"noreferrer noopener\">S\u2019inscrire<\/a><\/div>\n<\/div>\n<\/div>\n\n\n\n<div class=\"wp-block-column is-layout-flow wp-block-column-is-layout-flow\">\n<p class=\"has-text-align-center\"><strong>Pr\u00e9sentation n<sup>o<\/sup>&nbsp;2<\/strong> (en anglais)&nbsp;: mardi&nbsp;16&nbsp;juillet, de 15&nbsp;h \u00e0 16&nbsp;h&nbsp;30 (HE)<\/p>\n\n\n\n<div class=\"wp-block-buttons is-content-justification-center is-layout-flex wp-container-core-buttons-is-layout-3 wp-block-buttons-is-layout-flex\">\n<div class=\"wp-block-button\"><a class=\"wp-block-button__link has-background wp-element-button\" href=\"https:\/\/can01.safelinks.protection.outlook.com\/?url=http%3A%2F%2Fclick.comms.crea.ca%2F%3Fqs%3Db1f29d542d4e2871da1b870e4ac19c36b01c686229774d08fe27dfd7d4c9794c49f3e77b8d7808e334cd27fe51114252b949c1f0b7d69d11e646e7a20c5681ce&amp;data=05%7C02%7Cdhann%40crea.ca%7C9934818b2812413bf00f08dc9b90d970%7C909e5dee95804ba49c22bff0b635612f%7C1%7C0%7C638556293647529754%7CUnknown%7CTWFpbGZsb3d8eyJWIjoiMC4wLjAwMDAiLCJQIjoiV2luMzIiLCJBTiI6Ik1haWwiLCJXVCI6Mn0%3D%7C0%7C%7C%7C&amp;sdata=pSbueP93txh2G%2BGddUoyxDtEsiEoGKV6wf57Gj1gK4s%3D&amp;reserved=0\" style=\"background-color:#d0191d\" target=\"_blank\" rel=\"noreferrer noopener\">S\u2019inscrire<\/a><\/div>\n<\/div>\n<\/div>\n<\/div>\n\n\n\n<p class=\"has-background\" style=\"background-color:#f2f2f2\">Remarque&nbsp;: Nous utiliserons Zoom Webinar, ce qui exige que chaque participant s\u2019inscrive individuellement \u00e0 une pr\u00e9sentation. Les liens d\u2019inscription ne peuvent pas \u00eatre communiqu\u00e9s \u00e0 d\u2019autres personnes.<\/p>\n\n\n\n<p>Visitez <a href=\"https:\/\/member.crea.ca\/fr\/produits-services\/outils-realtor-ca-pour-les-membres\/realtor-ca\/lavenir-de-realtor-ca\/\" target=\"_blank\" rel=\"noopener\" title=\"\">CREA.ca\/REALTORinc<\/a> pour obtenir les plus r\u00e9centes nouvelles, ainsi que des ressources mises \u00e0 jour, sur l\u2019avenir de REALTOR.ca.<br><br>Si vous avez des questions, n\u2019h\u00e9sitez pas \u00e0 communiquer avec l\u2019\u00e9quipe du Centre de l\u2019exp\u00e9rience des membres de l\u2019ACI par courriel \u00e0 <a href=\"mailto:support@CREA.ca?subject=\" target=\"_blank\" rel=\"noopener\" title=\"\">support@CREA.ca<\/a>support@crea.ca, ou par t\u00e9l\u00e9phone au 1-888-237-7945.<\/p>\n","protected":false},"excerpt":{"rendered":"<p>Au cours de la derni\u00e8re ann\u00e9e, L\u2019Association canadienne de l\u2019immobilier (ACI) a discut\u00e9 avec la communaut\u00e9 des associations immobili\u00e8res de l\u2019avenir de REALTOR.ca et de la possibilit\u00e9 de transformer la plateforme en une filiale distincte, assujettie \u00e0 l\u2019imp\u00f4t, en propri\u00e9t\u00e9 exclusive de l\u2019ACI.<\/p>\n","protected":false},"author":88,"featured_media":46926,"comment_status":"open","ping_status":"open","sticky":false,"template":"","format":"standard","meta":{"footnotes":""},"categories":[2366],"tags":[2380],"coauthors":[2218],"class_list":["post-46911","post","type-post","status-publish","format-standard","has-post-thumbnail","hentry","category-nouvelles-de-laci","tag-featured-fr-2"],"aioseo_notices":[],"_links":{"self":[{"href":"https:\/\/archive.cafe.crea.ca\/fr\/wp-json\/wp\/v2\/posts\/46911"}],"collection":[{"href":"https:\/\/archive.cafe.crea.ca\/fr\/wp-json\/wp\/v2\/posts"}],"about":[{"href":"https:\/\/archive.cafe.crea.ca\/fr\/wp-json\/wp\/v2\/types\/post"}],"author":[{"embeddable":true,"href":"https:\/\/archive.cafe.crea.ca\/fr\/wp-json\/wp\/v2\/users\/88"}],"replies":[{"embeddable":true,"href":"https:\/\/archive.cafe.crea.ca\/fr\/wp-json\/wp\/v2\/comments?post=46911"}],"version-history":[{"count":3,"href":"https:\/\/archive.cafe.crea.ca\/fr\/wp-json\/wp\/v2\/posts\/46911\/revisions"}],"predecessor-version":[{"id":46940,"href":"https:\/\/archive.cafe.crea.ca\/fr\/wp-json\/wp\/v2\/posts\/46911\/revisions\/46940"}],"wp:featuredmedia":[{"embeddable":true,"href":"https:\/\/archive.cafe.crea.ca\/fr\/wp-json\/wp\/v2\/media\/46926"}],"wp:attachment":[{"href":"https:\/\/archive.cafe.crea.ca\/fr\/wp-json\/wp\/v2\/media?parent=46911"}],"wp:term":[{"taxonomy":"category","embeddable":true,"href":"https:\/\/archive.cafe.crea.ca\/fr\/wp-json\/wp\/v2\/categories?post=46911"},{"taxonomy":"post_tag","embeddable":true,"href":"https:\/\/archive.cafe.crea.ca\/fr\/wp-json\/wp\/v2\/tags?post=46911"},{"taxonomy":"author","embeddable":true,"href":"https:\/\/archive.cafe.crea.ca\/fr\/wp-json\/wp\/v2\/coauthors?post=46911"}],"curies":[{"name":"wp","href":"https:\/\/api.w.org\/{rel}","templated":true}]}}