{"id":46532,"date":"2024-06-06T09:15:03","date_gmt":"2024-06-06T13:15:03","guid":{"rendered":"https:\/\/archive.cafe.crea.ca\/?p=46532"},"modified":"2024-06-06T09:15:52","modified_gmt":"2024-06-06T13:15:52","slug":"premiere-baisse-du-taux-directeur-de-la-banque-du-canada-depuis-mars-2020","status":"publish","type":"post","link":"https:\/\/archive.cafe.crea.ca\/fr\/premiere-baisse-du-taux-directeur-de-la-banque-du-canada-depuis-mars-2020\/","title":{"rendered":"Premi\u00e8re baisse du taux directeur de la Banque du Canada depuis mars\u00a02020"},"content":{"rendered":"\n<p>La Banque du Canada a indiqu\u00e9 qu\u2019elle <a href=\"https:\/\/www.crea.ca\/fr\/centre-des-medias\/communiques\/bank-of-canada-cuts-policy-rate-for-first-time-since-march-2020\/\" target=\"_blank\" rel=\"noopener\" title=\"\">abaissait son taux cible du financement \u00e0 un jour de 5\u00a0% \u00e0 4,75\u00a0%<\/a>. Cette d\u00e9cision, largement attendue par les march\u00e9s financiers, a marqu\u00e9 la premi\u00e8re r\u00e9duction du taux par la Banque depuis le d\u00e9but de la pand\u00e9mie il y a quatre\u00a0ans. Le taux se situe maintenant au m\u00eame niveau qu\u2019il y a exactement un an.<\/p>\n\n\n\n<blockquote class=\"twitter-tweet\"><p lang=\"fr\" dir=\"ltr\">Nous avons baiss\u00e9 notre taux directeur \u00e0 4,75 %.<br><br>En savoir plus: <a href=\"https:\/\/t.co\/GRGfK4FsOF\">https:\/\/t.co\/GRGfK4FsOF<\/a><a href=\"https:\/\/twitter.com\/hashtag\/%C3%A9conomie?src=hash&amp;ref_src=twsrc%5Etfw\">#\u00e9conomie<\/a> <a href=\"https:\/\/twitter.com\/hashtag\/%C3%A9concan?src=hash&amp;ref_src=twsrc%5Etfw\">#\u00e9concan<\/a> <a href=\"https:\/\/t.co\/KG6jo2Y4Bi\">pic.twitter.com\/KG6jo2Y4Bi<\/a><\/p>&mdash; Banque du Canada (@banqueducanada) <a href=\"https:\/\/twitter.com\/banqueducanada\/status\/1798356637012430945?ref_src=twsrc%5Etfw\">June 5, 2024<\/a><\/blockquote> <script async src=\"https:\/\/platform.twitter.com\/widgets.js\" charset=\"utf-8\"><\/script>\n\n\n\n<p>Lors de son annonce pr\u00e9vue du mercredi\u00a05\u00a0juin\u00a02024, la Banque <a href=\"https:\/\/www.banqueducanada.ca\/2024\/06\/fad-communique-2024-06-05\/?theme_mode=light&amp;_gl=1*1q5fcua*_ga*OTYwMjUxMjYuMTcxNzU5NjYzNw..*_ga_D0WRRH3RZH*MTcxNzYxNDEyMC4zLjEuMTcxNzYxNDkzNi42MC4wLjA.\" target=\"_blank\" rel=\"noopener\" title=\"\">a indiqu\u00e9<\/a> que l\u2019\u00e9conomie du Canada a progress\u00e9 au cours du premier\u00a0trimestre de\u00a02024, mais que sa croissance demeure plus lente que pr\u00e9vu. Alors que la croissance de consommation, les investissements des entreprises et l\u2019activit\u00e9 sur le march\u00e9 du logement sont demeur\u00e9s solides, la Banque r\u00e9it\u00e8re le fait que l\u2019emploi s\u2019accro\u00eet moins vite que la population active.<\/p>\n\n\n\n<p>La Banque continue de mettre l\u2019accent sur la hausse des co\u00fbts li\u00e9s au logement comme facteur contribuant de fa\u00e7on consid\u00e9rable \u00e0 l\u2019inflation. Cependant, elle a \u00e9galement fait remarquer que les mesures de l\u2019inflation globale et de l\u2019inflation fondamentale montrent des signes de ralentissement et avoisinent leurs moyennes historiques.<\/p>\n\n\n\n<p>Avec un taux d\u2019inflation maintenant dans la fourchette pr\u00e9f\u00e9r\u00e9e de la Banque (1\u00a0% \u00e0 3\u00a0%) et une confiance accrue que le taux poursuivra sa descente vers sa cible de 2\u00a0%, la Banque a indiqu\u00e9 que \u00ab\u00a0la politique mon\u00e9taire n\u2019avait plus besoin d\u2019\u00eatre aussi restrictive\u00a0\u00bb et a donc abaiss\u00e9 le taux directeur de 25\u00a0points de base.<\/p>\n\n\n\n<p>La prochaine annonce de la Banque du Canada concernant le taux d\u2019int\u00e9r\u00eat aura lieu le 24\u00a0juillet\u00a02024, date \u00e0 laquelle elle publiera \u00e9galement ses perspectives compl\u00e8tes de l\u2019\u00e9conomie et de l\u2019inflation dans son <a href=\"https:\/\/www.banqueducanada.ca\/publication\/rpm\/?theme_mode=light&amp;_gl=1*1p4996q*_ga*OTYwMjUxMjYuMTcxNzU5NjYzNw..*_ga_D0WRRH3RZH*MTcxNzYxNDEyMC4zLjAuMTcxNzYxNDEyMC42MC4wLjA.\" target=\"_blank\" rel=\"noopener\" title=\"\"><em>Rapport sur la politique mon\u00e9taire<\/em><\/a>.<\/p>\n","protected":false},"excerpt":{"rendered":"<p>La Banque du Canada a indiqu\u00e9 qu\u2019elle abaissait son taux cible du financement \u00e0 un jour de 5\u00a0% \u00e0 4,75\u00a0%. Cette d\u00e9cision, largement attendue par les march\u00e9s financiers, a marqu\u00e9 la premi\u00e8re r\u00e9duction du taux par la Banque depuis le d\u00e9but de la pand\u00e9mie il y a quatre\u00a0ans.<\/p>\n","protected":false},"author":130,"featured_media":46541,"comment_status":"open","ping_status":"open","sticky":false,"template":"","format":"standard","meta":{"footnotes":""},"categories":[2367],"tags":[2379,2380],"coauthors":[2388],"class_list":["post-46532","post","type-post","status-publish","format-standard","has-post-thumbnail","hentry","category-statistiques","tag-featured-fr","tag-featured-fr-2"],"aioseo_notices":[],"_links":{"self":[{"href":"https:\/\/archive.cafe.crea.ca\/fr\/wp-json\/wp\/v2\/posts\/46532"}],"collection":[{"href":"https:\/\/archive.cafe.crea.ca\/fr\/wp-json\/wp\/v2\/posts"}],"about":[{"href":"https:\/\/archive.cafe.crea.ca\/fr\/wp-json\/wp\/v2\/types\/post"}],"author":[{"embeddable":true,"href":"https:\/\/archive.cafe.crea.ca\/fr\/wp-json\/wp\/v2\/users\/130"}],"replies":[{"embeddable":true,"href":"https:\/\/archive.cafe.crea.ca\/fr\/wp-json\/wp\/v2\/comments?post=46532"}],"version-history":[{"count":2,"href":"https:\/\/archive.cafe.crea.ca\/fr\/wp-json\/wp\/v2\/posts\/46532\/revisions"}],"predecessor-version":[{"id":46545,"href":"https:\/\/archive.cafe.crea.ca\/fr\/wp-json\/wp\/v2\/posts\/46532\/revisions\/46545"}],"wp:featuredmedia":[{"embeddable":true,"href":"https:\/\/archive.cafe.crea.ca\/fr\/wp-json\/wp\/v2\/media\/46541"}],"wp:attachment":[{"href":"https:\/\/archive.cafe.crea.ca\/fr\/wp-json\/wp\/v2\/media?parent=46532"}],"wp:term":[{"taxonomy":"category","embeddable":true,"href":"https:\/\/archive.cafe.crea.ca\/fr\/wp-json\/wp\/v2\/categories?post=46532"},{"taxonomy":"post_tag","embeddable":true,"href":"https:\/\/archive.cafe.crea.ca\/fr\/wp-json\/wp\/v2\/tags?post=46532"},{"taxonomy":"author","embeddable":true,"href":"https:\/\/archive.cafe.crea.ca\/fr\/wp-json\/wp\/v2\/coauthors?post=46532"}],"curies":[{"name":"wp","href":"https:\/\/api.w.org\/{rel}","templated":true}]}}