{"id":46458,"date":"2024-05-28T13:19:17","date_gmt":"2024-05-28T17:19:17","guid":{"rendered":"https:\/\/archive.cafe.crea.ca\/?p=46458"},"modified":"2024-05-28T13:29:32","modified_gmt":"2024-05-28T17:29:32","slug":"chute-des-ventes-residentielles-canadiennes-pourquoi-les-acheteurs-hesitent-ils","status":"publish","type":"post","link":"https:\/\/archive.cafe.crea.ca\/fr\/chute-des-ventes-residentielles-canadiennes-pourquoi-les-acheteurs-hesitent-ils\/","title":{"rendered":"Chute des ventes r\u00e9sidentielles canadiennes : pourquoi les acheteurs h\u00e9sitent-ils?"},"content":{"rendered":"\n<p>Il semble que les acheteurs canadiens h\u00e9sitent \u00e0 sortir de leur hibernation.<\/p>\n\n\n\n<p>Si l\u2019on compare le nombre de propri\u00e9t\u00e9s vendues en avril et en mars, on constate que le nombre de transactions a baiss\u00e9 de 1,7&nbsp;%.<\/p>\n\n\n\n<p>Lorsqu\u2019on compare les donn\u00e9es d\u2019une ann\u00e9e \u00e0 l\u2019autre, les ventes de propri\u00e9t\u00e9s ont augment\u00e9 de 10,1&nbsp;% en avril&nbsp;2024 par rapport \u00e0 avril&nbsp;2023, mais, comme toujours, il est important de garder en t\u00eate que les comparaisons d\u2019une ann\u00e9e \u00e0 l\u2019autre offrent de bons points de r\u00e9f\u00e9rence, tandis que les comparaisons d\u2019un mois \u00e0 l\u2019autre permettent d\u2019analyser les tendances.<\/p>\n\n\n\n<figure class=\"wp-block-image size-full\"><img loading=\"lazy\" decoding=\"async\" width=\"839\" height=\"575\" src=\"https:\/\/archive.cafe.crea.ca\/wp-content\/uploads\/2024\/05\/natl_chartA01_xhi-res_fr.png\" alt=\"\" class=\"wp-image-46470\" srcset=\"https:\/\/archive.cafe.crea.ca\/wp-content\/uploads\/2024\/05\/natl_chartA01_xhi-res_fr.png 839w, https:\/\/archive.cafe.crea.ca\/wp-content\/uploads\/2024\/05\/natl_chartA01_xhi-res_fr-768x526.png 768w, https:\/\/archive.cafe.crea.ca\/wp-content\/uploads\/2024\/05\/natl_chartA01_xhi-res_fr-833x571.png 833w\" sizes=\"(max-width: 839px) 100vw, 839px\" \/><\/figure>\n\n\n\n<p>Avant d\u2019examiner ce qui explique les tendances actuelles, rappelons-nous comment nous en sommes arriv\u00e9s l\u00e0&nbsp;:<\/p>\n\n\n\n<ul class=\"wp-block-list\">\n<li>en avril&nbsp;2023, les nouvelles inscriptions \u00e9taient \u00e0 leur plus bas niveau depuis 20&nbsp;ans;<\/li>\n\n\n\n<li>les acheteurs se sont soudainement retrouv\u00e9s sur le march\u00e9, ce qui a entra\u00een\u00e9 une croissance des prix qui n\u2019avait pas \u00e9t\u00e9 observ\u00e9e depuis le milieu de 2020 jusqu\u2019au d\u00e9but de 2022;<\/li>\n\n\n\n<li>la Banque du Canada a ensuite hauss\u00e9 les taux \u00e0 deux&nbsp;reprises au cours de l\u2019\u00e9t\u00e9&nbsp;2023, ce qui a effectivement frein\u00e9 la croissance;<\/li>\n\n\n\n<li>la Banque du Canada a dit explicitement qu\u2019elle ne souhaite pas que le prix des propri\u00e9t\u00e9s augmente de nouveau.<\/li>\n<\/ul>\n\n\n\n<figure class=\"wp-block-image size-full\"><img loading=\"lazy\" decoding=\"async\" width=\"839\" height=\"575\" src=\"https:\/\/archive.cafe.crea.ca\/wp-content\/uploads\/2024\/05\/natl_chartA04_xhi-res_fr-1.png\" alt=\"\" class=\"wp-image-46472\" srcset=\"https:\/\/archive.cafe.crea.ca\/wp-content\/uploads\/2024\/05\/natl_chartA04_xhi-res_fr-1.png 839w, https:\/\/archive.cafe.crea.ca\/wp-content\/uploads\/2024\/05\/natl_chartA04_xhi-res_fr-1-768x526.png 768w, https:\/\/archive.cafe.crea.ca\/wp-content\/uploads\/2024\/05\/natl_chartA04_xhi-res_fr-1-833x571.png 833w\" sizes=\"(max-width: 839px) 100vw, 839px\" \/><\/figure>\n\n\n\n<h2 class=\"wp-block-heading\">Pourquoi les ventes r\u00e9sidentielles ont-elles diminu\u00e9 en avril?<\/h2>\n\n\n\n<p>Selon Shaun&nbsp;Cathcart, \u00e9conomiste principal de L\u2019Association canadienne de l\u2019immobilier (ACI), dans le dernier Rapport sur le march\u00e9 de l\u2019habitation de l\u2019ACI (version int\u00e9grale ci-dessous, en anglais seulement), un march\u00e9 en effervescence \u00e9tait beaucoup moins probable cette ann\u00e9e parce que \u00ab&nbsp;nous avons une offre plus saine d\u2019inscriptions sur le march\u00e9&nbsp;\u00bb.<\/p>\n\n\n\n<p>\u00ab&nbsp;Il y a 30&nbsp;000&nbsp;inscriptions de plus \u00e0 ce moment-ci de l\u2019ann\u00e9e que l\u2019an dernier, et les nouvelles inscriptions sont revenues \u00e0 des niveaux normaux \u00e0 ce stade-ci&nbsp;\u00bb, a indiqu\u00e9 M.&nbsp;Cathcart. En avril, le ratio national des ventes par rapport aux nouvelles inscriptions a chut\u00e9 \u00e0 53,4&nbsp;%, ce qui indique un march\u00e9 \u00ab&nbsp;\u00e9quilibr\u00e9&nbsp;\u00bb, inf\u00e9rieur \u00e0 la moyenne nationale \u00e0 long terme de 55&nbsp;%.<\/p>\n\n\n\n<figure class=\"wp-block-image size-full\"><img loading=\"lazy\" decoding=\"async\" width=\"839\" height=\"575\" src=\"https:\/\/archive.cafe.crea.ca\/wp-content\/uploads\/2024\/05\/natl_chartA03_xhi-res_fr.png\" alt=\"\" class=\"wp-image-46474\" srcset=\"https:\/\/archive.cafe.crea.ca\/wp-content\/uploads\/2024\/05\/natl_chartA03_xhi-res_fr.png 839w, https:\/\/archive.cafe.crea.ca\/wp-content\/uploads\/2024\/05\/natl_chartA03_xhi-res_fr-768x526.png 768w, https:\/\/archive.cafe.crea.ca\/wp-content\/uploads\/2024\/05\/natl_chartA03_xhi-res_fr-833x571.png 833w\" sizes=\"(max-width: 839px) 100vw, 839px\" \/><\/figure>\n\n\n\n<p>Ce qui se passe peut-\u00eatre, a-t-il ajout\u00e9, c\u2019est que de nombreux acheteurs potentiels canadiens attendent concr\u00e8tement une baisse des taux d\u2019int\u00e9r\u00eat, qui pourrait ne pas se profiler \u00e0 l\u2019horizon avant la fin de juillet.<\/p>\n\n\n\n<p>Donc, en r\u00e9sum\u00e9, m\u00eame s\u2019il y a plus de propri\u00e9t\u00e9s sur le march\u00e9, les acheteurs canadiens h\u00e9sitent encore plus par rapport \u00e0 l\u2019an dernier, peut-\u00eatre jusqu\u2019\u00e0 ce qu\u2019ils soient convaincus que les taux d\u2019int\u00e9r\u00eat sont \u00e0 la baisse.<\/p>\n\n\n\n<h2 class=\"wp-block-heading\">Les prix des propri\u00e9t\u00e9s canadiennes demeurent pratiquement inchang\u00e9s<\/h2>\n\n\n\n<p>Un plus grand nombre de propri\u00e9t\u00e9s et moins de ventes ont contribu\u00e9 \u00e0 la stabilit\u00e9 des prix en avril. L\u2019ACI a d\u00e9clar\u00e9 que le ralentissement des ventes, malgr\u00e9 un plus grand nombre de nouvelles inscriptions, a entra\u00een\u00e9 une hausse marqu\u00e9e de 6,5&nbsp;% du nombre total de propri\u00e9t\u00e9s sur le march\u00e9, mais l\u2019<a href=\"https:\/\/www.crea.ca\/fr\/analyses-du-marche-de-lhabitation\/indice-des-prix-des-proprietes-mls-ipp-mls\/\" target=\"_blank\" rel=\"noopener\" title=\"\">Indice des prix des propri\u00e9t\u00e9s MLS\u00ae (IPP MLS\u00ae)<\/a>&nbsp;\u2013&nbsp;l\u2019outil le plus avanc\u00e9 et le plus pr\u00e9cis pour \u00e9valuer les niveaux et les tendances des prix des propri\u00e9t\u00e9s dans un quartier&nbsp;\u2013&nbsp;est demeur\u00e9 le m\u00eame en avril comparativement \u00e0 mars.<\/p>\n\n\n\n<p>\u00ab&nbsp;L\u2019augmentation du nombre d\u2019inscriptions donne lieu aux conditions de march\u00e9 les plus \u00e9quilibr\u00e9es \u00e0 l\u2019\u00e9chelle nationale depuis avant la pand\u00e9mie, pr\u00e9cise&nbsp;<a href=\"https:\/\/www.realtor.ca\/courtier-immobilier\/1566130\/james-mabey-110-5-giroux-rd-st-albert-alberta-t8n6j8\" target=\"_blank\" rel=\"noopener\" title=\"\">James&nbsp;Mabey<\/a>, nouveau pr\u00e9sident du conseil d\u2019administration de l\u2019ACI de 2024-2025. Les taux hypoth\u00e9caires demeurent \u00e9lev\u00e9s et beaucoup de gens peinent toujours \u00e0 p\u00e9n\u00e9trer le march\u00e9, mais pour ceux qui sont en mesure de le faire, c\u2019est le premier march\u00e9 printanier depuis un certain temps o\u00f9 ils peuvent \u00e9valuer l\u2019offre, prendre leur temps et exercer un certain pouvoir de n\u00e9gociation.&nbsp;\u00bb<\/p>\n\n\n\n<p>L\u2019Indice des prix des propri\u00e9t\u00e9s MLS\u00ae (IPP MLS\u00ae) national et compos\u00e9 non d\u00e9saisonnalis\u00e9 a diminu\u00e9 de 0,9&nbsp;% d\u2019une ann\u00e9e \u00e0 l\u2019autre, soit la premi\u00e8re baisse enregistr\u00e9e depuis juillet dernier. \u00ab&nbsp;Cela refl\u00e8te principalement la hausse des prix en avril&nbsp;2023, ce qui n\u2019a toujours pas eu lieu en 2024&nbsp;\u00bb,&nbsp;<a href=\"https:\/\/stats.crea.ca\/fr-CA\/\" target=\"_blank\" rel=\"noopener\" title=\"\">a d\u00e9clar\u00e9 l\u2019ACI dans son rapport mensuel<\/a>.<\/p>\n\n\n\n<p>En avril&nbsp;2024, le prix moyen r\u00e9el des propri\u00e9t\u00e9s vendues au pays \u00e9tait de 703&nbsp;446&nbsp;$, une diminution de 1,8&nbsp;% par rapport \u00e0 avril&nbsp;2023.<\/p>\n\n\n\n<figure class=\"wp-block-image size-full\"><img loading=\"lazy\" decoding=\"async\" width=\"839\" height=\"575\" src=\"https:\/\/archive.cafe.crea.ca\/wp-content\/uploads\/2024\/05\/natl_chart_of_interest03_xhi-res_fr-1.png\" alt=\"\" class=\"wp-image-46476\" srcset=\"https:\/\/archive.cafe.crea.ca\/wp-content\/uploads\/2024\/05\/natl_chart_of_interest03_xhi-res_fr-1.png 839w, https:\/\/archive.cafe.crea.ca\/wp-content\/uploads\/2024\/05\/natl_chart_of_interest03_xhi-res_fr-1-768x526.png 768w, https:\/\/archive.cafe.crea.ca\/wp-content\/uploads\/2024\/05\/natl_chart_of_interest03_xhi-res_fr-1-833x571.png 833w\" sizes=\"(max-width: 839px) 100vw, 839px\" \/><\/figure>\n\n\n\n<p>En ce qui concerne le processus d\u2019achat ou de vente d\u2019une propri\u00e9t\u00e9 dans ces conditions, M.&nbsp;Mabey a un conseil \u00e0 donner&nbsp;: \u00ab&nbsp;Les conditions du march\u00e9 varient d\u2019un bout \u00e0 l\u2019autre du pays, alors si vous songez \u00e0 acheter ou \u00e0 vendre une propri\u00e9t\u00e9 cette ann\u00e9e, vous devriez communiquer avec un courtier ou agent immobilier de votre r\u00e9gion d\u00e8s aujourd\u2019hui.&nbsp;\u00bb<\/p>\n","protected":false},"excerpt":{"rendered":"<p>Il semble que les acheteurs canadiens h\u00e9sitent \u00e0 sortir de leur hibernation. Si l\u2019on compare le nombre de propri\u00e9t\u00e9s vendues en avril et en mars, on constate que le nombre de transactions a baiss\u00e9 de 1,7\u00a0%.<\/p>\n","protected":false},"author":74,"featured_media":46453,"comment_status":"open","ping_status":"open","sticky":false,"template":"","format":"standard","meta":{"footnotes":""},"categories":[2367],"tags":[2379],"coauthors":[2164],"class_list":["post-46458","post","type-post","status-publish","format-standard","has-post-thumbnail","hentry","category-statistiques","tag-featured-fr"],"aioseo_notices":[],"_links":{"self":[{"href":"https:\/\/archive.cafe.crea.ca\/fr\/wp-json\/wp\/v2\/posts\/46458"}],"collection":[{"href":"https:\/\/archive.cafe.crea.ca\/fr\/wp-json\/wp\/v2\/posts"}],"about":[{"href":"https:\/\/archive.cafe.crea.ca\/fr\/wp-json\/wp\/v2\/types\/post"}],"author":[{"embeddable":true,"href":"https:\/\/archive.cafe.crea.ca\/fr\/wp-json\/wp\/v2\/users\/74"}],"replies":[{"embeddable":true,"href":"https:\/\/archive.cafe.crea.ca\/fr\/wp-json\/wp\/v2\/comments?post=46458"}],"version-history":[{"count":2,"href":"https:\/\/archive.cafe.crea.ca\/fr\/wp-json\/wp\/v2\/posts\/46458\/revisions"}],"predecessor-version":[{"id":46479,"href":"https:\/\/archive.cafe.crea.ca\/fr\/wp-json\/wp\/v2\/posts\/46458\/revisions\/46479"}],"wp:featuredmedia":[{"embeddable":true,"href":"https:\/\/archive.cafe.crea.ca\/fr\/wp-json\/wp\/v2\/media\/46453"}],"wp:attachment":[{"href":"https:\/\/archive.cafe.crea.ca\/fr\/wp-json\/wp\/v2\/media?parent=46458"}],"wp:term":[{"taxonomy":"category","embeddable":true,"href":"https:\/\/archive.cafe.crea.ca\/fr\/wp-json\/wp\/v2\/categories?post=46458"},{"taxonomy":"post_tag","embeddable":true,"href":"https:\/\/archive.cafe.crea.ca\/fr\/wp-json\/wp\/v2\/tags?post=46458"},{"taxonomy":"author","embeddable":true,"href":"https:\/\/archive.cafe.crea.ca\/fr\/wp-json\/wp\/v2\/coauthors?post=46458"}],"curies":[{"name":"wp","href":"https:\/\/api.w.org\/{rel}","templated":true}]}}