{"id":45998,"date":"2024-04-23T17:01:42","date_gmt":"2024-04-23T21:01:42","guid":{"rendered":"https:\/\/archive.cafe.crea.ca\/?p=45998"},"modified":"2024-04-24T13:52:45","modified_gmt":"2024-04-24T17:52:45","slug":"laci-prevoit-une-reprise-des-ventes-residentielles","status":"publish","type":"post","link":"https:\/\/archive.cafe.crea.ca\/fr\/laci-prevoit-une-reprise-des-ventes-residentielles\/","title":{"rendered":"L\u2019ACI pr\u00e9voit une reprise des ventes r\u00e9sidentielles"},"content":{"rendered":"\n<p>Selon les plus r\u00e9centes pr\u00e9visions trimestrielles de l\u2019ACI, les taux d\u2019int\u00e9r\u00eat devraient demeurer le principal facteur qui influence les march\u00e9s de l\u2019habitation canadiens en 2024 et 2025.<br><br>L\u2019activit\u00e9 sur plusieurs march\u00e9s de l\u2019habitation canadiens est demeur\u00e9e au ralenti depuis les hausses des taux d\u2019int\u00e9r\u00eat de la Banque du Canada l\u2019\u00e9t\u00e9 dernier. Les <a href=\"https:\/\/archive.cafe.crea.ca\/fr\/la-banque-du-canada-maintient-son-taux-directeur-a-5-et-continue-de-chercher-dautres-signes-dune-tendance-a-la-baisse-de-linflation\/\" target=\"_blank\" rel=\"noopener\" title=\"\">taux d\u2019int\u00e9r\u00eat<\/a> ont \u00e9t\u00e9 le principal facteur influen\u00e7ant les march\u00e9s au cours des derni\u00e8res ann\u00e9es, et cette tendance devrait se poursuivre en 2024 et 2025.<\/p>\n\n\n\n<figure class=\"wp-block-image size-full\"><img loading=\"lazy\" decoding=\"async\" width=\"830\" height=\"550\" src=\"https:\/\/archive.cafe.crea.ca\/wp-content\/uploads\/2024\/04\/ForecastChartFR.jpg\" alt=\"\" class=\"wp-image-45988\" srcset=\"https:\/\/archive.cafe.crea.ca\/wp-content\/uploads\/2024\/04\/ForecastChartFR.jpg 830w, https:\/\/archive.cafe.crea.ca\/wp-content\/uploads\/2024\/04\/ForecastChartFR-768x509.jpg 768w\" sizes=\"(max-width: 830px) 100vw, 830px\" \/><\/figure>\n\n\n\n<p>Les attentes quant au moment de la premi\u00e8re baisse des taux en 2024 semblent viser davantage la deuxi\u00e8me moiti\u00e9 de l\u2019ann\u00e9e, et sur les march\u00e9s financiers, on pr\u00e9voit actuellement des baisses d\u2019environ 50\u00a0points de base d\u2019ici \u00e0 la fin de 2024.<br><br>Les <a href=\"https:\/\/www.crea.ca\/fr\/centre-des-medias\/communiques\/hints-of-active-spring-market-in-march-housing-data\/\" target=\"_blank\" rel=\"noopener\" title=\"\">statistiques du mois de mars\u00a02024<\/a> que l\u2019ACI a publi\u00e9es indiquent un rebond de l\u2019offre autour de la deuxi\u00e8me semaine de mars, suivie d\u2019une pouss\u00e9e des ventes durant la derni\u00e8re semaine du mois, et d\u2019une augmentation consid\u00e9rable des inscriptions au cours de la premi\u00e8re semaine d\u2019avril. Ces r\u00e9sultats donnent l\u2019impression que le march\u00e9 serait en train de prendre de l\u2019\u00e9lan.<\/p>\n\n\n\n<figure class=\"wp-block-image size-full\"><img loading=\"lazy\" decoding=\"async\" width=\"830\" height=\"456\" src=\"https:\/\/archive.cafe.crea.ca\/wp-content\/uploads\/2024\/04\/ForecastTableFR.jpg\" alt=\"\" class=\"wp-image-45990\" srcset=\"https:\/\/archive.cafe.crea.ca\/wp-content\/uploads\/2024\/04\/ForecastTableFR.jpg 830w, https:\/\/archive.cafe.crea.ca\/wp-content\/uploads\/2024\/04\/ForecastTableFR-768x422.jpg 768w\" sizes=\"(max-width: 830px) 100vw, 830px\" \/><\/figure>\n\n\n\n<figure class=\"wp-block-image size-full\"><img loading=\"lazy\" decoding=\"async\" width=\"830\" height=\"446\" src=\"https:\/\/archive.cafe.crea.ca\/wp-content\/uploads\/2024\/04\/ForecastTable2EN.jpg\" alt=\"\" class=\"wp-image-45986\" srcset=\"https:\/\/archive.cafe.crea.ca\/wp-content\/uploads\/2024\/04\/ForecastTable2EN.jpg 830w, https:\/\/archive.cafe.crea.ca\/wp-content\/uploads\/2024\/04\/ForecastTable2EN-768x413.jpg 768w\" sizes=\"(max-width: 830px) 100vw, 830px\" \/><\/figure>\n\n\n\n<p>Il est pr\u00e9vu que 492\u00a0083\u00a0propri\u00e9t\u00e9s r\u00e9sidentielles changeront de mains par l\u2019entremise des syst\u00e8mes MLS\u00ae canadiens en 2024, soit une hausse de 10,5\u00a0% par rapport \u00e0 2023. Ces donn\u00e9es demeurent pratiquement inchang\u00e9es depuis les derni\u00e8res pr\u00e9visions de l\u2019ACI.<br><br>En 2024, le prix moyen national d\u2019une propri\u00e9t\u00e9 devrait augmenter de 4,9\u00a0% sur une base annuelle, pour atteindre 710\u00a0468\u00a0$. En 2025, les ventes r\u00e9sidentielles nationales devraient augmenter encore de 7,8\u00a0%, pour atteindre 530\u00a0494\u00a0unit\u00e9s \u00e0 mesure que les taux d\u2019int\u00e9r\u00eat continuent de diminuer et de se rapprocher de niveaux plus normaux ou \u00ab\u00a0neutres\u00a0\u00bb.<br><br>Le prix moyen national d\u2019une propri\u00e9t\u00e9 devrait augmenter de\u00a07\u00a0% de\u00a02024 \u00e0 2025, pour atteindre\u00a0760\u00a0120\u00a0$.<em><br><br>Chaque trimestre, l\u2019ACI analyse les donn\u00e9es des syst\u00e8mes MLS\u00ae des chambres et associations immobili\u00e8res canadiennes et met \u00e0 jour ses pr\u00e9visions sur les ventes r\u00e9sidentielles et le prix moyen des propri\u00e9t\u00e9s. L\u2019ACI publiera ses prochaines pr\u00e9visions le vendredi\u00a012\u00a0juillet\u00a02024.<\/em><\/p>\n","protected":false},"excerpt":{"rendered":"<p>Selon les plus r\u00e9centes pr\u00e9visions trimestrielles de l\u2019ACI, les taux d\u2019int\u00e9r\u00eat devraient demeurer le principal facteur qui influence les march\u00e9s de l\u2019habitation canadiens en 2024 et 2025.<\/p>\n","protected":false},"author":130,"featured_media":45984,"comment_status":"open","ping_status":"open","sticky":false,"template":"","format":"standard","meta":{"footnotes":""},"categories":[2367],"tags":[2379],"coauthors":[2388],"class_list":["post-45998","post","type-post","status-publish","format-standard","has-post-thumbnail","hentry","category-statistiques","tag-featured-fr"],"aioseo_notices":[],"_links":{"self":[{"href":"https:\/\/archive.cafe.crea.ca\/fr\/wp-json\/wp\/v2\/posts\/45998"}],"collection":[{"href":"https:\/\/archive.cafe.crea.ca\/fr\/wp-json\/wp\/v2\/posts"}],"about":[{"href":"https:\/\/archive.cafe.crea.ca\/fr\/wp-json\/wp\/v2\/types\/post"}],"author":[{"embeddable":true,"href":"https:\/\/archive.cafe.crea.ca\/fr\/wp-json\/wp\/v2\/users\/130"}],"replies":[{"embeddable":true,"href":"https:\/\/archive.cafe.crea.ca\/fr\/wp-json\/wp\/v2\/comments?post=45998"}],"version-history":[{"count":2,"href":"https:\/\/archive.cafe.crea.ca\/fr\/wp-json\/wp\/v2\/posts\/45998\/revisions"}],"predecessor-version":[{"id":46002,"href":"https:\/\/archive.cafe.crea.ca\/fr\/wp-json\/wp\/v2\/posts\/45998\/revisions\/46002"}],"wp:featuredmedia":[{"embeddable":true,"href":"https:\/\/archive.cafe.crea.ca\/fr\/wp-json\/wp\/v2\/media\/45984"}],"wp:attachment":[{"href":"https:\/\/archive.cafe.crea.ca\/fr\/wp-json\/wp\/v2\/media?parent=45998"}],"wp:term":[{"taxonomy":"category","embeddable":true,"href":"https:\/\/archive.cafe.crea.ca\/fr\/wp-json\/wp\/v2\/categories?post=45998"},{"taxonomy":"post_tag","embeddable":true,"href":"https:\/\/archive.cafe.crea.ca\/fr\/wp-json\/wp\/v2\/tags?post=45998"},{"taxonomy":"author","embeddable":true,"href":"https:\/\/archive.cafe.crea.ca\/fr\/wp-json\/wp\/v2\/coauthors?post=45998"}],"curies":[{"name":"wp","href":"https:\/\/api.w.org\/{rel}","templated":true}]}}