{"id":45933,"date":"2024-04-10T16:44:59","date_gmt":"2024-04-10T20:44:59","guid":{"rendered":"https:\/\/archive.cafe.crea.ca\/?p=45933"},"modified":"2024-04-24T14:49:04","modified_gmt":"2024-04-24T18:49:04","slug":"comment-organiser-une-journee-realtors-care-reussie","status":"publish","type":"post","link":"https:\/\/archive.cafe.crea.ca\/fr\/comment-organiser-une-journee-realtors-care-reussie\/","title":{"rendered":"Comment organiser une Journ\u00e9e REALTORS Care\u00ae r\u00e9ussie"},"content":{"rendered":"\n<p>\u00c0 la suite du <a href=\"https:\/\/archive.cafe.crea.ca\/fr\/les-journees-realtors-care-visent-a-encourager-le-benevolat-chez-les-courtiers-et-agents-immobiliers\/\" target=\"_blank\" rel=\"noopener\" title=\"\">lancement des Journ\u00e9es REALTORS Care\u00ae en 2024<\/a>, nous sommes ravis de voir les chambres et les associations commencer \u00e0 organiser leur \u00e9v\u00e9nement. \u00c0 l\u2019approche des mois d\u2019\u00e9t\u00e9 occup\u00e9s, nous vous offrons des conseils pour vous aider \u00e0 organiser un \u00e9v\u00e9nement r\u00e9ussi.<\/p>\n\n\n\n<div class=\"wp-block-aioseo-table-of-contents\"><ul><li><a href=\"#aioseo-quest-ce-quune-journee-realtors-care\">Qu\u2019est-ce qu\u2019une Journ\u00e9e REALTORS Care\u00ae?<\/a><\/li><li><a href=\"#aioseo-trouver-une-idee-decider-de-lemplacement-du-nombre-de-benevoles-et-de-lincidence-recherchee\">TROUVER UNE ID\u00c9E\u00a0: D\u00e9cider de l\u2019emplacement, du nombre de b\u00e9n\u00e9voles et de l\u2019incidence recherch\u00e9e<\/a><\/li><li><a href=\"#aioseo-debuter-etablir-des-liens-avec-des-partenaires-caritatifs-locaux\">D\u00c9BUTER\u00a0: \u00c9tablir des liens avec des partenaires caritatifs locaux<\/a><\/li><li><a href=\"#aioseo-mettre-en-oeuvre-recruter-des-benevoles-et-organiser-la-journee\">METTRE EN \u0152UVRE\u00a0: Recruter des b\u00e9n\u00e9voles et organiser la journ\u00e9e<\/a><\/li><li><a href=\"#aioseo-informer-celebrer-votre-reussite\">INFORMER\u00a0: C\u00e9l\u00e9brer votre r\u00e9ussite<\/a><\/li><li><a href=\"#aioseo-lequipe-realtors-care-de-laci-est-la-pour-vous-aider\">L\u2019\u00e9quipe REALTORS Care\u00ae de l\u2019ACI est l\u00e0 pour vous aider<\/a><\/li><li><a href=\"#aioseo-pour-les-courtiers-et-agents-immobiliers-qui-souhaitent-participer\">Pour les courtiers et agents immobiliers qui souhaitent participer<\/a><\/li><\/ul><\/div>\n\n\n\n<h2 class=\"wp-block-heading\" id=\"aioseo-quest-ce-quune-journee-realtors-care\"><strong>Qu\u2019est-ce qu\u2019une Journ\u00e9e REALTORS Care\u00ae?<\/strong><\/h2>\n\n\n\n<p>Une journ\u00e9e REALTORS Care\u00ae est une initiative de b\u00e9n\u00e9volat pratique \u00e0 l\u2019appui d\u2019un organisme de bienfaisance ou d\u2019un groupe communautaire li\u00e9 au logement ou aux refuges, organis\u00e9e par une chambre ou une association immobili\u00e8re. C\u2019est l\u2019occasion pour les courtiers et agents immobiliers d\u2019unir leurs forces et de prendre le temps de redonner \u00e0 leur collectivit\u00e9, tout en tissant des liens plus \u00e9troits avec les organismes locaux.<\/p>\n\n\n\n<p>La Journ\u00e9e REALTORS Care\u00ae de chaque chambre ou association est exclusive (<a href=\"https:\/\/journeesrealtorscare.ca\/reservez\/\" target=\"_blank\" rel=\"noopener\" title=\"\">premier arriv\u00e9, premier servi<\/a>) et peut \u00eatre organis\u00e9e durant l\u2019ann\u00e9e, au moment qui convient le mieux aux membres.<\/p>\n\n\n\n<h2 class=\"wp-block-heading\" id=\"aioseo-trouver-une-idee-decider-de-lemplacement-du-nombre-de-benevoles-et-de-lincidence-recherchee\"><strong>TROUVER UNE ID\u00c9E&nbsp;: D\u00e9cider de l\u2019emplacement, du nombre de b\u00e9n\u00e9voles et de l\u2019incidence recherch\u00e9e<\/strong><\/h2>\n\n\n\n<figure class=\"wp-block-image size-full\"><img loading=\"lazy\" decoding=\"async\" width=\"900\" height=\"675\" src=\"https:\/\/archive.cafe.crea.ca\/wp-content\/uploads\/2024\/04\/Blog2.jpg\" alt=\"\" class=\"wp-image-45921\" srcset=\"https:\/\/archive.cafe.crea.ca\/wp-content\/uploads\/2024\/04\/Blog2.jpg 900w, https:\/\/archive.cafe.crea.ca\/wp-content\/uploads\/2024\/04\/Blog2-768x576.jpg 768w, https:\/\/archive.cafe.crea.ca\/wp-content\/uploads\/2024\/04\/Blog2-761x571.jpg 761w\" sizes=\"(max-width: 900px) 100vw, 900px\" \/><\/figure>\n\n\n\n<p>Il y a d\u2019innombrables fa\u00e7ons de faire bouger les choses avec une Journ\u00e9e REALTORS Care\u00ae, et que votre chambre ou association offre des services dans une ville, une r\u00e9gion ou toute la province, il y a de nombreuses possibilit\u00e9s. Mais, que faire en premier? Tout d\u2019abord, organisez votre \u00e9quipe de planification et commencez \u00e0 r\u00e9fl\u00e9chir aux \u00e9tapes du <a href=\"https:\/\/realtorscaredays.ca\/wp-content\/uploads\/2023\/12\/Guide-des-Journees-REALTORS-Care.pdf\" target=\"_blank\" rel=\"noopener\" title=\"\">continuum du logement<\/a> o\u00f9 vous aimeriez avoir une incidence.<\/p>\n\n\n\n<p>Si vous avez une grande r\u00e9gion \u00e0 couvrir, vous pouvez envisager de mener plusieurs initiatives semblables le m\u00eame jour dans diff\u00e9rentes collectivit\u00e9s, ou faire une rotation de l\u2019endroit o\u00f9 se tient chaque ann\u00e9e la Journ\u00e9e REALTORS Care\u00ae pour permettre \u00e0 votre \u00e9quipe de se concentrer sur un \u00e9v\u00e9nement \u00e0 la fois.<\/p>\n\n\n\n<p>Bien que vous n\u2019ayez droit qu\u2019\u00e0 une seule Journ\u00e9e REALTORS Care\u00ae par ann\u00e9e, notre programme REALTORS Care\u00ae met en valeur le bon travail accompli tout au long de l\u2019ann\u00e9e, gr\u00e2ce \u00e0 notre blogue et aux m\u00e9dias sociaux (<strong>@REALTORSCare<\/strong> dans tous les m\u00e9dias sociaux). <a href=\"mailto:REALTORSCare@CREA.ca\" target=\"_blank\" rel=\"noopener\" title=\"\">Communiquez avec nous<\/a> pour savoir comment d\u2019autres \u00e9v\u00e9nements et efforts peuvent \u00eatre pr\u00e9sent\u00e9s.<\/p>\n\n\n\n<p class=\"has-background\" style=\"background-color:#f2f2f2\"><strong>Conseil&nbsp;:<\/strong> Avez-vous besoin d\u2019inspiration pour un projet? Les exemples du <a href=\"https:\/\/realtorscaredays.ca\/wp-content\/uploads\/2023\/12\/Guide-des-Journees-REALTORS-Care.pdf\" target=\"_blank\" rel=\"noopener\" title=\"\">Guide des Journ\u00e9es REALTORS Care\u00ae<\/a> peuvent vous aider.<\/p>\n\n\n\n<h2 class=\"wp-block-heading\" id=\"aioseo-debuter-etablir-des-liens-avec-des-partenaires-caritatifs-locaux\"><strong>D\u00c9BUTER&nbsp;: \u00c9tablir des liens avec des partenaires caritatifs locaux<\/strong><\/h2>\n\n\n\n<figure class=\"wp-block-image size-full\"><img loading=\"lazy\" decoding=\"async\" width=\"900\" height=\"675\" src=\"https:\/\/archive.cafe.crea.ca\/wp-content\/uploads\/2024\/04\/Blog3.jpg\" alt=\"\" class=\"wp-image-45927\" srcset=\"https:\/\/archive.cafe.crea.ca\/wp-content\/uploads\/2024\/04\/Blog3.jpg 900w, https:\/\/archive.cafe.crea.ca\/wp-content\/uploads\/2024\/04\/Blog3-768x576.jpg 768w, https:\/\/archive.cafe.crea.ca\/wp-content\/uploads\/2024\/04\/Blog3-761x571.jpg 761w\" sizes=\"(max-width: 900px) 100vw, 900px\" \/><\/figure>\n\n\n\n<p>Tout comme les courtiers et agents immobiliers recommandent aux acheteurs de cr\u00e9er une liste de souhaits pour leur nouvelle propri\u00e9t\u00e9, cr\u00e9ez une liste de besoins et de souhaits pour votre Journ\u00e9e REALTORS Care\u00ae avant de communiquer avec des organismes de bienfaisance locaux. Vous trouverez ainsi le partenaire id\u00e9al! Votre liste devrait comprendre des renseignements comme&nbsp;:<\/p>\n\n\n\n<ul class=\"wp-block-list\">\n<li>le nombre de b\u00e9n\u00e9voles dont vous aurez besoin;<\/li>\n\n\n\n<li>une plage de dates parmi lesquelles ils peuvent choisir;<\/li>\n\n\n\n<li>quelques activit\u00e9s id\u00e9ales (faites preuve de souplesse et collaborez avec votre partenaire de bienfaisance);<\/li>\n\n\n\n<li>tout don que vous lui offrirez pour appuyer sa mission.<\/li>\n<\/ul>\n\n\n\n<p>Ensuite, faites des recherches sur les organismes sans but lucratif locaux qui mettent l\u2019accent sur les solutions li\u00e9es au logement et communiquez avec eux par courriel en incluant votre liste. Une fois que vous avez re\u00e7u une r\u00e9ponse, organisez une r\u00e9union pour obtenir de plus amples renseignements sur ce qui est possible et sur ce dont ils auront besoin de votre part pour pr\u00e9parer vos b\u00e9n\u00e9voles \u00e0 r\u00e9ussir.<\/p>\n\n\n\n<p>Lorsque vous avez s\u00e9lectionn\u00e9 votre partenaire et la date, assurez-vous de <a href=\"https:\/\/journeesrealtorscare.ca\/reservez\/\" target=\"_blank\" rel=\"noopener\" title=\"\">r\u00e9server la date de votre Journ\u00e9e REALTORS Care\u00ae<\/a>.<\/p>\n\n\n\n<p class=\"has-background\" style=\"background-color:#f2f2f2\"><strong>Conseil&nbsp;:<\/strong> Vous ne savez pas quel partenaire choisir? Notre <a href=\"https:\/\/realtorscaredays.ca\/wp-content\/uploads\/2023\/12\/Journee-REALTORS-Care-trousse-Ressources-sur-le-logement-et-le-benevolat.pdf\" target=\"_blank\" rel=\"noopener\" title=\"\">trousse d\u2019accompagnement Ressources sur le logement et le b\u00e9n\u00e9volat<\/a> \u00e9num\u00e8re des dizaines d\u2019organismes de logement et de b\u00e9n\u00e9volat de partout au pays.<\/p>\n\n\n\n<h2 class=\"wp-block-heading\" id=\"aioseo-mettre-en-oeuvre-recruter-des-benevoles-et-organiser-la-journee\"><strong>METTRE EN \u0152UVRE&nbsp;: Recruter des b\u00e9n\u00e9voles et organiser la journ\u00e9e<\/strong><\/h2>\n\n\n\n<figure class=\"wp-block-image size-full\"><img loading=\"lazy\" decoding=\"async\" width=\"900\" height=\"675\" src=\"https:\/\/archive.cafe.crea.ca\/wp-content\/uploads\/2024\/04\/Blog1.jpg\" alt=\"\" class=\"wp-image-45923\" srcset=\"https:\/\/archive.cafe.crea.ca\/wp-content\/uploads\/2024\/04\/Blog1.jpg 900w, https:\/\/archive.cafe.crea.ca\/wp-content\/uploads\/2024\/04\/Blog1-768x576.jpg 768w, https:\/\/archive.cafe.crea.ca\/wp-content\/uploads\/2024\/04\/Blog1-761x571.jpg 761w\" sizes=\"(max-width: 900px) 100vw, 900px\" \/><\/figure>\n\n\n\n<p>Une fois que votre date a \u00e9t\u00e9 confirm\u00e9e et que notre \u00e9quipe vous a aid\u00e9 \u00e0 cr\u00e9er <a href=\"https:\/\/journeesrealtorscare.ca\/evenements\/\" target=\"_blank\" rel=\"noopener\" title=\"\">une page d\u2019\u00e9v\u00e9nement<\/a>, il est temps de commencer \u00e0 <a href=\"https:\/\/realtorscaredays.ca\/wp-content\/uploads\/2023\/12\/Guide-des-Journees-REALTORS-Care.pdf\" target=\"_blank\" rel=\"noopener\" title=\"\">recruter vos b\u00e9n\u00e9voles<\/a>. Avant de commencer, assurez-vous d\u2019\u00e9tablir des attentes claires avec les b\u00e9n\u00e9voles afin qu\u2019ils sachent \u00e0 quoi s\u2019attendre avant et le jour de l\u2019\u00e9v\u00e9nement.<\/p>\n\n\n\n<p>Avant l\u2019\u00e9v\u00e9nement, assurez-vous que les b\u00e9n\u00e9voles ont satisfait \u00e0 toutes les exigences de l\u2019organisme de bienfaisance et sign\u00e9 les renonciations requises (y compris un <a href=\"https:\/\/realtorscaredays.ca\/wp-content\/uploads\/2023\/12\/Journee-REALTORS-Care-trousse-Outils-et-modeles-de-communication.pdf\" target=\"_blank\" rel=\"noopener\" title=\"\">formulaire d\u2019autorisation pour la prise de photos<\/a>). Vous devrez \u00e9galement commander les articles REALTORS Care\u00ae n\u00e9cessaires pour vous assurer que les b\u00e9n\u00e9voles ont tout ce dont ils ont besoin pour accomplir leurs t\u00e2ches et se pr\u00e9senter \u00e0 leur meilleur. N\u2019oubliez pas que la <a href=\"https:\/\/realtorscaredays.ca\/wp-content\/uploads\/2023\/12\/REALTORS-Care-Days-2024-Bursary-Application-Form-FRE.pdf\" target=\"_blank\" rel=\"noopener\" title=\"\">bourse pour les Journ\u00e9es REALTORS Care\u00ae<\/a> couvrira jusqu\u2019\u00e0 1&nbsp;000&nbsp;$ en d\u00e9penses li\u00e9es \u00e0 l\u2019\u00e9v\u00e9nement.<\/p>\n\n\n\n<p>Pendant la journ\u00e9e, assurez-vous de prendre beaucoup de photos et de vid\u00e9os pour faire conna\u00eetre les efforts de vos b\u00e9n\u00e9voles et de votre partenaire caritatif. L\u2019\u00e9quipe REALTORS Care\u00ae suivra et partagera des publications sur votre travail tout au long de la journ\u00e9e sur ses r\u00e9seaux sociaux. N\u2019oubliez pas de mentionner <strong>@REALTORSCare<\/strong> dans vos publications sur les m\u00e9dias sociaux et d\u2019utiliser le mot-clic <strong>#Journ\u00e9esREALTORSCare<\/strong>.<\/p>\n\n\n\n<p>Assurez-vous de commencer et de terminer la journ\u00e9e en discutant avec les b\u00e9n\u00e9voles de l\u2019incidence de leurs efforts et des familles que leur travail soutient afin qu\u2019ils sachent ce qu\u2019ils ont accompli.<\/p>\n\n\n\n<p class=\"has-background\" style=\"background-color:#f2f2f2\"><strong>Conseil&nbsp;:<\/strong> Nos <a href=\"https:\/\/realtorscaredays.ca\/wp-content\/uploads\/2023\/12\/Journee-REALTORS-Care-trousse-Outils-et-modeles-de-communication.pdf\" target=\"_blank\" rel=\"noopener\" title=\"\">outils et mod\u00e8les de communication<\/a> pratiques peuvent vous aider \u00e0 passer le mot aux courtiers et agents immobiliers locaux et \u00e0 gagner du temps.<\/p>\n\n\n\n<h2 class=\"wp-block-heading\" id=\"aioseo-informer-celebrer-votre-reussite\"><strong>INFORMER&nbsp;: C\u00e9l\u00e9brer votre r\u00e9ussite<\/strong><\/h2>\n\n\n\n<figure class=\"wp-block-image size-full\"><img loading=\"lazy\" decoding=\"async\" width=\"900\" height=\"675\" src=\"https:\/\/archive.cafe.crea.ca\/wp-content\/uploads\/2024\/04\/Blog6.jpg\" alt=\"\" class=\"wp-image-45929\" srcset=\"https:\/\/archive.cafe.crea.ca\/wp-content\/uploads\/2024\/04\/Blog6.jpg 900w, https:\/\/archive.cafe.crea.ca\/wp-content\/uploads\/2024\/04\/Blog6-768x576.jpg 768w, https:\/\/archive.cafe.crea.ca\/wp-content\/uploads\/2024\/04\/Blog6-761x571.jpg 761w\" sizes=\"(max-width: 900px) 100vw, 900px\" \/><\/figure>\n\n\n\n<p>F\u00e9licitations! Votre journ\u00e9e est maintenant termin\u00e9e et il est temps de faire conna\u00eetre votre incidence avec le monde.<\/p>\n\n\n\n<p>Avant votre journ\u00e9e REALTORS Care\u00ae, le personnel de l\u2019ACI vous communiquera une liste de renseignements dont elle aura besoin apr\u00e8s votre \u00e9v\u00e9nement pour c\u00e9l\u00e9brer vos efforts sur le site REALTORSCare.ca et dans les m\u00e9dias sociaux. Assurez-vous de remercier vos b\u00e9n\u00e9voles et vos partenaires communautaires pour le r\u00f4le qu\u2019ils ont jou\u00e9 dans la cr\u00e9ation de votre Journ\u00e9e REALTORS Care\u00ae.<\/p>\n\n\n\n<p class=\"has-background\" style=\"background-color:#f2f2f2\"><strong>Conseil&nbsp;:<\/strong> Utilisez les <a href=\"https:\/\/journeesrealtorscare.ca\/ressources\/\" target=\"_blank\" rel=\"noopener\" title=\"\">mod\u00e8les pour les m\u00e9dias sociaux<\/a> pour faire conna\u00eetre facilement l\u2019incidence de votre Journ\u00e9e REALTORS Care\u00ae aupr\u00e8s de la collectivit\u00e9.<\/p>\n\n\n\n<h2 class=\"wp-block-heading\" id=\"aioseo-lequipe-realtors-care-de-laci-est-la-pour-vous-aider\"><strong>L\u2019\u00e9quipe REALTORS Care\u00ae de l\u2019ACI est l\u00e0 pour vous aider<\/strong><\/h2>\n\n\n\n<p>Quelle que soit l\u2019\u00e9tape \u00e0 laquelle votre chambre ou association se trouve dans la planification de sa Journ\u00e9e REALTORS Care\u00ae, l\u2019\u00e9quipe REALTORS Care\u00ae de l\u2019ACI est l\u00e0 pour vous aider. Communiquez avec l\u2019\u00e9quipe par courriel \u00e0 l\u2019adresse <a href=\"mailto:REALTORSCare@CREA.ca\" target=\"_blank\" rel=\"noopener\" title=\"\">REALTORSCare@CREA.ca<\/a> pour organiser un appel de soutien personnalis\u00e9 ou pour vous joindre \u00e0 la communaut\u00e9 des planificateurs des Journ\u00e9es REALTORS Care\u00ae et acc\u00e9der \u00e0 nos tables rondes bimensuelles des Journ\u00e9es REALTORS Care\u00ae.<\/p>\n\n\n\n<div class=\"wp-block-buttons is-layout-flex wp-block-buttons-is-layout-flex\">\n<div class=\"wp-block-button\"><a class=\"wp-block-button__link has-background wp-element-button\" style=\"background-color:#d0191d\">Ressources pour les Journ\u00e9es REALTORS Care\u00ae<\/a><\/div>\n<\/div>\n\n\n\n<div style=\"height:30px\" aria-hidden=\"true\" class=\"wp-block-spacer\"><\/div>\n\n\n\n<h2 class=\"wp-block-heading\" id=\"aioseo-pour-les-courtiers-et-agents-immobiliers-qui-souhaitent-participer\"><strong>Pour les courtiers et agents immobiliers qui souhaitent participer<\/strong><\/h2>\n\n\n\n<p>\u00cates-vous un courtier ou agent immobilier enthousiaste \u00e0 l\u2019id\u00e9e d\u2019en apprendre davantage sur la Journ\u00e9e REALTORS Care\u00ae de votre r\u00e9gion? Communiquez avec votre chambre ou association pour conna\u00eetre les d\u00e9tails de sa journ\u00e9e ou offrez-lui de vous joindre \u00e0 son \u00e9quipe de planification et contribuez \u00e0 cr\u00e9er des occasions de b\u00e9n\u00e9volat pour les courtiers et agents immobiliers dans votre collectivit\u00e9.<\/p>\n","protected":false},"excerpt":{"rendered":"<p>\u00c0 l\u2019approche des mois d\u2019\u00e9t\u00e9 occup\u00e9s, nous vous offrons quelques conseils pour vous aider \u00e0 organiser un \u00e9v\u00e9nement r\u00e9ussi.<\/p>\n","protected":false},"author":196,"featured_media":45919,"comment_status":"open","ping_status":"open","sticky":false,"template":"","format":"standard","meta":{"footnotes":""},"categories":[2372],"tags":[2379,2377],"coauthors":[2466],"class_list":["post-45933","post","type-post","status-publish","format-standard","has-post-thumbnail","hentry","category-divers","tag-featured-fr","tag-sidebar-fr"],"aioseo_notices":[],"_links":{"self":[{"href":"https:\/\/archive.cafe.crea.ca\/fr\/wp-json\/wp\/v2\/posts\/45933"}],"collection":[{"href":"https:\/\/archive.cafe.crea.ca\/fr\/wp-json\/wp\/v2\/posts"}],"about":[{"href":"https:\/\/archive.cafe.crea.ca\/fr\/wp-json\/wp\/v2\/types\/post"}],"author":[{"embeddable":true,"href":"https:\/\/archive.cafe.crea.ca\/fr\/wp-json\/wp\/v2\/users\/196"}],"replies":[{"embeddable":true,"href":"https:\/\/archive.cafe.crea.ca\/fr\/wp-json\/wp\/v2\/comments?post=45933"}],"version-history":[{"count":4,"href":"https:\/\/archive.cafe.crea.ca\/fr\/wp-json\/wp\/v2\/posts\/45933\/revisions"}],"predecessor-version":[{"id":45942,"href":"https:\/\/archive.cafe.crea.ca\/fr\/wp-json\/wp\/v2\/posts\/45933\/revisions\/45942"}],"wp:featuredmedia":[{"embeddable":true,"href":"https:\/\/archive.cafe.crea.ca\/fr\/wp-json\/wp\/v2\/media\/45919"}],"wp:attachment":[{"href":"https:\/\/archive.cafe.crea.ca\/fr\/wp-json\/wp\/v2\/media?parent=45933"}],"wp:term":[{"taxonomy":"category","embeddable":true,"href":"https:\/\/archive.cafe.crea.ca\/fr\/wp-json\/wp\/v2\/categories?post=45933"},{"taxonomy":"post_tag","embeddable":true,"href":"https:\/\/archive.cafe.crea.ca\/fr\/wp-json\/wp\/v2\/tags?post=45933"},{"taxonomy":"author","embeddable":true,"href":"https:\/\/archive.cafe.crea.ca\/fr\/wp-json\/wp\/v2\/coauthors?post=45933"}],"curies":[{"name":"wp","href":"https:\/\/api.w.org\/{rel}","templated":true}]}}