{"id":45686,"date":"2024-03-14T09:07:06","date_gmt":"2024-03-14T13:07:06","guid":{"rendered":"https:\/\/archive.cafe.crea.ca\/?p=45686"},"modified":"2024-03-14T09:42:56","modified_gmt":"2024-03-14T13:42:56","slug":"la-banque-du-canada-maintient-son-taux-directeur-a-5-aucun-mouvement-nest-probable-avant-le-second-semestre-de-2024","status":"publish","type":"post","link":"https:\/\/archive.cafe.crea.ca\/fr\/la-banque-du-canada-maintient-son-taux-directeur-a-5-aucun-mouvement-nest-probable-avant-le-second-semestre-de-2024\/","title":{"rendered":"La Banque du Canada maintient son taux directeur \u00e0 5\u00a0%, aucun mouvement n\u2019est probable avant le second semestre de 2024"},"content":{"rendered":"\n<p>La Banque du Canada a indiqu\u00e9 qu\u2019elle maintenait son taux cible du financement \u00e0 un jour \u00e0 5\u00a0%, comme on s\u2019y attendait g\u00e9n\u00e9ralement. Il s\u2019agit de sa cinqui\u00e8me d\u00e9cision cons\u00e9cutive de maintenir le taux apr\u00e8s deux\u00a0hausses l\u2019\u00e9t\u00e9 dernier.<\/p>\n\n\n\n<blockquote class=\"twitter-tweet\"><p lang=\"fr\" dir=\"ltr\">Nous avons maintenu notre taux directeur \u00e0 5,00 %.<br><br>En savoir plus: <a href=\"https:\/\/t.co\/f2yM3obzGa\">https:\/\/t.co\/f2yM3obzGa<\/a><a href=\"https:\/\/twitter.com\/hashtag\/%C3%A9conomie?src=hash&amp;ref_src=twsrc%5Etfw\">#\u00e9conomie<\/a> <a href=\"https:\/\/twitter.com\/hashtag\/%C3%A9concan?src=hash&amp;ref_src=twsrc%5Etfw\">#\u00e9concan<\/a> <a href=\"https:\/\/t.co\/qj0vQTZUOk\">pic.twitter.com\/qj0vQTZUOk<\/a><\/p>&mdash; Banque du Canada (@banqueducanada) <a href=\"https:\/\/twitter.com\/banqueducanada\/status\/1765407106323083413?ref_src=twsrc%5Etfw\">March 6, 2024<\/a><\/blockquote> <script async src=\"https:\/\/platform.twitter.com\/widgets.js\" charset=\"utf-8\"><\/script>\n\n\n\n<p>Lors de sa plus r\u00e9cente annonce concernant le taux d\u2019int\u00e9r\u00eat, pr\u00e9vue le 6\u00a0mars\u00a02024, <a href=\"https:\/\/www.banqueducanada.ca\/2024\/03\/fad-communique-2024-03-06\/?theme_mode=light&amp;_gl=1*1gjho8z*_ga*NTUxMjQwNjEuMTcwMDU5NTc2MQ..*_ga_D0WRRH3RZH*MTcxMDM0MjE5MC40LjAuMTcxMDM0MjE5MC42MC4wLjA.\" target=\"_blank\" rel=\"noopener\" title=\"\">la Banque a not\u00e9<\/a> que l\u2019\u00e9conomie canadienne a \u00e9t\u00e9 sup\u00e9rieure aux attentes au quatri\u00e8me trimestre de 2023, mais qu\u2019elle demeure faible. La Banque a \u00e9galement cit\u00e9 divers facteurs \u00e9conomiques allant dans des directions oppos\u00e9es, comme la baisse des investissements des entreprises, mais de fortes hausses des exportations, ce qui laisse l\u2019\u00e9conomie dans son ensemble en situation de \u00ab\u00a0modeste offre exc\u00e9dentaire\u00a0\u00bb.<\/p>\n\n\n\n<p>La Banque a mis l\u2019accent sur les frais de logement comme facteur contribuant le plus au fait que l\u2019inflation d\u00e9passe la cible. Bien que d\u2019autres composantes de l\u2019indice des prix \u00e0 la consommation (IPC) semblent se normaliser, les mesures de l\u2019inflation fondamentale demeurent toujours plus \u00e9lev\u00e9es que la cible vis\u00e9e par la Banque. La Banque s\u2019attend \u00e0 ce que <a href=\"https:\/\/archive.cafe.crea.ca\/fr\/inflation-generalisee-au-canada-ce-que-vous-devez-savoir\/\" target=\"_blank\" rel=\"noopener\" title=\"\">l\u2019inflation<\/a> \u00ab\u00a0reste pr\u00e8s de 3\u00a0% dans la premi\u00e8re moiti\u00e9 de 2024\u00a0\u00bb, excluant ainsi toute modification des taux avant sa r\u00e9union de juin.<\/p>\n\n\n\n<p>En plus de surveiller les mesures de l\u2019inflation fondamentale, la Banque attend probablement des nouvelles sur les d\u00e9penses pr\u00e9vues dans le prochain budget f\u00e9d\u00e9ral, qui doit \u00eatre d\u00e9pos\u00e9 le 16\u00a0avril\u00a02024, \u00e0 peine six\u00a0jours apr\u00e8s la prochaine annonce de la Banque, ainsi que sur l\u2019incidence de l\u2019augmentation de la taxe carbone qui devrait entrer en vigueur le 1<sup>er<\/sup>\u00a0avril.<\/p>\n\n\n\n<p>Lors de la prochaine annonce concernant le taux d\u2019int\u00e9r\u00eat, pr\u00e9vue le 10\u00a0avril\u00a02024, la Banque du Canada publiera \u00e9galement ses perspectives compl\u00e8tes de l\u2019\u00e9conomie et de l\u2019inflation dans son\u00a0<a href=\"https:\/\/www.banqueducanada.ca\/publication\/rpm\/?theme_mode=light&amp;_gl=1*ubhfs8*_ga*MTg4Nzk3ODQwOC4xNjg2MjI4MDE0*_ga_D0WRRH3RZH*MTcxMDM2MjM0NS4xMC4wLjE3MTAzNjIzNDUuNjAuMC4w\" target=\"_blank\" rel=\"noreferrer noopener\"><em>Rapport sur la politique mon\u00e9taire<\/em><\/a>.<\/p>\n\n\n\n<p class=\"has-background\" style=\"background-color:#f2f2f2\">Vous souhaitez obtenir les toutes derni\u00e8res informations et analyses de l\u2019ACI? Suivez-nous sur\u00a0<a href=\"https:\/\/twitter.com\/CREA_ACI\" target=\"_blank\" rel=\"noreferrer noopener\">X (Twitter)<\/a>,\u00a0<a href=\"https:\/\/www.instagram.com\/crea_aci\/\" target=\"_blank\" rel=\"noreferrer noopener\">Instagram<\/a>,\u00a0<a href=\"https:\/\/www.facebook.com\/CREA.ACI\" target=\"_blank\" rel=\"noreferrer noopener\">Facebook<\/a>,\u00a0<a href=\"https:\/\/www.youtube.com\/@CREA_ACI\" target=\"_blank\" rel=\"noreferrer noopener\">YouTube<\/a>, ou\u00a0<a href=\"https:\/\/www.linkedin.com\/company\/creaaci\/mycompany\/verification\/\" target=\"_blank\" rel=\"noreferrer noopener\">LinkedIn<\/a>. <\/p>\n","protected":false},"excerpt":{"rendered":"<p>La Banque du Canada a indiqu\u00e9 qu\u2019elle maintenait son taux cible du financement \u00e0 un jour \u00e0 5\u00a0%, comme on s\u2019y attendait g\u00e9n\u00e9ralement. Il s\u2019agit de sa cinqui\u00e8me d\u00e9cision cons\u00e9cutive de maintenir le taux apr\u00e8s deux\u00a0hausses l\u2019\u00e9t\u00e9 dernier.<\/p>\n","protected":false},"author":130,"featured_media":45682,"comment_status":"open","ping_status":"open","sticky":false,"template":"","format":"standard","meta":{"footnotes":""},"categories":[2367],"tags":[2379],"coauthors":[2388],"class_list":["post-45686","post","type-post","status-publish","format-standard","has-post-thumbnail","hentry","category-statistiques","tag-featured-fr"],"aioseo_notices":[],"_links":{"self":[{"href":"https:\/\/archive.cafe.crea.ca\/fr\/wp-json\/wp\/v2\/posts\/45686"}],"collection":[{"href":"https:\/\/archive.cafe.crea.ca\/fr\/wp-json\/wp\/v2\/posts"}],"about":[{"href":"https:\/\/archive.cafe.crea.ca\/fr\/wp-json\/wp\/v2\/types\/post"}],"author":[{"embeddable":true,"href":"https:\/\/archive.cafe.crea.ca\/fr\/wp-json\/wp\/v2\/users\/130"}],"replies":[{"embeddable":true,"href":"https:\/\/archive.cafe.crea.ca\/fr\/wp-json\/wp\/v2\/comments?post=45686"}],"version-history":[{"count":2,"href":"https:\/\/archive.cafe.crea.ca\/fr\/wp-json\/wp\/v2\/posts\/45686\/revisions"}],"predecessor-version":[{"id":45691,"href":"https:\/\/archive.cafe.crea.ca\/fr\/wp-json\/wp\/v2\/posts\/45686\/revisions\/45691"}],"wp:featuredmedia":[{"embeddable":true,"href":"https:\/\/archive.cafe.crea.ca\/fr\/wp-json\/wp\/v2\/media\/45682"}],"wp:attachment":[{"href":"https:\/\/archive.cafe.crea.ca\/fr\/wp-json\/wp\/v2\/media?parent=45686"}],"wp:term":[{"taxonomy":"category","embeddable":true,"href":"https:\/\/archive.cafe.crea.ca\/fr\/wp-json\/wp\/v2\/categories?post=45686"},{"taxonomy":"post_tag","embeddable":true,"href":"https:\/\/archive.cafe.crea.ca\/fr\/wp-json\/wp\/v2\/tags?post=45686"},{"taxonomy":"author","embeddable":true,"href":"https:\/\/archive.cafe.crea.ca\/fr\/wp-json\/wp\/v2\/coauthors?post=45686"}],"curies":[{"name":"wp","href":"https:\/\/api.w.org\/{rel}","templated":true}]}}