{"id":45491,"date":"2024-02-28T10:32:32","date_gmt":"2024-02-28T15:32:32","guid":{"rendered":"https:\/\/archive.cafe.crea.ca\/?p=45491"},"modified":"2024-02-28T10:36:14","modified_gmt":"2024-02-28T15:36:14","slug":"le-marche-de-lhabitation-poursuit-sa-reprise-les-ventes-de-proprietes-canadiennes-en-hausse","status":"publish","type":"post","link":"https:\/\/archive.cafe.crea.ca\/fr\/le-marche-de-lhabitation-poursuit-sa-reprise-les-ventes-de-proprietes-canadiennes-en-hausse\/","title":{"rendered":"Le march\u00e9 de l\u2019habitation poursuit sa reprise : les ventes de propri\u00e9t\u00e9s canadiennes en hausse"},"content":{"rendered":"\n<p>\u00c0 premi\u00e8re vue, l\u2019augmentation de 22&nbsp;% des ventes de propri\u00e9t\u00e9s en janvier par rapport \u00e0 la m\u00eame p\u00e9riode l\u2019an dernier semble impressionnante.<\/p>\n\n\n\n<p>Et sans contexte, vous avez tout \u00e0 fait raison de hausser les sourcils devant ce chiffre. En effet, les ventes r\u00e9sidentielles ont augment\u00e9 de 3,7&nbsp;% entre d\u00e9cembre&nbsp;2023 et janvier&nbsp;2024, apr\u00e8s la hausse de 7,9&nbsp;% enregistr\u00e9e de novembre&nbsp;2023 \u00e0 d\u00e9cembre&nbsp;2023.<\/p>\n\n\n\n<p>Avec des ventes r\u00e9sidentielles en hausse, des prix en augmentation et un inventaire pr\u00e8s des niveaux les plus bas depuis juin, il est facile de penser que nous entrons dans un march\u00e9 fr\u00e9n\u00e9tique.<\/p>\n\n\n\n<p>Mais, comme le dit Shaun&nbsp;Cathcart, \u00e9conomiste principal de L\u2019Association canadienne de l\u2019immobilier (ACI), \u00ab&nbsp;il y a beaucoup de bruit en ce moment, il n\u2019y a pas que des indices clairs&nbsp;\u00bb.<\/p>\n\n\n\n<p>Voyons ce que cela signifie.<\/p>\n\n\n\n<figure class=\"wp-block-image size-full is-resized\"><img loading=\"lazy\" decoding=\"async\" src=\"https:\/\/archive.cafe.crea.ca\/wp-content\/uploads\/2024\/02\/natl_chartA05_xhi-res_fr.png\" alt=\"\" class=\"wp-image-45488\" width=\"839\" height=\"575\" srcset=\"https:\/\/archive.cafe.crea.ca\/wp-content\/uploads\/2024\/02\/natl_chartA05_xhi-res_fr.png 839w, https:\/\/archive.cafe.crea.ca\/wp-content\/uploads\/2024\/02\/natl_chartA05_xhi-res_fr-768x526.png 768w, https:\/\/archive.cafe.crea.ca\/wp-content\/uploads\/2024\/02\/natl_chartA05_xhi-res_fr-833x571.png 833w\" sizes=\"(max-width: 839px) 100vw, 839px\" \/><\/figure>\n\n\n\n<h2 class=\"wp-block-heading\">Le prix de vente moyen des propri\u00e9t\u00e9s au Canada est en hausse d\u2019une ann\u00e9e \u00e0 l\u2019autre<\/h2>\n\n\n\n<p>Le prix moyen des propri\u00e9t\u00e9s vendues au pays en janvier s\u2019\u00e9levait \u00e0 659\u00a0395\u00a0$, soit une hausse de 7,6\u00a0% comparativement \u00e0 janvier\u00a02023,\u00a0<a href=\"https:\/\/stats.crea.ca\/fr-CA\/\" target=\"_blank\" rel=\"noopener\" title=\"\">selon les r\u00e9centes donn\u00e9es de l\u2019ACI<\/a>. Au niveau r\u00e9gional, <a href=\"https:\/\/www.crea.ca\/files\/Snapshots\/french\/02_Feb_RealtorCaInfographic-Map-FR.pdf\" target=\"_blank\" rel=\"noopener\" title=\"\">chaque province conna\u00eet une augmentation des prix<\/a>, la Nouvelle-\u00c9cosse enregistrant une hausse de 18\u00a0% des ventes en janvier\u00a02024.<\/p>\n\n\n\n<p>Toutefois, la hausse du prix moyen des propri\u00e9t\u00e9s au Canada est due aux ventes, et non aux prix, car les ventes reprennent sur les march\u00e9s les plus dispendieux comme Toronto, Vancouver, Montr\u00e9al, Hamilton et le reste de la r\u00e9gion du Grand Golden Horseshoe.<\/p>\n\n\n\n<p>\u00ab\u00a0Plusieurs de ces march\u00e9s ont encore beaucoup de progr\u00e8s \u00e0 faire par rapport aux march\u00e9s plus abordables o\u00f9 l\u2019activit\u00e9 est rest\u00e9e plus forte au cours des deux\u00a0derni\u00e8res ann\u00e9es\u00a0\u00bb, a d\u00e9clar\u00e9 M.\u00a0Cathcart dans le Rapport sur le march\u00e9 de l\u2019habitation mensuel de l\u2019ACI (vid\u00e9o ci-dessous, en anglais seulement).<\/p>\n\n\n\n<iframe loading=\"lazy\" width=\"560\" height=\"315\" src=\"https:\/\/www.youtube.com\/embed\/MZbe1ow-VDs?si=2NOOYfCy8TKmU6UC\" title=\"YouTube video player\" frameborder=\"0\" allow=\"accelerometer; autoplay; clipboard-write; encrypted-media; gyroscope; picture-in-picture; web-share\" allowfullscreen><\/iframe>\n\n\n\n<p>\u00ab&nbsp;Ce n\u2019est donc pas que les prix augmentent dans les endroits relativement plus dispendieux, mais plut\u00f4t que ces propri\u00e9t\u00e9s dispendieuses, qui se vendent en plus grand nombre, se retrouvent dans l\u2019\u00e9chantillon national \u00e0 partir duquel nous calculons la moyenne&nbsp;\u00bb.<\/p>\n\n\n\n<p>En d\u2019autres termes, si les ventes des propri\u00e9t\u00e9s sur des march\u00e9s plus chers d\u00e9passent les ventes des propri\u00e9t\u00e9s sur des march\u00e9s plus abordables, la moyenne nationale semble augmenter, ce qui peut fausser l\u2019interpr\u00e9tation des donn\u00e9es.<\/p>\n\n\n\n<figure class=\"wp-block-image size-full\"><img loading=\"lazy\" decoding=\"async\" width=\"839\" height=\"575\" src=\"https:\/\/archive.cafe.crea.ca\/wp-content\/uploads\/2024\/02\/natl_chart_of_interest03_xhi-res_fr.png\" alt=\"\" class=\"wp-image-45474\" srcset=\"https:\/\/archive.cafe.crea.ca\/wp-content\/uploads\/2024\/02\/natl_chart_of_interest03_xhi-res_fr.png 839w, https:\/\/archive.cafe.crea.ca\/wp-content\/uploads\/2024\/02\/natl_chart_of_interest03_xhi-res_fr-768x526.png 768w, https:\/\/archive.cafe.crea.ca\/wp-content\/uploads\/2024\/02\/natl_chart_of_interest03_xhi-res_fr-833x571.png 833w\" sizes=\"(max-width: 839px) 100vw, 839px\" \/><\/figure>\n\n\n\n<h2 class=\"wp-block-heading\">Un examen plus approfondi des prix des propri\u00e9t\u00e9s au Canada<\/h2>\n\n\n\n<p>L\u2019Indice des prix des propri\u00e9t\u00e9s MLS\u00ae (IPP MLS\u00ae) a enregistr\u00e9 une baisse de 1,2\u00a0% d\u2019un mois \u00e0 l\u2019autre; il s\u2019agit d\u2019une acc\u00e9l\u00e9ration de la baisse de 1,1\u00a0% enregistr\u00e9e en d\u00e9cembre.<\/p>\n\n\n\n<p>Pourtant, ne venons-nous pas de dire que le prix moyen est en hausse?<\/p>\n\n\n\n<p>\u00ab\u00a0Cela laisse entendre que que le march\u00e9 doit encore surmonter les faiblesses des deux\u00a0derni\u00e8res ann\u00e9es\u00a0\u00bb, a expliqu\u00e9 M.\u00a0Cathcart, ajoutant que les prix on Ontario et, dans une moindre mesure, en Colombie-Britannique, sont en d\u00e9clin, tandis que les prix en Alberta et \u00e0 Terre-Neuve-et-Labrador sont toujours en hausse.<\/p>\n\n\n\n<figure class=\"wp-block-image size-full is-resized\"><img loading=\"lazy\" decoding=\"async\" src=\"https:\/\/archive.cafe.crea.ca\/wp-content\/uploads\/2024\/02\/natl_chart_of_interest01_xhi-res_fr.png\" alt=\"\" class=\"wp-image-45478\" width=\"839\" height=\"575\" srcset=\"https:\/\/archive.cafe.crea.ca\/wp-content\/uploads\/2024\/02\/natl_chart_of_interest01_xhi-res_fr.png 839w, https:\/\/archive.cafe.crea.ca\/wp-content\/uploads\/2024\/02\/natl_chart_of_interest01_xhi-res_fr-768x526.png 768w, https:\/\/archive.cafe.crea.ca\/wp-content\/uploads\/2024\/02\/natl_chart_of_interest01_xhi-res_fr-833x571.png 833w\" sizes=\"(max-width: 839px) 100vw, 839px\" \/><\/figure>\n\n\n\n<h2 class=\"wp-block-heading\">Les prix continueront-ils d\u2019augmenter?<\/h2>\n\n\n\n<p>Il est important de noter que la hausse des ventes de 22\u00a0% d\u2019une ann\u00e9e \u00e0 l\u2019autre est directement attribuable \u00e0 la\u00a0<a href=\"https:\/\/www.realtor.ca\/blogue\/les-ventes-r%C3%A9sidentielles-canadiennes-ont-atteint-leur-plus-bas-niveau-en-14-ans\/30403\/1369\" target=\"_blank\" rel=\"noopener\" title=\"\">faiblesse du march\u00e9 immobilier canadien \u00e0 la m\u00eame p\u00e9riode l\u2019ann\u00e9e derni\u00e8re<\/a>.<\/p>\n\n\n\n<p>Alors que les ventes r\u00e9sidentielles ont augment\u00e9 de 3,7&nbsp;% en janvier par rapport \u00e0 d\u00e9cembre, elles sont toujours en dessous de la moyenne des dix&nbsp;derni\u00e8res ann\u00e9es si on les compare d\u2019une ann\u00e9e \u00e0 l\u2019autre.<\/p>\n\n\n\n<p>Nous avons peut-\u00eatre l\u2019air de nous r\u00e9p\u00e9ter, mais le march\u00e9 du printemps\u00a02024 serait quasi certainement stimul\u00e9 par une baisse des taux d\u2019int\u00e9r\u00eat de la Banque du Canada. Si elle d\u00e9cidait de le faire, les Canadiens pourraient \u00eatre plus enclins \u00e0 revenir sur le march\u00e9, et les ventes pourraient continuer \u00e0 augmenter.<\/p>\n","protected":false},"excerpt":{"rendered":"<p>Mais, comme le dit Shaun\u00a0Cathcart, \u00e9conomiste principal de L\u2019Association canadienne de l\u2019immobilier (ACI), \u00ab\u00a0il y a beaucoup de bruit en ce moment, il n\u2019y a pas que des indices clairs\u00a0\u00bb. Voyons ce que cela signifie.<\/p>\n","protected":false},"author":74,"featured_media":45482,"comment_status":"open","ping_status":"open","sticky":false,"template":"","format":"standard","meta":{"footnotes":""},"categories":[2367],"tags":[2379,2380,2377],"coauthors":[2164],"class_list":["post-45491","post","type-post","status-publish","format-standard","has-post-thumbnail","hentry","category-statistiques","tag-featured-fr","tag-featured-fr-2","tag-sidebar-fr"],"aioseo_notices":[],"_links":{"self":[{"href":"https:\/\/archive.cafe.crea.ca\/fr\/wp-json\/wp\/v2\/posts\/45491"}],"collection":[{"href":"https:\/\/archive.cafe.crea.ca\/fr\/wp-json\/wp\/v2\/posts"}],"about":[{"href":"https:\/\/archive.cafe.crea.ca\/fr\/wp-json\/wp\/v2\/types\/post"}],"author":[{"embeddable":true,"href":"https:\/\/archive.cafe.crea.ca\/fr\/wp-json\/wp\/v2\/users\/74"}],"replies":[{"embeddable":true,"href":"https:\/\/archive.cafe.crea.ca\/fr\/wp-json\/wp\/v2\/comments?post=45491"}],"version-history":[{"count":2,"href":"https:\/\/archive.cafe.crea.ca\/fr\/wp-json\/wp\/v2\/posts\/45491\/revisions"}],"predecessor-version":[{"id":45500,"href":"https:\/\/archive.cafe.crea.ca\/fr\/wp-json\/wp\/v2\/posts\/45491\/revisions\/45500"}],"wp:featuredmedia":[{"embeddable":true,"href":"https:\/\/archive.cafe.crea.ca\/fr\/wp-json\/wp\/v2\/media\/45482"}],"wp:attachment":[{"href":"https:\/\/archive.cafe.crea.ca\/fr\/wp-json\/wp\/v2\/media?parent=45491"}],"wp:term":[{"taxonomy":"category","embeddable":true,"href":"https:\/\/archive.cafe.crea.ca\/fr\/wp-json\/wp\/v2\/categories?post=45491"},{"taxonomy":"post_tag","embeddable":true,"href":"https:\/\/archive.cafe.crea.ca\/fr\/wp-json\/wp\/v2\/tags?post=45491"},{"taxonomy":"author","embeddable":true,"href":"https:\/\/archive.cafe.crea.ca\/fr\/wp-json\/wp\/v2\/coauthors?post=45491"}],"curies":[{"name":"wp","href":"https:\/\/api.w.org\/{rel}","templated":true}]}}