{"id":45298,"date":"2024-02-08T10:24:53","date_gmt":"2024-02-08T15:24:53","guid":{"rendered":"https:\/\/archive.cafe.crea.ca\/?p=45298"},"modified":"2024-02-08T10:48:23","modified_gmt":"2024-02-08T15:48:23","slug":"les-journees-realtors-care-visent-a-encourager-le-benevolat-chez-les-courtiers-et-agents-immobiliers","status":"publish","type":"post","link":"https:\/\/archive.cafe.crea.ca\/fr\/les-journees-realtors-care-visent-a-encourager-le-benevolat-chez-les-courtiers-et-agents-immobiliers\/","title":{"rendered":"Les Journ\u00e9es REALTORS Care\u00ae visent \u00e0 encourager le b\u00e9n\u00e9volat chez les courtiers et agents immobiliers"},"content":{"rendered":"\n<p>De 2019 \u00e0 2022, la Semaine REALTORS Care\u00ae a uni des courtiers et agents immobiliers de partout au Canada au moyen d\u2019activit\u00e9s de b\u00e9n\u00e9volat pratique visant \u00e0 appuyer des organismes de bienfaisance qui soutiennent le logement et les refuges. \u00c0 compter de 2024, les <a href=\"https:\/\/journeesrealtorscare.ca\/reservez\/\" target=\"_blank\" rel=\"noopener\" title=\"\">Journ\u00e9es REALTORS Care\u00ae<\/a> continueront sur la lanc\u00e9e de la Semaine REALTORS Care\u00ae, mais offriront une plus grande flexibilit\u00e9 et une couverture sur mesure pour les \u00e9v\u00e9nements.<\/p>\n\n\n\n<p>Les Journ\u00e9es REALTORS Care\u00ae sont une s\u00e9rie d\u2019initiatives de b\u00e9n\u00e9volat pratique, men\u00e9es dans des collectivit\u00e9s partout au Canada, pour venir en aide \u00e0 des causes qui soutiennent le logement et les refuges. Ces \u00e9v\u00e9nements sont organis\u00e9s tout au long de l\u2019ann\u00e9e par des chambres et associations immobili\u00e8res et donnent aux courtiers et agents immobiliers l\u2019occasion de se r\u00e9unir et de contribuer de fa\u00e7on concr\u00e8te \u00e0 leurs collectivit\u00e9s. Les chambres et associations peuvent maintenant <a href=\"https:\/\/journeesrealtorscare.ca\/reservez\/\" target=\"_blank\" rel=\"noopener\" title=\"\">r\u00e9server leur Journ\u00e9e REALTORS Care\u00ae de&nbsp;2024<\/a> au moment de l\u2019ann\u00e9e qui convient le mieux \u00e0 leur organisation, \u00e0 leurs membres et \u00e0 leurs partenaires communautaires.<\/p>\n\n\n\n<div class=\"wp-block-buttons is-layout-flex wp-block-buttons-is-layout-flex\">\n<div class=\"wp-block-button\"><a class=\"wp-block-button__link has-background wp-element-button\" href=\"https:\/\/www.crea.ca\/fr\/a-propos\/communaute-des-associations-immobilieres\/\" style=\"background-color:#d0191d\" target=\"_blank\" rel=\"noreferrer noopener\">Communiquez avec votre chambre ou association pour participer<\/a><\/div>\n<\/div>\n\n\n\n<div style=\"height:30px\" aria-hidden=\"true\" class=\"wp-block-spacer\"><\/div>\n\n\n\n<div class=\"wp-block-aioseo-table-of-contents\"><ul><li><a href=\"#aioseo-laci-organise-sa-journee-realtors-care-inaugurale\">L\u2019ACI organise sa Journ\u00e9e REALTORS Care\u00ae inaugurale<\/a><\/li><li><a href=\"#aioseo-comment-laci-soutient-ces-initiatives\">Comment l\u2019ACI soutient ces initiatives<\/a><\/li><\/ul><\/div>\n\n\n\n<h2 class=\"wp-block-heading\" id=\"aioseo-laci-organise-sa-journee-realtors-care-inaugurale\"><strong>L\u2019ACI organise sa Journ\u00e9e REALTORS Care\u00ae inaugurale<\/strong><\/h2>\n\n\n\n<p>Pour c\u00e9l\u00e9brer le lancement des Journ\u00e9es REALTORS Care, L\u2019Association canadienne de l\u2019immobilier (ACI) a tenu sa Journ\u00e9e REALTORS Care inaugurale le 24&nbsp;janvier&nbsp;2024, au cours de laquelle des membres du conseil d\u2019administration de l\u2019ACI ont pass\u00e9 la journ\u00e9e \u00e0 faire du b\u00e9n\u00e9volat sur le chantier Kemptville Korners d\u2019Habitat pour l\u2019humanit\u00e9&nbsp;\u2013&nbsp;La Grande R\u00e9gion d\u2019Ottawa. Tout au long de la journ\u00e9e, les b\u00e9n\u00e9voles ont aid\u00e9 \u00e0 pr\u00e9parer des maisons abordables pour des familles qui souhaitent s\u2019\u00e9tablir dans la r\u00e9gion d\u2019Ottawa; ils ont notamment pr\u00e9par\u00e9 les plafonds pour la finition et les murs ext\u00e9rieurs pour le rev\u00eatement.<\/p>\n\n\n\n<p>Le projet Kemptville Korners d\u2019Habitat pour l\u2019humanit\u00e9 de la grande r\u00e9gion d\u2019Ottawa comprend 15&nbsp;maisons en rang\u00e9e et maisons en rang\u00e9e superpos\u00e9es \u00e0 prix abordable, dont des unit\u00e9s accessibles et sans obstacle, o\u00f9 64&nbsp;personnes, dont plus de 30&nbsp;enfants, pourront s\u2019installer.<\/p>\n\n\n\n<p><a>\u00ab<\/a>&nbsp;Les membres du conseil d\u2019administration de l\u2019ACI ont \u00e9t\u00e9 ravis de pouvoir donner un coup de main \u00e0 Habitat pour l\u2019humanit\u00e9&nbsp;\u2013&nbsp;La Grande R\u00e9gion d\u2019Ottawa et d\u2019aider \u00e0 pr\u00e9parer ces maisons abordables pour 15&nbsp;familles, a soulign\u00e9 James&nbsp;Mabey, pr\u00e9sident \u00e9lu de l\u2019ACI. Cette journ\u00e9e a \u00e9t\u00e9 une exp\u00e9rience tr\u00e8s enrichissante, et j\u2019encourage les courtiers et agents immobiliers de tout le pays \u00e0 participer \u00e0 une Journ\u00e9e REALTORS Care\u00ae lorsqu\u2019ils en auront l\u2019occasion&nbsp;\u00bb.<\/p>\n\n\n\n<div class=\"wp-block-columns is-layout-flex wp-container-core-columns-is-layout-1 wp-block-columns-is-layout-flex\">\n<div class=\"wp-block-column is-layout-flow wp-block-column-is-layout-flow\">\n<figure class=\"wp-block-image size-full\"><img loading=\"lazy\" decoding=\"async\" width=\"890\" height=\"890\" src=\"https:\/\/archive.cafe.crea.ca\/wp-content\/uploads\/2024\/02\/internal-1-RCD.jpg\" alt=\"CREA REALTOR(R) Care Days.\" class=\"wp-image-45285\" srcset=\"https:\/\/archive.cafe.crea.ca\/wp-content\/uploads\/2024\/02\/internal-1-RCD.jpg 890w, https:\/\/archive.cafe.crea.ca\/wp-content\/uploads\/2024\/02\/internal-1-RCD-768x768.jpg 768w, https:\/\/archive.cafe.crea.ca\/wp-content\/uploads\/2024\/02\/internal-1-RCD-571x571.jpg 571w\" sizes=\"(max-width: 890px) 100vw, 890px\" \/><\/figure>\n<\/div>\n\n\n\n<div class=\"wp-block-column is-layout-flow wp-block-column-is-layout-flow\">\n<figure class=\"wp-block-image size-full\"><img loading=\"lazy\" decoding=\"async\" width=\"890\" height=\"890\" src=\"https:\/\/archive.cafe.crea.ca\/wp-content\/uploads\/2024\/02\/internal-2-RCD.jpg\" alt=\"CREA REALTOR(R) Care Days.\" class=\"wp-image-45287\" srcset=\"https:\/\/archive.cafe.crea.ca\/wp-content\/uploads\/2024\/02\/internal-2-RCD.jpg 890w, https:\/\/archive.cafe.crea.ca\/wp-content\/uploads\/2024\/02\/internal-2-RCD-768x768.jpg 768w, https:\/\/archive.cafe.crea.ca\/wp-content\/uploads\/2024\/02\/internal-2-RCD-571x571.jpg 571w\" sizes=\"(max-width: 890px) 100vw, 890px\" \/><\/figure>\n<\/div>\n<\/div>\n\n\n\n<h2 class=\"wp-block-heading\" id=\"aioseo-comment-laci-soutient-ces-initiatives\"><strong>Comment l\u2019ACI soutient ces initiatives<\/strong><\/h2>\n\n\n\n<p>Le fait d\u2019\u00e9chelonner cette initiative sur un an nous permet notamment d\u2019accorder plus d\u2019attention \u00e0 chaque chambre et association participante, \u00e0 la fois en ce qui concerne la couverture m\u00e9diatique et le soutien que nous offrons. L\u2019\u00e9quipe REALTORS Care\u00ae de l\u2019ACI fournira de nouvelles <a href=\"https:\/\/journeesrealtorscare.ca\/ressources\/\" target=\"_blank\" rel=\"noopener\" title=\"\">ressources<\/a> pratiques aux chambres et associations pour soutenir leur planification, dont\u00a0:<\/p>\n\n\n\n<ul class=\"wp-block-list\">\n<li>une bourse de 1&nbsp;000&nbsp;$ pour les d\u00e9penses li\u00e9es \u00e0 la Journ\u00e9e REALTORS Care\u00ae;<\/li>\n\n\n\n<li>un Guide d\u00e9taill\u00e9 sur les Journ\u00e9es REALTORS Care\u00ae pour faciliter la planification des activit\u00e9s;<\/li>\n\n\n\n<li>des tables rondes sur les Journ\u00e9es REALTORS Care\u00ae pour permettre aux organisateurs de communiquer entre eux;<\/li>\n\n\n\n<li>des mod\u00e8les de courriels et de contenu pour les m\u00e9dias sociaux afin de vous aider \u00e0 annoncer votre \u00e9v\u00e9nement et \u00e0 assurer la couverture m\u00e9diatique de votre Journ\u00e9e REALTORS Care\u00ae.<\/li>\n<\/ul>\n\n\n\n<p><a>\u00ab<\/a>&nbsp;Nous esp\u00e9rons que les courtiers et agents immobiliers de toutes les r\u00e9gions du pays participeront et qu\u2019ils communiqueront avec leur chambre ou association pour savoir quand aura lieu leur Journ\u00e9e REALTORS Care\u00ae, afin de d\u00e9montrer \u00e0 quel point les membres de l\u2019ACI d\u2019un bout \u00e0 l\u2019autre du pays ont leurs collectivit\u00e9s \u00e0 c\u0153ur&nbsp;\u00bb, a affirm\u00e9 Janice&nbsp;Myers, chef de la direction de l\u2019ACI.&nbsp;<\/p>\n\n\n\n<p>En ce qui concerne la couverture m\u00e9diatique, l\u2019\u00e9quipe REALTORS Care\u00ae r\u00e9digera tout au long de l\u2019ann\u00e9e une histoire des activit\u00e9s pancanadiennes, un peu comme elle faisait par le pass\u00e9 pour les <a href=\"https:\/\/www.realtorscare.ca\/fr\/faits-saillants-des-semaines-realtors-care-passees\/\" target=\"_blank\" rel=\"noopener\" title=\"\">Semaines REALTORS Care\u00ae<\/a>, et visitera des collectivit\u00e9s en cours de route. Nous chercherons \u00e0 annoncer votre Journ\u00e9e REALTORS Care\u00ae dans la p\u00e9riode qui la pr\u00e9c\u00e8de, et nous diffuserons \u00e9galement votre histoire sur les m\u00e9dias sociaux et sur <a href=\"https:\/\/www.realtorscare.ca\/fr\/faits-saillants-des-semaines-realtors-care-passees\/\" target=\"_blank\" rel=\"noopener\" title=\"\">REALTORSCare.ca<\/a>.&nbsp;&nbsp; &nbsp;<\/p>\n\n\n\n<p>\u00c0 la fin de chaque ann\u00e9e, nous ferons le point sur la contribution collective des initiatives de nos membres \u00e0 des causes li\u00e9es au logement et aux refuges partout au Canada, et nous c\u00e9l\u00e9brerons ces r\u00e9ussites.<\/p>\n\n\n\n<p class=\"has-background\" style=\"background-color:#f2f2f2\">Vous voulez savoir comment les chambres et associations c\u00e9l\u00e9breront leur Journ\u00e9e REALTORS Care\u00ae? Suivez REALTORS Care\u00ae sur <a href=\"https:\/\/www.facebook.com\/REALTORSCare\/\" target=\"_blank\" rel=\"noopener\" title=\"\">Facebook<\/a>, <a href=\"https:\/\/www.instagram.com\/realtorscare\/\" target=\"_blank\" rel=\"noopener\" title=\"\">Instagram<\/a> et <a href=\"https:\/\/twitter.com\/realtorscare\" target=\"_blank\" rel=\"noopener\" title=\"\">X (anciennement Twitter)<\/a> pour obtenir des mises \u00e0 jour tout au long de l\u2019ann\u00e9e.<\/p>\n\n\n\n<p><a>Nous sommes ravis que les courtiers et agents immobiliers continuent d\u2019apporter des changements positifs au sein de leur collectivit\u00e9, et avons h\u00e2te de voir les initiatives qui seront mises en \u0153uvre d\u2019un bout \u00e0 l\u2019autre du Canada en 2024.<\/a><\/p>\n\n\n\n<p><a>Vous avez des questions?<\/a> \u00c9crivez-nous \u00e0 REALTORSCare@CREA.ca si vous souhaitez discuter de tout sujet li\u00e9 aux Journ\u00e9es REALTORS Care\u00ae.<\/p>\n","protected":false},"excerpt":{"rendered":"<p>De 2019 \u00e0 2022, la Semaine REALTORS Care\u00ae a uni des courtiers et agents immobiliers de partout au Canada au moyen d\u2019activit\u00e9s de b\u00e9n\u00e9volat pratique visant \u00e0 appuyer des organismes de bienfaisance qui soutiennent le logement et les refuges. \u00c0 compter de 2024, les Journ\u00e9es REALTORS Care\u00ae continueront sur la lanc\u00e9e de la Semaine REALTORS &hellip; <a href=\"https:\/\/archive.cafe.crea.ca\/fr\/les-journees-realtors-care-visent-a-encourager-le-benevolat-chez-les-courtiers-et-agents-immobiliers\/\" class=\"more-link\">Continue reading <span class=\"screen-reader-text\">Les Journ\u00e9es REALTORS Care\u00ae visent \u00e0 encourager le b\u00e9n\u00e9volat chez les courtiers et agents immobiliers<\/span><\/a><\/p>\n","protected":false},"author":168,"featured_media":45291,"comment_status":"open","ping_status":"open","sticky":false,"template":"","format":"standard","meta":{"footnotes":""},"categories":[2366],"tags":[2380],"coauthors":[2434],"class_list":["post-45298","post","type-post","status-publish","format-standard","has-post-thumbnail","hentry","category-nouvelles-de-laci","tag-featured-fr-2"],"aioseo_notices":[],"_links":{"self":[{"href":"https:\/\/archive.cafe.crea.ca\/fr\/wp-json\/wp\/v2\/posts\/45298"}],"collection":[{"href":"https:\/\/archive.cafe.crea.ca\/fr\/wp-json\/wp\/v2\/posts"}],"about":[{"href":"https:\/\/archive.cafe.crea.ca\/fr\/wp-json\/wp\/v2\/types\/post"}],"author":[{"embeddable":true,"href":"https:\/\/archive.cafe.crea.ca\/fr\/wp-json\/wp\/v2\/users\/168"}],"replies":[{"embeddable":true,"href":"https:\/\/archive.cafe.crea.ca\/fr\/wp-json\/wp\/v2\/comments?post=45298"}],"version-history":[{"count":4,"href":"https:\/\/archive.cafe.crea.ca\/fr\/wp-json\/wp\/v2\/posts\/45298\/revisions"}],"predecessor-version":[{"id":45309,"href":"https:\/\/archive.cafe.crea.ca\/fr\/wp-json\/wp\/v2\/posts\/45298\/revisions\/45309"}],"wp:featuredmedia":[{"embeddable":true,"href":"https:\/\/archive.cafe.crea.ca\/fr\/wp-json\/wp\/v2\/media\/45291"}],"wp:attachment":[{"href":"https:\/\/archive.cafe.crea.ca\/fr\/wp-json\/wp\/v2\/media?parent=45298"}],"wp:term":[{"taxonomy":"category","embeddable":true,"href":"https:\/\/archive.cafe.crea.ca\/fr\/wp-json\/wp\/v2\/categories?post=45298"},{"taxonomy":"post_tag","embeddable":true,"href":"https:\/\/archive.cafe.crea.ca\/fr\/wp-json\/wp\/v2\/tags?post=45298"},{"taxonomy":"author","embeddable":true,"href":"https:\/\/archive.cafe.crea.ca\/fr\/wp-json\/wp\/v2\/coauthors?post=45298"}],"curies":[{"name":"wp","href":"https:\/\/api.w.org\/{rel}","templated":true}]}}