{"id":45184,"date":"2024-01-30T13:54:30","date_gmt":"2024-01-30T18:54:30","guid":{"rendered":"https:\/\/archive.cafe.crea.ca\/?p=45184"},"modified":"2024-02-02T11:36:09","modified_gmt":"2024-02-02T16:36:09","slug":"la-banque-du-canada-maintient-le-taux-directeur-a-5-dans-sa-premiere-annonce-de-2024","status":"publish","type":"post","link":"https:\/\/archive.cafe.crea.ca\/fr\/la-banque-du-canada-maintient-le-taux-directeur-a-5-dans-sa-premiere-annonce-de-2024\/","title":{"rendered":"La Banque du Canada maintient le taux directeur \u00e0 5\u00a0% dans sa premi\u00e8re annonce de 2024"},"content":{"rendered":"\n<p>La Banque du Canada a indiqu\u00e9 qu\u2019elle maintenait son taux cible du financement \u00e0 un jour \u00e0 5&nbsp;%. Il s\u2019agit de sa quatri\u00e8me d\u00e9cision cons\u00e9cutive de maintenir le taux apr\u00e8s deux&nbsp;hausses l\u2019\u00e9t\u00e9 dernier.<\/p>\n\n\n\n<blockquote class=\"twitter-tweet\" data-media-max-width=\"560\"><p lang=\"fr\" dir=\"ltr\">Nous avons maintenu notre taux directeur \u00e0 5,00 %. <br><br>En savoir plus: <a href=\"https:\/\/t.co\/7BG16O8U8L\">https:\/\/t.co\/7BG16O8U8L<\/a><a href=\"https:\/\/twitter.com\/hashtag\/%C3%A9conomie?src=hash&amp;ref_src=twsrc%5Etfw\">#\u00e9conomie<\/a> <a href=\"https:\/\/twitter.com\/hashtag\/%C3%A9concan?src=hash&amp;ref_src=twsrc%5Etfw\">#\u00e9concan<\/a> <a href=\"https:\/\/t.co\/n0ZjcaaUC5\">pic.twitter.com\/n0ZjcaaUC5<\/a><\/p>&mdash; Banque du Canada (@banqueducanada) <a href=\"https:\/\/twitter.com\/banqueducanada\/status\/1750186867473981833?ref_src=twsrc%5Etfw\">January 24, 2024<\/a><\/blockquote> <script async src=\"https:\/\/platform.twitter.com\/widgets.js\" charset=\"utf-8\"><\/script>\n\n\n\n<p>Dans sa derni\u00e8re annonce de taux d\u2019int\u00e9r\u00eat du 24&nbsp;janvier&nbsp;2024, la <a href=\"https:\/\/www.banqueducanada.ca\/2024\/01\/fad-communique-2024-01-24\/?theme_mode=light&amp;_gl=1*dm3y8*_ga*MjA2NjA4OTUwNy4xNzA2NTQ0NTI5*_ga_D0WRRH3RZH*MTcwNjU0NDUyOS4xLjAuMTcwNjU0NDUyOS42MC4wLjA.\" target=\"_blank\" rel=\"noopener\" title=\"\">Banque a indiqu\u00e9<\/a> que l\u2019\u00e9conomie du Canada a stagn\u00e9 au cours du second semestre de 2023 et qu\u2019elle n\u2019envisageait pas de croissance au cours du premier trimestre de 2024, mais entrevoyait une reprise au cours du deuxi\u00e8me semestre cette ann\u00e9e. La Banque a aussi indiqu\u00e9 que \u00ab&nbsp;les d\u00e9penses publiques devraient contribuer de fa\u00e7on importante \u00e0 la croissance tout au long de l\u2019ann\u00e9e&nbsp;\u00bb, laissant croire qu\u2019elle attendra le d\u00e9p\u00f4t du prochain budget f\u00e9d\u00e9ral avant de revoir ces pr\u00e9visions.<\/p>\n\n\n\n<p>La Banque a encore une fois cit\u00e9 les co\u00fbts li\u00e9s au logement comme facteur contribuant le plus au fait que l\u2019inflation d\u00e9passe la cible, en raison de la hausse des int\u00e9r\u00eats hypoth\u00e9caires et des loyers. Elle ne pr\u00e9voit pas d\u2019atteindre la cible d\u2019inflation de 2&nbsp;% avant 2025. Bien que le prix d\u2019un nombre de composantes de l\u2019IPC semble se normaliser, et que la Banque ait not\u00e9 dans son <a href=\"https:\/\/www.banqueducanada.ca\/2024\/01\/rpm-2024-01-24\/?theme_mode=light&amp;_gl=1*1ts3nhq*_ga*MjA2NjA4OTUwNy4xNzA2NTQ0NTI5*_ga_D0WRRH3RZH*MTcwNjU0NDUyOS4xLjEuMTcwNjU0NDU2Mi4yNy4wLjA.\" target=\"_blank\" rel=\"noopener\" title=\"\"><em>Rapport sur la politique mon\u00e9taire<\/em><\/a> que la politique mon\u00e9taire produit les effets voulus relativement au ralentissement de la croissance, les mesures de l\u2019inflation fondamentale demeurent toujours plus \u00e9lev\u00e9es que la cible vis\u00e9e par la Banque.<\/p>\n\n\n\n<p>La Banque demeure pr\u00e9occup\u00e9e par les risques entourant les perspectives d\u2019inflation, surtout l\u2019inflation fondamentale sous-jacente qu\u2019elle aimerait voir \u00ab&nbsp;continuer de baisser, et ce, de fa\u00e7on durable&nbsp;\u00bb, alors qu\u2019elle surveille des facteurs \u00e9conomiques et d\u2019autres facteurs inflationnistes.<\/p>\n\n\n\n<p>La prochaine annonce de la Banque du Canada concernant le taux d\u2019int\u00e9r\u00eat aura lieu le 6&nbsp;mars&nbsp;2024. Son prochain <a href=\"https:\/\/www.banqueducanada.ca\/publication\/rpm\/?theme_mode=light&amp;_gl=1*n4lnp7*_ga*MjA2NjA4OTUwNy4xNzA2NTQ0NTI5*_ga_D0WRRH3RZH*MTcwNjU0NDUyOS4xLjEuMTcwNjU0NDU5OC42MC4wLjA.\" target=\"_blank\" rel=\"noopener\" title=\"\"><em>Rapport sur la politique mon\u00e9taire<\/em><\/a> pr\u00e9sentant ses perspectives compl\u00e8tes de l\u2019\u00e9conomie et de l\u2019inflation sera publi\u00e9 le 10&nbsp;avril&nbsp;2024.<\/p>\n\n\n\n<p class=\"has-background\" style=\"background-color:#f2f2f2\">Vous souhaitez obtenir les toutes derni\u00e8res informations et analyses de l\u2019ACI? Suivez-nous sur les m\u00e9dias sociaux\u00a0: <a href=\"https:\/\/twitter.com\/CREA_ACI\" target=\"_blank\" rel=\"noreferrer noopener\">X (Twitter)<\/a>, <a href=\"https:\/\/www.instagram.com\/crea_aci\/\" target=\"_blank\" rel=\"noreferrer noopener\">Instagram<\/a>, <a href=\"https:\/\/www.facebook.com\/CREA.ACI\" target=\"_blank\" rel=\"noreferrer noopener\">Facebook<\/a>, <a href=\"https:\/\/www.youtube.com\/@CREA_ACI\" target=\"_blank\" rel=\"noopener\" title=\"\">YouTube<\/a> et <a href=\"https:\/\/www.linkedin.com\/company\/creaaci\/mycompany\/verification\/\" target=\"_blank\" rel=\"noreferrer noopener\">LinkedIn<\/a>. <\/p>\n","protected":false},"excerpt":{"rendered":"<p>La Banque du Canada a indiqu\u00e9 qu\u2019elle maintenait son taux cible du financement \u00e0 un jour \u00e0 5 %. Il s\u2019agit de sa quatri\u00e8me d\u00e9cision cons\u00e9cutive de maintenir le taux apr\u00e8s deux hausses l\u2019\u00e9t\u00e9 dernier.<\/p>\n","protected":false},"author":130,"featured_media":45182,"comment_status":"open","ping_status":"open","sticky":false,"template":"","format":"standard","meta":{"footnotes":""},"categories":[2367],"tags":[2379,2377],"coauthors":[2388],"class_list":["post-45184","post","type-post","status-publish","format-standard","has-post-thumbnail","hentry","category-statistiques","tag-featured-fr","tag-sidebar-fr"],"aioseo_notices":[],"_links":{"self":[{"href":"https:\/\/archive.cafe.crea.ca\/fr\/wp-json\/wp\/v2\/posts\/45184"}],"collection":[{"href":"https:\/\/archive.cafe.crea.ca\/fr\/wp-json\/wp\/v2\/posts"}],"about":[{"href":"https:\/\/archive.cafe.crea.ca\/fr\/wp-json\/wp\/v2\/types\/post"}],"author":[{"embeddable":true,"href":"https:\/\/archive.cafe.crea.ca\/fr\/wp-json\/wp\/v2\/users\/130"}],"replies":[{"embeddable":true,"href":"https:\/\/archive.cafe.crea.ca\/fr\/wp-json\/wp\/v2\/comments?post=45184"}],"version-history":[{"count":2,"href":"https:\/\/archive.cafe.crea.ca\/fr\/wp-json\/wp\/v2\/posts\/45184\/revisions"}],"predecessor-version":[{"id":45191,"href":"https:\/\/archive.cafe.crea.ca\/fr\/wp-json\/wp\/v2\/posts\/45184\/revisions\/45191"}],"wp:featuredmedia":[{"embeddable":true,"href":"https:\/\/archive.cafe.crea.ca\/fr\/wp-json\/wp\/v2\/media\/45182"}],"wp:attachment":[{"href":"https:\/\/archive.cafe.crea.ca\/fr\/wp-json\/wp\/v2\/media?parent=45184"}],"wp:term":[{"taxonomy":"category","embeddable":true,"href":"https:\/\/archive.cafe.crea.ca\/fr\/wp-json\/wp\/v2\/categories?post=45184"},{"taxonomy":"post_tag","embeddable":true,"href":"https:\/\/archive.cafe.crea.ca\/fr\/wp-json\/wp\/v2\/tags?post=45184"},{"taxonomy":"author","embeddable":true,"href":"https:\/\/archive.cafe.crea.ca\/fr\/wp-json\/wp\/v2\/coauthors?post=45184"}],"curies":[{"name":"wp","href":"https:\/\/api.w.org\/{rel}","templated":true}]}}