{"id":45160,"date":"2024-01-25T09:53:01","date_gmt":"2024-01-25T14:53:01","guid":{"rendered":"https:\/\/archive.cafe.crea.ca\/?p=45160"},"modified":"2024-01-25T09:53:03","modified_gmt":"2024-01-25T14:53:03","slug":"laci-prevoit-une-reprise-des-ventes-residentielles-en-2024","status":"publish","type":"post","link":"https:\/\/archive.cafe.crea.ca\/fr\/laci-prevoit-une-reprise-des-ventes-residentielles-en-2024\/","title":{"rendered":"L\u2019ACI pr\u00e9voit une reprise des ventes r\u00e9sidentielles en 2024"},"content":{"rendered":"\n<p>L\u2019activit\u00e9 sur les march\u00e9s de l\u2019habitation canadiens est demeur\u00e9e au ralenti depuis les hausses des taux d\u2019int\u00e9r\u00eat de la Banque du Canada l\u2019\u00e9t\u00e9 dernier. Les <a href=\"https:\/\/archive.cafe.crea.ca\/fr\/la-banque-du-canada-maintient-le-taux-directeur-a-5-dans-sa-derniere-annonce-de-2023\/\" target=\"_blank\" rel=\"noopener\" title=\"\">taux d\u2019int\u00e9r\u00eat<\/a> ont \u00e9t\u00e9 le principal facteur influen\u00e7ant les march\u00e9s au cours des derni\u00e8res ann\u00e9es, et cette tendance devrait se poursuivre en 2024 et 2025.<\/p>\n\n\n\n<figure class=\"wp-block-image size-full\"><img loading=\"lazy\" decoding=\"async\" width=\"830\" height=\"568\" src=\"https:\/\/archive.cafe.crea.ca\/wp-content\/uploads\/2024\/01\/Forecast-chart-FR.png\" alt=\"\" class=\"wp-image-45157\" srcset=\"https:\/\/archive.cafe.crea.ca\/wp-content\/uploads\/2024\/01\/Forecast-chart-FR.png 830w, https:\/\/archive.cafe.crea.ca\/wp-content\/uploads\/2024\/01\/Forecast-chart-FR-768x526.png 768w\" sizes=\"(max-width: 830px) 100vw, 830px\" \/><\/figure>\n\n\n\n<p>Le moment de la premi\u00e8re baisse de taux de 2024 a r\u00e9cemment \u00e9t\u00e9 devanc\u00e9 selon les pr\u00e9visions r\u00e9vis\u00e9es. Le nombre attendu de baisses totales des taux d\u2019int\u00e9r\u00eat (en termes de points de base) en 2024 a \u00e9galement \u00e9t\u00e9 revu \u00e0 la hausse au cours des derniers mois. Compte tenu de l\u2019augmentation constante de la demande de logements au Canada, les pr\u00e9visions des ventes r\u00e9sidentielles pour cette ann\u00e9e ont \u00e9t\u00e9 revues \u00e0 la hausse. \u00c9tant donn\u00e9 que son point de d\u00e9part est plus bas que pr\u00e9vu, la pr\u00e9vision annuelle pour 2024 demeure relativement inchang\u00e9e.<\/p>\n\n\n\n<figure class=\"wp-block-image size-full\"><img loading=\"lazy\" decoding=\"async\" width=\"830\" height=\"453\" src=\"https:\/\/archive.cafe.crea.ca\/wp-content\/uploads\/2024\/01\/forecast_table1_Jan_2024_FR.png\" alt=\"\" class=\"wp-image-45155\" srcset=\"https:\/\/archive.cafe.crea.ca\/wp-content\/uploads\/2024\/01\/forecast_table1_Jan_2024_FR.png 830w, https:\/\/archive.cafe.crea.ca\/wp-content\/uploads\/2024\/01\/forecast_table1_Jan_2024_FR-768x419.png 768w\" sizes=\"(max-width: 830px) 100vw, 830px\" \/><\/figure>\n\n\n\n<figure class=\"wp-block-image size-full\"><img loading=\"lazy\" decoding=\"async\" width=\"830\" height=\"443\" src=\"https:\/\/archive.cafe.crea.ca\/wp-content\/uploads\/2024\/01\/forecast_table2_Jan_2024_FR.png\" alt=\"\" class=\"wp-image-45153\" srcset=\"https:\/\/archive.cafe.crea.ca\/wp-content\/uploads\/2024\/01\/forecast_table2_Jan_2024_FR.png 830w, https:\/\/archive.cafe.crea.ca\/wp-content\/uploads\/2024\/01\/forecast_table2_Jan_2024_FR-768x410.png 768w\" sizes=\"(max-width: 830px) 100vw, 830px\" \/><\/figure>\n\n\n\n<p>Il est pr\u00e9vu que 489&nbsp;661&nbsp;propri\u00e9t\u00e9s r\u00e9sidentielles changeront de mains par l\u2019entremise des syst\u00e8mes MLS\u00ae canadiens en 2024, soit une hausse de 10,4&nbsp;% par rapport \u00e0 2023. Les hausses de ventes les plus importantes en 2024 devraient provenir des provinces o\u00f9 la demande de logements est forte (l\u2019Alberta en particulier), ainsi que des provinces qui devraient conna\u00eetre un rebond apr\u00e8s des volumes de ventes historiquement bas (la Colombie-Britannique, l\u2019Ontario et la Nouvelle-\u00c9cosse).<\/p>\n\n\n\n<p>En 2024, le prix moyen national d\u2019une propri\u00e9t\u00e9 devrait augmenter de 2,3&nbsp;% sur une base annuelle, pour atteindre 694&nbsp;173&nbsp;$ en 2024. L\u2019Alberta, le Qu\u00e9bec, le Nouveau-Brunswick, la Nouvelle-\u00c9cosse et Terre-Neuve-et-Labrador devraient conna\u00eetre des hausses de prix sup\u00e9rieures \u00e0 la hausse nationale. En Colombie-Britannique et en Ontario, les prix devraient rester stables.<\/p>\n\n\n\n<p>En 2025, les ventes r\u00e9sidentielles nationales devraient augmenter encore de 7,3&nbsp;%, pour atteindre 525&nbsp;498&nbsp;unit\u00e9s \u00e0 mesure que les taux d\u2019int\u00e9r\u00eat continuent de diminuer et de se rapprocher de niveaux plus normaux ou \u00ab&nbsp;neutres&nbsp;\u00bb. Cette pr\u00e9vision maintient quand m\u00eame l\u2019activit\u00e9 en de\u00e7\u00e0 de sa tendance \u00e0 long terme.<\/p>\n\n\n\n<p>Le prix moyen national d\u2019une propri\u00e9t\u00e9 devrait augmenter de 4&nbsp;% de 2024 \u00e0 2025, pour atteindre 722&nbsp;063&nbsp;$, alors que la demande continue de cro\u00eetre et que l\u2019offre demeure faible. L\u2019augmentation des prix en Alberta et sur la c\u00f4te Est devrait \u00e0 nouveau d\u00e9passer celle des autres r\u00e9gions du Canada en 2025.<\/p>\n","protected":false},"excerpt":{"rendered":"<p>L\u2019activit\u00e9 sur les march\u00e9s de l\u2019habitation canadiens est demeur\u00e9e au ralenti depuis les hausses des taux d\u2019int\u00e9r\u00eat de la Banque du Canada l\u2019\u00e9t\u00e9 dernier.<\/p>\n","protected":false},"author":130,"featured_media":45145,"comment_status":"open","ping_status":"open","sticky":false,"template":"","format":"standard","meta":{"footnotes":""},"categories":[2367],"tags":[2380],"coauthors":[2388],"class_list":["post-45160","post","type-post","status-publish","format-standard","has-post-thumbnail","hentry","category-statistiques","tag-featured-fr-2"],"aioseo_notices":[],"_links":{"self":[{"href":"https:\/\/archive.cafe.crea.ca\/fr\/wp-json\/wp\/v2\/posts\/45160"}],"collection":[{"href":"https:\/\/archive.cafe.crea.ca\/fr\/wp-json\/wp\/v2\/posts"}],"about":[{"href":"https:\/\/archive.cafe.crea.ca\/fr\/wp-json\/wp\/v2\/types\/post"}],"author":[{"embeddable":true,"href":"https:\/\/archive.cafe.crea.ca\/fr\/wp-json\/wp\/v2\/users\/130"}],"replies":[{"embeddable":true,"href":"https:\/\/archive.cafe.crea.ca\/fr\/wp-json\/wp\/v2\/comments?post=45160"}],"version-history":[{"count":1,"href":"https:\/\/archive.cafe.crea.ca\/fr\/wp-json\/wp\/v2\/posts\/45160\/revisions"}],"predecessor-version":[{"id":45162,"href":"https:\/\/archive.cafe.crea.ca\/fr\/wp-json\/wp\/v2\/posts\/45160\/revisions\/45162"}],"wp:featuredmedia":[{"embeddable":true,"href":"https:\/\/archive.cafe.crea.ca\/fr\/wp-json\/wp\/v2\/media\/45145"}],"wp:attachment":[{"href":"https:\/\/archive.cafe.crea.ca\/fr\/wp-json\/wp\/v2\/media?parent=45160"}],"wp:term":[{"taxonomy":"category","embeddable":true,"href":"https:\/\/archive.cafe.crea.ca\/fr\/wp-json\/wp\/v2\/categories?post=45160"},{"taxonomy":"post_tag","embeddable":true,"href":"https:\/\/archive.cafe.crea.ca\/fr\/wp-json\/wp\/v2\/tags?post=45160"},{"taxonomy":"author","embeddable":true,"href":"https:\/\/archive.cafe.crea.ca\/fr\/wp-json\/wp\/v2\/coauthors?post=45160"}],"curies":[{"name":"wp","href":"https:\/\/api.w.org\/{rel}","templated":true}]}}