{"id":44966,"date":"2024-01-11T16:54:17","date_gmt":"2024-01-11T21:54:17","guid":{"rendered":"https:\/\/archive.cafe.crea.ca\/?p=44966"},"modified":"2024-01-11T16:54:36","modified_gmt":"2024-01-11T21:54:36","slug":"des-idees-a-laction-laci-defend-la-reforme-du-logement-en-2023","status":"publish","type":"post","link":"https:\/\/archive.cafe.crea.ca\/fr\/des-idees-a-laction-laci-defend-la-reforme-du-logement-en-2023\/","title":{"rendered":"Des id\u00e9es \u00e0 l\u2019action\u00a0: l\u2019ACI d\u00e9fend la r\u00e9forme du logement en\u00a02023"},"content":{"rendered":"\n<p>On ne saurait nier que 2023 a \u00e9t\u00e9 une ann\u00e9e difficile pour une grande partie de la population canadienne. L\u2019inflation, la mont\u00e9e en fl\u00e8che des taux d\u2019int\u00e9r\u00eat, le co\u00fbt exorbitant de la vie et la crise du logement ont \u00e9t\u00e9 au c\u0153ur des pr\u00e9occupations.<\/p>\n\n\n\n<p>Depuis plus de 30&nbsp;ans, nos membres plaident en faveur de politiques qui soutiennent l\u2019acc\u00e8s au logement pour tous les Canadiens. L\u2019ann\u00e9e derni\u00e8re n\u2019a pas d\u00e9rog\u00e9 sur ce point. Aujourd\u2019hui, nous faisons un retour sur les r\u00e9ussites de nos membres en mati\u00e8re de d\u00e9fense des int\u00e9r\u00eats en&nbsp;2023.<\/p>\n\n\n\n<h2 class=\"wp-block-heading\"><strong>CAP dans les circonscriptions de&nbsp;2023<\/strong><\/h2>\n\n\n\n<p>Chaque printemps, les <a href=\"https:\/\/member.crea.ca\/wp-content\/uploads\/2023\/06\/Guide-To-Becoming-A-PAC-Rep-2023_FR.pdf\" target=\"_blank\" rel=\"noopener\" title=\"\">repr\u00e9sentants du Comit\u00e9 d\u2019action politique (CAP)<\/a> rencontrent leur d\u00e9put\u00e9 local au cours de la rel\u00e2che parlementaire.<\/p>\n\n\n\n<p>Du 3 au 28&nbsp;avril&nbsp;2023, les repr\u00e9sentants du CAP ont rencontr\u00e9 leurs \u00e9lus pour discuter de recommandations importantes de la communaut\u00e9 des courtiers et agents immobiliers. Les recommandations ci-dessous ont \u00e9t\u00e9 soumises au gouvernement dans le cadre des consultations pr\u00e9budg\u00e9taires de&nbsp;2023, et ont pr\u00e9par\u00e9 le terrain pour les rencontres du CAP dans les circonscriptions&nbsp;:<\/p>\n\n\n\n<ol class=\"wp-block-list\">\n<li><strong>Table ronde nationale permanente sur le logement&nbsp;: <\/strong>L\u2019ACI recommande l\u2019\u00e9tablissement d\u2019une table ronde nationale permanente sur le logement afin de r\u00e9unir tous les intervenants de la sph\u00e8re du logement et d\u2019aider \u00e0 r\u00e9gler la crise en adoptant une approche inclusive et holistique qui met l\u2019accent sur la collaboration, l\u2019innovation et la coordination des politiques.<\/li>\n\n\n\n<li><strong>D\u00e9ploiement progressif d\u2019une initiative uniforme et gratuite d\u2019\u00e9tiquetage \u00c9nerGuide des propri\u00e9t\u00e9s&nbsp;:<\/strong> L\u2019ACI recommande que le gouvernement permette aux consommateurs de prendre des d\u00e9cisions \u00e9clair\u00e9es, tout en assurant l\u2019uniformit\u00e9, de sorte que la population canadienne ne soit pas confront\u00e9e \u00e0 des d\u00e9fis croissants d\u2019abordabilit\u00e9 et d\u2019offre.<\/li>\n<\/ol>\n\n\n\n<p class=\"has-background\" style=\"background-color:#f2f2f2\">Les membres de l\u2019ACI peuvent consulter les ressources li\u00e9es \u00e0 la d\u00e9fense des int\u00e9r\u00eats, dont notre <em>Soumission \u00e9crite pour les consultations pr\u00e9budg\u00e9taires&nbsp;2024<\/em>, sur le <a href=\"https:\/\/realtoractionnetwork.com\/fr-CA\/Resources?NEQS=h8u1rypZs7GMB%2F5skqXv2q7gbZl2YV3nqzmMgo21%2B3dNcWubRG609BXJePwZdtu0EQOL%2FbdZsnVQ3ifwZgv7c2CLqTbNtFnxZ0qxyePktp0%3D\">R\u00e9seau d\u2019action immobilier<\/a>.<\/p>\n\n\n\n<p>Les repr\u00e9sentants du CAP et des membres de la communaut\u00e9 des courtiers et agents immobiliers ont rencontr\u00e9 plus de 70&nbsp;d\u00e9put\u00e9s et ont fait conna\u00eetre les propositions de notre communaut\u00e9, juste avant le retour des d\u00e9put\u00e9s en Chambre pour d\u00e9battre du budget. Notre message a \u00e9t\u00e9 entendu haut et fort, et les discussions sur les politiques de logement n\u2019ont pas manqu\u00e9 lors de la s\u00e9ance parlementaire du printemps.<\/p>\n\n\n\n<h2 class=\"wp-block-heading\"><strong>Budget f\u00e9d\u00e9ral de&nbsp;2023<\/strong><\/h2>\n\n\n\n<p>Le 28&nbsp;mars&nbsp;2023, la vice-premi\u00e8re ministre et ministre des Finances, l\u2019honorable Chrystia&nbsp;Freeland, a d\u00e9pos\u00e9 le deuxi\u00e8me&nbsp;budget de la 44<sup>e<\/sup>&nbsp;session parlementaire, <a href=\"https:\/\/www.budget.canada.ca\/2023\/pdf\/budget-gdql-egdqv-2023-fr.pdf\" target=\"_blank\" rel=\"noopener\" title=\"\"><em>Un plan canadien<\/em><\/a>. Ce budget \u00e9tait principalement ax\u00e9 sur des mesures pour pallier la crise du co\u00fbt de la vie, des mesures d\u2019all\u00e9gement de l\u2019inflation cibl\u00e9es et des investissements dans les soins de sant\u00e9 et pour b\u00e2tir l\u2019\u00e9conomie propre du Canada.<\/p>\n\n\n\n<p>Comme pr\u00e9vu, <em>Un plan canadien<\/em> a r\u00e9it\u00e9r\u00e9 les mesures et les investissements existants en mati\u00e8re de logement que le gouvernement avait d\u00e9j\u00e0 annonc\u00e9s. Bien que ces investissements soient consid\u00e9rables, ils sont largement insuffisants pour r\u00e9gler la crise du logement.<\/p>\n\n\n\n<p>Le prochain budget f\u00e9d\u00e9ral sera annonc\u00e9 au printemps&nbsp;2024.<\/p>\n\n\n\n<p><strong>Modifications \u00e0 l\u2019interdiction d\u2019achats immobiliers par des \u00e9trangers<\/strong><\/p>\n\n\n\n<p>Le budget de&nbsp;2023 a suivi l\u2019annonce des <a href=\"https:\/\/archive.cafe.crea.ca\/fr\/apercu-des-modifications-a-linterdiction-dachats-immobiliers-par-des-etrangers\/\">modifications<\/a> apport\u00e9es par le gouvernement le lundi&nbsp;27&nbsp;mars&nbsp;2023 \u00e0 la <em>Loi sur l\u2019interdiction d\u2019achat d\u2019immeubles r\u00e9sidentiels par des non-Canadiens<\/em>. L\u2019ACI a d\u00e9ploy\u00e9 <a href=\"https:\/\/www.crea.ca\/files\/political-advocacy\/francais\/Letter-to-Freeland_-Hussen_Mar_-2023-FRE.pdf\" target=\"_blank\" rel=\"noopener\" title=\"\">des efforts consid\u00e9rables pour r\u00e9clamer des modifications \u00e0 l\u2019interdiction<\/a> depuis qu\u2019elle a \u00e9t\u00e9 annonc\u00e9e.<\/p>\n\n\n\n<h2 class=\"wp-block-heading\">Les modifications portent sur les points suivants&nbsp;<\/h2>\n\n\n\n<ol class=\"wp-block-list\">\n<li>Permettre \u00e0 un plus grand nombre de titulaires de permis de travail d\u2019acheter une habitation qu\u2019ils occuperont pendant qu\u2019ils travaillent au Canada.<\/li>\n\n\n\n<li>Abroger la disposition actuelle afin que l\u2019interdiction ne s\u2019applique pas aux terrains vacants.<\/li>\n\n\n\n<li>Ajouter une exception pour des fins d\u2019am\u00e9nagement.<\/li>\n\n\n\n<li>Augmenter le seuil de contr\u00f4le \u00e9tranger des soci\u00e9t\u00e9s en le faisant passer de 3&nbsp;% \u00e0 10&nbsp;%.<\/li>\n<\/ol>\n\n\n\n<h2 class=\"wp-block-heading\"><strong>Journ\u00e9es du CAP de l\u2019ACI de&nbsp;2023<\/strong><\/h2>\n\n\n\n<p>Du 15 au 17&nbsp;octobre&nbsp;2023, lors des <a href=\"https:\/\/archive.cafe.crea.ca\/fr\/une-presence-imposante-aux-journees-du-cap-de-laci-de-2023\/\" target=\"_blank\" rel=\"noopener\" title=\"\">Journ\u00e9es du CAP<\/a>, plus de 450&nbsp;courtiers et agents immobiliers se sont r\u00e9unis et ont particip\u00e9 \u00e0 plus de 140&nbsp;rencontres avec les d\u00e9put\u00e9s pour leur pr\u00e9senter trois&nbsp;principales recommandations&nbsp;:<\/p>\n\n\n\n<ol class=\"wp-block-list\" type=\"1\">\n<li><strong>\u00c9tablir une table ronde nationale permanente sur le logement<\/strong> afin de r\u00e9unir tous les intervenants de la sph\u00e8re du logement et d\u2019aider \u00e0 r\u00e9gler la crise en adoptant une approche inclusive et holistique qui met l\u2019accent sur la collaboration, l\u2019innovation et la coordination des politiques.<\/li>\n\n\n\n<li><strong>Mettre \u00e0 profit le financement f\u00e9d\u00e9ral des infrastructures<\/strong> offert aux partenaires municipaux, provinciaux et territoriaux pour exiger la cr\u00e9ation de plus de logements.<\/li>\n\n\n\n<li><strong>\u00c9laborer une strat\u00e9gie d\u2019immigration <\/strong>visant \u00e0 \u00e9largir la main-d\u2019\u0153uvre du secteur du logement pour attirer le personnel des m\u00e9tiers sp\u00e9cialis\u00e9s \u00e9tabli \u00e0 l\u2019\u00e9tranger, et simplifier le processus d\u2019immigration des professionnels qualifi\u00e9s souhaitant travailler dans l\u2019industrie de la construction.<\/li>\n<\/ol>\n\n\n\n<p>En plus de rencontrer les d\u00e9put\u00e9s, les repr\u00e9sentants du CAP se sont joints \u00e0 nous pour discuter et \u00e9couter les divers pan\u00e9listes et conf\u00e9renciers qui se sont pench\u00e9s sur la politique f\u00e9d\u00e9rale, la crise du logement au Canada et les strat\u00e9gies efficaces de d\u00e9fense des int\u00e9r\u00eats.<\/p>\n\n\n\n<h2 class=\"wp-block-heading\"><strong>Gains en fin d\u2019ann\u00e9e<\/strong><\/h2>\n\n\n\n<p>Le 21&nbsp;novembre&nbsp;2023, la ministre Freeland a d\u00e9pos\u00e9 l\u2019\u00c9nonc\u00e9 \u00e9conomique de l\u2019automne de 2023.<\/p>\n\n\n\n<p>L\u2019ACI a \u00e9t\u00e9 encourag\u00e9e par l\u2019importance sans pr\u00e9c\u00e9dent accord\u00e9e au logement, par les nombreuses mesures visant \u00e0 am\u00e9liorer les programmes de logements existants, et par l\u2019engagement du gouvernement \u00e0 augmenter l\u2019offre de logements dans tout le continuum gr\u00e2ce \u00e0 divers nouveaux programmes. De nombreuses recommandations de nos membres, pr\u00e9sent\u00e9es lors des Journ\u00e9es du CAP, ainsi que leurs avis \u00e9taient refl\u00e9t\u00e9s dans l\u2019\u00c9nonc\u00e9.<\/p>\n\n\n\n<p>L\u2019\u00c9nonc\u00e9 comprenait \u00e9galement son tout premier chapitre sur le logement, intitul\u00e9 <a href=\"https:\/\/www.canada.ca\/fr\/ministere-finances\/nouvelles\/2023\/11\/plan-daction-canadien-pour-le-logement.html\" target=\"_blank\" rel=\"noopener\" title=\"\"><em>Plan d\u2019action canadien pour le logement<\/em><\/a>, qui vise \u00e0 att\u00e9nuer la crise du logement et \u00e0 r\u00e9tablir l\u2019abordabilit\u00e9 du logement. Le gouvernement a mis en place de nouvelles mesures pour&nbsp;: encourager la construction de nouveaux logements locatifs; prot\u00e9ger les propri\u00e9taires et les locataires; et veiller \u00e0 ce que tous les Canadiens disposent d\u2019un foyer s\u00e9curitaire et abordable.<\/p>\n\n\n\n<p>L\u2019\u00e9quipe des Relations gouvernementales de l\u2019ACI continuera \u00e0 analyser les effets de cet \u00c9nonc\u00e9 et \u00e0 insister aupr\u00e8s du gouvernement pour qu\u2019il effectue des investissements significatifs en vue d\u2019accro\u00eetre l\u2019offre de logement partout au Canada.<\/p>\n\n\n\n<h2 class=\"wp-block-heading\"><strong>Que nous r\u00e9serve&nbsp;2024?<\/strong><\/h2>\n\n\n\n<p>Cette ann\u00e9e, l\u2019ACI continuera de suivre les activit\u00e9s du gouvernement f\u00e9d\u00e9ral afin de faire valoir les messages et les recommandations des courtiers et agents immobiliers. Nous avons h\u00e2te de lancer notre Programme de subvention pour la d\u00e9fense des int\u00e9r\u00eats, qui a \u00e9t\u00e9 annonc\u00e9 lors des Journ\u00e9es du CAP, au cours de la nouvelle ann\u00e9e. Ce programme contribuera \u00e0 mobiliser les efforts de d\u00e9fense des int\u00e9r\u00eats des chambres et associations locales et provinciales.<\/p>\n\n\n\n<p class=\"has-background\" style=\"background-color:#f2f2f2\">Souhaitez-vous participer aux activit\u00e9s de d\u00e9fense des int\u00e9r\u00eats de l\u2019ACI? Voyez comment vous pouvez devenir la voix et le visage de votre communaut\u00e9 des courtiers et agents immobiliers. Communiquez avec le directeur de votre chambre ou association locale, ou avec un membre de l\u2019\u00e9quipe des Relations gouvernementales de l\u2019ACI \u00e0 cap@CREA.ca.<\/p>\n","protected":false},"excerpt":{"rendered":"<p>Depuis plus de 30 ans, nos membres plaident en faveur de politiques qui soutiennent l\u2019acc\u00e8s au logement pour tous les Canadiens. L\u2019ann\u00e9e derni\u00e8re n\u2019a pas d\u00e9rog\u00e9 sur ce point. Aujourd\u2019hui, nous faisons un retour sur les r\u00e9ussites de nos membres en mati\u00e8re de d\u00e9fense des int\u00e9r\u00eats en 2023.<\/p>\n","protected":false},"author":174,"featured_media":44960,"comment_status":"open","ping_status":"open","sticky":false,"template":"","format":"standard","meta":{"footnotes":""},"categories":[2369],"tags":[2379],"coauthors":[2440],"class_list":["post-44966","post","type-post","status-publish","format-standard","has-post-thumbnail","hentry","category-defense-des-interets","tag-featured-fr"],"aioseo_notices":[],"_links":{"self":[{"href":"https:\/\/archive.cafe.crea.ca\/fr\/wp-json\/wp\/v2\/posts\/44966"}],"collection":[{"href":"https:\/\/archive.cafe.crea.ca\/fr\/wp-json\/wp\/v2\/posts"}],"about":[{"href":"https:\/\/archive.cafe.crea.ca\/fr\/wp-json\/wp\/v2\/types\/post"}],"author":[{"embeddable":true,"href":"https:\/\/archive.cafe.crea.ca\/fr\/wp-json\/wp\/v2\/users\/174"}],"replies":[{"embeddable":true,"href":"https:\/\/archive.cafe.crea.ca\/fr\/wp-json\/wp\/v2\/comments?post=44966"}],"version-history":[{"count":2,"href":"https:\/\/archive.cafe.crea.ca\/fr\/wp-json\/wp\/v2\/posts\/44966\/revisions"}],"predecessor-version":[{"id":44970,"href":"https:\/\/archive.cafe.crea.ca\/fr\/wp-json\/wp\/v2\/posts\/44966\/revisions\/44970"}],"wp:featuredmedia":[{"embeddable":true,"href":"https:\/\/archive.cafe.crea.ca\/fr\/wp-json\/wp\/v2\/media\/44960"}],"wp:attachment":[{"href":"https:\/\/archive.cafe.crea.ca\/fr\/wp-json\/wp\/v2\/media?parent=44966"}],"wp:term":[{"taxonomy":"category","embeddable":true,"href":"https:\/\/archive.cafe.crea.ca\/fr\/wp-json\/wp\/v2\/categories?post=44966"},{"taxonomy":"post_tag","embeddable":true,"href":"https:\/\/archive.cafe.crea.ca\/fr\/wp-json\/wp\/v2\/tags?post=44966"},{"taxonomy":"author","embeddable":true,"href":"https:\/\/archive.cafe.crea.ca\/fr\/wp-json\/wp\/v2\/coauthors?post=44966"}],"curies":[{"name":"wp","href":"https:\/\/api.w.org\/{rel}","templated":true}]}}