{"id":44775,"date":"2023-12-12T16:26:42","date_gmt":"2023-12-12T21:26:42","guid":{"rendered":"https:\/\/archive.cafe.crea.ca\/?p=44775"},"modified":"2023-12-12T16:28:04","modified_gmt":"2023-12-12T21:28:04","slug":"la-banque-du-canada-maintient-le-taux-directeur-a-5-dans-sa-derniere-annonce-de-2023","status":"publish","type":"post","link":"https:\/\/archive.cafe.crea.ca\/fr\/la-banque-du-canada-maintient-le-taux-directeur-a-5-dans-sa-derniere-annonce-de-2023\/","title":{"rendered":"La Banque du Canada maintient le taux directeur \u00e0 5\u00a0% dans sa derni\u00e8re annonce de 2023"},"content":{"rendered":"\n<p>La Banque du Canada a indiqu\u00e9 qu\u2019elle maintenait son taux cible du financement \u00e0 un jour \u00e0 5&nbsp;%. Il s\u2019agit de sa troisi\u00e8me d\u00e9cision cons\u00e9cutive de maintenir le taux apr\u00e8s deux&nbsp;hausses au cours de l\u2019\u00e9t\u00e9.<\/p>\n\n\n\n<blockquote class=\"twitter-tweet\"><p lang=\"fr\" dir=\"ltr\">Nous avons maintenu notre taux directeur \u00e0 5,00 %. <br><br>Apprenez-en plus: <a href=\"https:\/\/t.co\/Bk6YomPHp5\">https:\/\/t.co\/Bk6YomPHp5<\/a><a href=\"https:\/\/twitter.com\/hashtag\/%C3%A9concan?src=hash&amp;ref_src=twsrc%5Etfw\">#\u00e9concan<\/a> <a href=\"https:\/\/twitter.com\/hashtag\/%C3%A9conomie?src=hash&amp;ref_src=twsrc%5Etfw\">#\u00e9conomie<\/a> <a href=\"https:\/\/t.co\/93aSJ4f5Qo\">pic.twitter.com\/93aSJ4f5Qo<\/a><\/p>&mdash; Banque du Canada (@banqueducanada) <a href=\"https:\/\/twitter.com\/banqueducanada\/status\/1732449858303176878?ref_src=twsrc%5Etfw\">December 6, 2023<\/a><\/blockquote> <script async src=\"https:\/\/platform.twitter.com\/widgets.js\" charset=\"utf-8\"><\/script>\n\n\n\n<p>Dans sa derni\u00e8re annonce de taux d\u2019int\u00e9r\u00eat pr\u00e9vue le 6&nbsp;d\u00e9cembre&nbsp;2023, la Banque a cit\u00e9 des donn\u00e9es de plus en plus probantes selon lesquelles la hausse des taux d\u2019int\u00e9r\u00eat freine les d\u00e9penses, ralentit la croissance \u00e9conomique et contribue \u00e0 assouplir les march\u00e9s du travail, ce qui donne \u00e0 penser que l\u2019\u00e9conomie pourrait ne plus \u00eatre en demande exc\u00e9dentaire.<\/p>\n\n\n\n<p>Le ralentissement de l\u2019activit\u00e9 \u00e9conomique contribue \u00e9galement \u00e0 att\u00e9nuer les pressions inflationnistes sur un large \u00e9ventail de biens et de services, la mesure privil\u00e9gi\u00e9e par la Banque de l\u2019inflation fondamentale se situant autour de 3,5\u00a0% \u00e0 4\u00a0% au cours des derniers mois. Malgr\u00e9 cela, <a href=\"https:\/\/www.banqueducanada.ca\/2023\/12\/fad-communique-2023-12-06\/?theme_mode=light&amp;_gl=1*1hpxw0m*_ga*OTUxMDAyMjIzLjE2OTQwMjA2ODk.*_ga_D0WRRH3RZH*MTcwMjQxNjIxOC41LjEuMTcwMjQxNjIyMi41Ni4wLjA.\" target=\"_blank\" rel=\"noopener\" title=\"\">la Banque<\/a> a fait remarquer que l\u2019inflation du prix des logements continue de cro\u00eetre, sous l\u2019effet de la croissance plus rapide des loyers et des autres co\u00fbts li\u00e9s au logement, ainsi que de la contribution continue des co\u00fbts d\u2019int\u00e9r\u00eat hypoth\u00e9caires plus \u00e9lev\u00e9s.<\/p>\n\n\n\n<p>Alors que de nouveaux signes indiquent que la politique mon\u00e9taire ralentit les d\u00e9penses et att\u00e9nue les pressions sur les prix, <a href=\"https:\/\/www.banqueducanada.ca\/2023\/12\/fad-communique-2023-12-06\/?theme_mode=light&amp;_gl=1*1hpxw0m*_ga*OTUxMDAyMjIzLjE2OTQwMjA2ODk.*_ga_D0WRRH3RZH*MTcwMjQxNjIxOC41LjEuMTcwMjQxNjIyMi41Ni4wLjA.\" target=\"_blank\" rel=\"noopener\" title=\"\">la Banque<\/a> demeure pr\u00e9occup\u00e9e par les risques qui p\u00e8sent sur les perspectives de l\u2019inflation et demeure pr\u00eate \u00e0 relever les taux au besoin.<\/p>\n\n\n\n<p>La prochaine annonce de la Banque du Canada concernant le taux d\u2019int\u00e9r\u00eat aura lieu le 24&nbsp;janvier&nbsp;2024, date \u00e0 laquelle elle publiera \u00e9galement ses perspectives compl\u00e8tes de l\u2019\u00e9conomie et de l\u2019inflation dans son <a href=\"https:\/\/www.banqueducanada.ca\/2023\/10\/rpm-2023-10-25\/?theme_mode=light&amp;_gl=1*mqka76*_ga*NzY2NDMxMDg2LjE3MDIzMjc1ODc.*_ga_D0WRRH3RZH*MTcwMjMyNzU4Ni4xLjAuMTcwMjMyNzU4Ni42MC4wLjA.\" target=\"_blank\" rel=\"noopener\" title=\"\"><em>Rapport sur la politique mon\u00e9taire<\/em><\/a>.<\/p>\n\n\n\n<p class=\"has-background\" style=\"background-color:#f2f2f2\">Vous souhaitez obtenir les toutes derni\u00e8res informations de l\u2019ACI? Suivez-nous sur les m\u00e9dias sociaux&nbsp;: <a href=\"https:\/\/twitter.com\/CREA_ACI\" target=\"_blank\" rel=\"noopener\" title=\"\">X (Twitter)<\/a>, <a href=\"https:\/\/www.instagram.com\/crea_aci\/\" target=\"_blank\" rel=\"noreferrer noopener\">Instagram<\/a>, <a href=\"https:\/\/www.facebook.com\/CREA.ACI\" target=\"_blank\" rel=\"noreferrer noopener\">Facebook<\/a> et <a href=\"https:\/\/www.linkedin.com\/company\/creaaci\/mycompany\/verification\/\" target=\"_blank\" rel=\"noopener\" title=\"\">LinkedIn<\/a>.<\/p>\n","protected":false},"excerpt":{"rendered":"<p>La Banque du Canada a indiqu\u00e9 qu\u2019elle maintenait son taux cible du financement \u00e0 un jour \u00e0 5\u00a0%. Il s\u2019agit de sa troisi\u00e8me d\u00e9cision cons\u00e9cutive de maintenir le taux apr\u00e8s deux\u00a0hausses au cours de l\u2019\u00e9t\u00e9.<\/p>\n","protected":false},"author":130,"featured_media":44773,"comment_status":"open","ping_status":"open","sticky":false,"template":"","format":"standard","meta":{"footnotes":""},"categories":[2367],"tags":[2379],"coauthors":[2388],"class_list":["post-44775","post","type-post","status-publish","format-standard","has-post-thumbnail","hentry","category-statistiques","tag-featured-fr"],"aioseo_notices":[],"_links":{"self":[{"href":"https:\/\/archive.cafe.crea.ca\/fr\/wp-json\/wp\/v2\/posts\/44775"}],"collection":[{"href":"https:\/\/archive.cafe.crea.ca\/fr\/wp-json\/wp\/v2\/posts"}],"about":[{"href":"https:\/\/archive.cafe.crea.ca\/fr\/wp-json\/wp\/v2\/types\/post"}],"author":[{"embeddable":true,"href":"https:\/\/archive.cafe.crea.ca\/fr\/wp-json\/wp\/v2\/users\/130"}],"replies":[{"embeddable":true,"href":"https:\/\/archive.cafe.crea.ca\/fr\/wp-json\/wp\/v2\/comments?post=44775"}],"version-history":[{"count":3,"href":"https:\/\/archive.cafe.crea.ca\/fr\/wp-json\/wp\/v2\/posts\/44775\/revisions"}],"predecessor-version":[{"id":44782,"href":"https:\/\/archive.cafe.crea.ca\/fr\/wp-json\/wp\/v2\/posts\/44775\/revisions\/44782"}],"wp:featuredmedia":[{"embeddable":true,"href":"https:\/\/archive.cafe.crea.ca\/fr\/wp-json\/wp\/v2\/media\/44773"}],"wp:attachment":[{"href":"https:\/\/archive.cafe.crea.ca\/fr\/wp-json\/wp\/v2\/media?parent=44775"}],"wp:term":[{"taxonomy":"category","embeddable":true,"href":"https:\/\/archive.cafe.crea.ca\/fr\/wp-json\/wp\/v2\/categories?post=44775"},{"taxonomy":"post_tag","embeddable":true,"href":"https:\/\/archive.cafe.crea.ca\/fr\/wp-json\/wp\/v2\/tags?post=44775"},{"taxonomy":"author","embeddable":true,"href":"https:\/\/archive.cafe.crea.ca\/fr\/wp-json\/wp\/v2\/coauthors?post=44775"}],"curies":[{"name":"wp","href":"https:\/\/api.w.org\/{rel}","templated":true}]}}