{"id":44378,"date":"2023-10-31T16:36:46","date_gmt":"2023-10-31T20:36:46","guid":{"rendered":"https:\/\/archive.cafe.crea.ca\/?p=44378"},"modified":"2023-10-31T16:36:48","modified_gmt":"2023-10-31T20:36:48","slug":"la-banque-du-canada-annonce-quelle-maintient-le-taux-directeur-a-5-en-octobre-2023","status":"publish","type":"post","link":"https:\/\/archive.cafe.crea.ca\/fr\/la-banque-du-canada-annonce-quelle-maintient-le-taux-directeur-a-5-en-octobre-2023\/","title":{"rendered":"La Banque du Canada annonce qu\u2019elle maintient le taux directeur \u00e0\u00a05\u00a0% en octobre 2023"},"content":{"rendered":"\n<p>La Banque du Canada a indiqu\u00e9 qu\u2019elle maintenait son taux cible du financement \u00e0 un jour \u00e0 5&nbsp;%.<\/p>\n\n\n\n<p>Lors de sa r\u00e9cente annonce pr\u00e9vue du&nbsp;25&nbsp;octobre&nbsp;2023, la Banque a laiss\u00e9 entendre que selon de plus en plus de donn\u00e9es, les <a href=\"https:\/\/archive.cafe.crea.ca\/fr\/la-banque-du-canada-releve-le-taux-directeur-et-poursuit-le-resserrement-quantitatif\/\" target=\"_blank\" rel=\"noopener\" title=\"\">hausses pass\u00e9es des taux d\u2019int\u00e9r\u00eat<\/a>, qui ont \u00e9galement contribu\u00e9 \u00e0 r\u00e9duire l\u2019inflation, ont frein\u00e9 l\u2019activit\u00e9 \u00e9conomique. La Banque a not\u00e9 que la r\u00e9duction de la consommation et de la revente d\u2019habitations a contribu\u00e9 \u00e0 l\u2019affaiblissement de l\u2019activit\u00e9 \u00e9conomique, mais que les conditions du march\u00e9 du travail \u00e9taient toujours tendues. <\/p>\n\n\n\n<p>Dans son <a href=\"https:\/\/www.banqueducanada.ca\/2023\/10\/rpm-2023-10-25\/?theme_mode=light&amp;_gl=1*1whirfq*_ga*MTEyMjA1MjQ1NS4xNjk0MDIwNjUy*_ga_D0WRRH3RZH*MTY5ODY4NjcyMy4yLjAuMTY5ODY4NjcyMy42MC4wLjA.\" target=\"_blank\" rel=\"noopener\" title=\"\"><em>Rapport sur la politique mon\u00e9taire<\/em><\/a>, la Banque a \u00e9galement soulign\u00e9 que les feux de for\u00eat et la gr\u00e8ve des fonctionnaires f\u00e9d\u00e9raux ont pes\u00e9 sur l\u2019\u00e9conomie au d\u00e9but de l\u2019ann\u00e9e. Selon les pr\u00e9visions de la Banque, la croissance \u00e9conomique restera mod\u00e9r\u00e9e jusqu\u2019\u00e0 la fin de 2024; l\u2019\u00e9conomie canadienne n\u2019augmentera que de 0,9&nbsp;% en&nbsp;2024, comparativement \u00e0 1,2&nbsp;% cette ann\u00e9e, puis reprendra de la vigueur pour atteindre&nbsp;2,5&nbsp;% en&nbsp;2025.<\/p>\n\n\n\n<iframe loading=\"lazy\" width=\"560\" height=\"315\" src=\"https:\/\/www.youtube.com\/embed\/75PokCGw7TQ?si=9TrZjzvwQPxZcLsI\" title=\"YouTube video player\" frameborder=\"0\" allow=\"accelerometer; autoplay; clipboard-write; encrypted-media; gyroscope; picture-in-picture; web-share\" allowfullscreen><\/iframe>\n\n\n\n<p>Compte tenu des fluctuations des derniers mois, la Banque a soulign\u00e9 la volatilit\u00e9 de l\u2019inflation et a \u00e9voqu\u00e9 les tendances divergentes des composantes de l\u2019indice des prix \u00e0 la consommation (IPC). Alors que l\u2019inflation des prix de certains biens et aliments a diminu\u00e9, les co\u00fbts li\u00e9s au logement continuent d\u2019afficher une forte augmentation, et les mesures de l\u2019inflation fondamentale privil\u00e9gi\u00e9es par la Banque ne montrent aucun signe de ralentissement. Si les pr\u00e9visions indiquent toujours que l\u2019inflation atteindra la cible de 2&nbsp;% de la Banque en 2025, on s\u2019attend \u00e0 ce que l\u2019inflation \u00e0 court terme soit plus \u00e9lev\u00e9e en raison des r\u00e9centes augmentations des prix de l\u2019\u00e9nergie et d\u2019autres composantes de l\u2019inflation fondamentale.<\/p>\n\n\n\n<p>La Banque semble satisfaite de constater que la hausse des taux d\u2019int\u00e9r\u00eat a produit l\u2019effet escompt\u00e9 sur les d\u00e9penses et la croissance des prix, mais elle craint encore que l\u2019inflation tarde \u00e0 se rapprocher de sa fourchette cible. Bien que le taux directeur ait \u00e9t\u00e9 maintenu \u00e0 5&nbsp;%, elle est pr\u00eate \u00e0 l\u2019augmenter de nouveau si n\u00e9cessaire.<\/p>\n\n\n\n<p>La prochaine annonce de la Banque du Canada au sujet du taux d\u2019int\u00e9r\u00eat est fix\u00e9e au 6&nbsp;d\u00e9cembre&nbsp;2023. Le prochain <em>Rapport sur la politique mon\u00e9taire<\/em> sera publi\u00e9 le 24&nbsp;janvier&nbsp;2024.<\/p>\n\n\n\n<p>Vous souhaitez obtenir les toutes derni\u00e8res informations de l\u2019ACI? Suivez-nous sur les m\u00e9dias sociaux&nbsp;: <a href=\"https:\/\/twitter.com\/CREA_ACI\" target=\"_blank\" rel=\"noopener\" title=\"\">X (Twitter)<\/a>, <a href=\"https:\/\/www.facebook.com\/CREA.ACI\" target=\"_blank\" rel=\"noopener\" title=\"\">Facebook<\/a>, et <a href=\"https:\/\/www.linkedin.com\/company\/creaaci\/mycompany\/verification\/\" target=\"_blank\" rel=\"noopener\" title=\"\">LinkedIn<\/a>.<\/p>\n","protected":false},"excerpt":{"rendered":"<p>Lors de sa r\u00e9cente annonce pr\u00e9vue du\u00a025\u00a0octobre\u00a02023, la Banque a laiss\u00e9 entendre que selon de plus en plus de donn\u00e9es, les hausses pass\u00e9es des taux d\u2019int\u00e9r\u00eat, qui ont \u00e9galement contribu\u00e9 \u00e0 r\u00e9duire l\u2019inflation, ont frein\u00e9 l\u2019activit\u00e9 \u00e9conomique.<\/p>\n","protected":false},"author":130,"featured_media":44375,"comment_status":"open","ping_status":"open","sticky":false,"template":"","format":"standard","meta":{"footnotes":""},"categories":[2367],"tags":[2380],"coauthors":[2388],"class_list":["post-44378","post","type-post","status-publish","format-standard","has-post-thumbnail","hentry","category-statistiques","tag-featured-fr-2"],"aioseo_notices":[],"_links":{"self":[{"href":"https:\/\/archive.cafe.crea.ca\/fr\/wp-json\/wp\/v2\/posts\/44378"}],"collection":[{"href":"https:\/\/archive.cafe.crea.ca\/fr\/wp-json\/wp\/v2\/posts"}],"about":[{"href":"https:\/\/archive.cafe.crea.ca\/fr\/wp-json\/wp\/v2\/types\/post"}],"author":[{"embeddable":true,"href":"https:\/\/archive.cafe.crea.ca\/fr\/wp-json\/wp\/v2\/users\/130"}],"replies":[{"embeddable":true,"href":"https:\/\/archive.cafe.crea.ca\/fr\/wp-json\/wp\/v2\/comments?post=44378"}],"version-history":[{"count":2,"href":"https:\/\/archive.cafe.crea.ca\/fr\/wp-json\/wp\/v2\/posts\/44378\/revisions"}],"predecessor-version":[{"id":44382,"href":"https:\/\/archive.cafe.crea.ca\/fr\/wp-json\/wp\/v2\/posts\/44378\/revisions\/44382"}],"wp:featuredmedia":[{"embeddable":true,"href":"https:\/\/archive.cafe.crea.ca\/fr\/wp-json\/wp\/v2\/media\/44375"}],"wp:attachment":[{"href":"https:\/\/archive.cafe.crea.ca\/fr\/wp-json\/wp\/v2\/media?parent=44378"}],"wp:term":[{"taxonomy":"category","embeddable":true,"href":"https:\/\/archive.cafe.crea.ca\/fr\/wp-json\/wp\/v2\/categories?post=44378"},{"taxonomy":"post_tag","embeddable":true,"href":"https:\/\/archive.cafe.crea.ca\/fr\/wp-json\/wp\/v2\/tags?post=44378"},{"taxonomy":"author","embeddable":true,"href":"https:\/\/archive.cafe.crea.ca\/fr\/wp-json\/wp\/v2\/coauthors?post=44378"}],"curies":[{"name":"wp","href":"https:\/\/api.w.org\/{rel}","templated":true}]}}