{"id":44198,"date":"2023-10-19T11:15:14","date_gmt":"2023-10-19T15:15:14","guid":{"rendered":"https:\/\/archive.cafe.crea.ca\/?p=44198"},"modified":"2023-10-19T11:15:18","modified_gmt":"2023-10-19T15:15:18","slug":"un-apercu-des-retombees-economiques-generees-par-les-ventes-et-achats-residentiels-conclus-au-canada","status":"publish","type":"post","link":"https:\/\/archive.cafe.crea.ca\/fr\/un-apercu-des-retombees-economiques-generees-par-les-ventes-et-achats-residentiels-conclus-au-canada\/","title":{"rendered":"Un aper\u00e7u des retomb\u00e9es \u00e9conomiques g\u00e9n\u00e9r\u00e9es par les ventes et achats r\u00e9sidentiels conclus au Canada"},"content":{"rendered":"\n<p>Le secteur de l\u2019immobilier produit d\u2019importantes retomb\u00e9es \u00e9conomiques pour le Canada, que ce soit au niveau de l\u2019activit\u00e9 sur le march\u00e9 de la construction ou des retomb\u00e9es connexes g\u00e9n\u00e9r\u00e9es par chaque vente r\u00e9sidentielle.<\/p>\n\n\n\n<p>Plus t\u00f4t cette ann\u00e9e, Le Groupe Altus a entrepris une <a href=\"https:\/\/www.crea.ca\/files\/political-advocacy\/francais\/Altus-Economic-Report_FINAL_FR.pdf\" target=\"_blank\" rel=\"noopener\" title=\"\">\u00e9tude<\/a> visant \u00e0 \u00e9valuer l\u2019impact des ventes r\u00e9sidentielles existantes sur l\u2019\u00e9conomie du Canada et de ses provinces.<\/p>\n\n\n\n<p class=\"has-background\" style=\"background-color:#f2f2f2\">\u00ab&nbsp;<em>Le Groupe Altus est un chef de file de l\u2019analyse immobili\u00e8re au Canada&nbsp;\u2013&nbsp;le partenaire id\u00e9al pour ce type d\u2019\u00e9tude. Le rapport de cette ann\u00e9e est la sixi\u00e8me&nbsp;\u00e9dition, la premi\u00e8re ayant \u00e9t\u00e9 publi\u00e9e il y a plus de dix&nbsp;ans, et je peux vous dire par exp\u00e9rience qu\u2019il s\u2019agit d\u2019une ressource inestimable lorsque l\u2019on s\u2019entretient avec les d\u00e9cideurs sur l\u2019importance du secteur immobilier pour l\u2019ensemble de l\u2019\u00e9conomie.<\/em>&nbsp;\u00bb&nbsp;\u2013&nbsp;Shaun&nbsp;Cathcart, \u00e9conomiste principale de l\u2019ACI<\/p>\n\n\n\n<p>L\u2019\u00e9tude d\u00e9montre que chaque vente r\u00e9sidentielle conclue par l\u2019entreprise d\u2019un syst\u00e8me MLS\u00ae g\u00e9n\u00e8re des retomb\u00e9es de pr\u00e8s de 76&nbsp;000&nbsp;$ en honoraires vers\u00e9s \u00e0 des professionnels, comme les notaires ou les avocats, les \u00e9valuateurs, les professionnels de l\u2019immobilier et les arpenteurs, de m\u00eame qu\u2019en d\u00e9penses d\u2019\u00e9lectrom\u00e9nagers, de meubles, de r\u00e9novations et de tout article achet\u00e9 pour une nouvelle habitation.&nbsp;<\/p>\n\n\n\n<figure class=\"wp-block-image size-full\"><img loading=\"lazy\" decoding=\"async\" width=\"896\" height=\"518\" src=\"https:\/\/archive.cafe.crea.ca\/wp-content\/uploads\/2023\/10\/Figure3-FR.jpg\" alt=\"\" class=\"wp-image-44187\" srcset=\"https:\/\/archive.cafe.crea.ca\/wp-content\/uploads\/2023\/10\/Figure3-FR.jpg 896w, https:\/\/archive.cafe.crea.ca\/wp-content\/uploads\/2023\/10\/Figure3-FR-768x444.jpg 768w\" sizes=\"(max-width: 896px) 100vw, 896px\" \/><\/figure>\n\n\n\n<p>Selon l\u2019\u00e9tude, il s\u2019est vendu en moyenne 572&nbsp;500&nbsp;habitations par ann\u00e9e par l\u2019entremise des syst\u00e8mes MLS\u00ae entre 2020 et 2022, et les retomb\u00e9es attribuables \u00e0 ces transactions s\u2019\u00e9levaient \u00e0 plus de 43,4&nbsp;milliards&nbsp;$ par ann\u00e9e au cours de cette p\u00e9riode de trois&nbsp;ans.<\/p>\n\n\n\n<p>Pr\u00e8s de 50&nbsp;% de ces retomb\u00e9es (21&nbsp;milliards&nbsp;$) ont \u00e9t\u00e9 g\u00e9n\u00e9r\u00e9es en Ontario, le plus important march\u00e9 de la revente au Canada.<\/p>\n\n\n\n<p>Ces d\u00e9penses suppl\u00e9mentaires cr\u00e9ent des emplois directs et indirects au sein de l\u2019\u00e9conomie. On estime qu\u2019entre 2020 et 2022, 233&nbsp;209&nbsp;emplois ont \u00e9t\u00e9 cr\u00e9\u00e9s chaque ann\u00e9e par l\u2019activit\u00e9 moyenne du march\u00e9 r\u00e9sidentiel de la revente enregistr\u00e9e sur les syst\u00e8mes MLS\u00ae au Canada, les secteurs de la finance, de l\u2019assurance, de l\u2019immobilier, de la construction et des services professionnels en ayant le plus profit\u00e9.<\/p>\n\n\n\n<figure class=\"wp-block-image size-full is-resized\"><img loading=\"lazy\" decoding=\"async\" src=\"https:\/\/archive.cafe.crea.ca\/wp-content\/uploads\/2023\/10\/Figure6-FR.jpg\" alt=\"\" class=\"wp-image-44189\" width=\"840\" height=\"485\" srcset=\"https:\/\/archive.cafe.crea.ca\/wp-content\/uploads\/2023\/10\/Figure6-FR.jpg 896w, https:\/\/archive.cafe.crea.ca\/wp-content\/uploads\/2023\/10\/Figure6-FR-768x444.jpg 768w\" sizes=\"(max-width: 840px) 100vw, 840px\" \/><\/figure>\n\n\n\n<p>L\u2019activit\u00e9 de revente a g\u00e9n\u00e9r\u00e9 aussi d\u2019importants revenus aux administrations f\u00e9d\u00e9rales, provinciales et municipales. Les transactions immobili\u00e8res du march\u00e9 de la revente effectu\u00e9es par l\u2019entremise des syst\u00e8mes MLS\u00ae ont g\u00e9n\u00e9r\u00e9 2,7&nbsp;milliards&nbsp;$ en droits de cession immobili\u00e8re aux municipalit\u00e9s, et 1,5&nbsp;milliard&nbsp;$ en taxes de vente et imp\u00f4ts f\u00e9d\u00e9raux et provinciaux.<\/p>\n\n\n\n<div class=\"wp-block-group has-background\" style=\"background-color:#f2f2f2\"><div class=\"wp-block-group__inner-container is-layout-constrained wp-block-group-is-layout-constrained\">\n<p><strong>Quelques suggestions qui pourraient vous int\u00e9resser&nbsp;:<\/strong><\/p>\n\n\n\n<ul class=\"wp-block-list\">\n<li><a href=\"https:\/\/archive.cafe.crea.ca\/fr\/laci-met-a-jour-ses-previsions-pour-le-marche-residentiel-de-la-revente\/\">L\u2019ACI met \u00e0 jour ses pr\u00e9visions pour le march\u00e9 r\u00e9sidentiel de la revente<\/a><\/li>\n\n\n\n<li><a href=\"https:\/\/archive.cafe.crea.ca\/fr\/programmes-federaux-de-logement-a-propos-desquels-vous-pouvez-informer-vos-clients\/\">Programmes f\u00e9d\u00e9raux de logement \u00e0 propos desquels vous pouvez informer vos clients<\/a><\/li>\n\n\n\n<li><a href=\"https:\/\/archive.cafe.crea.ca\/fr\/tout-ce-que-vous-avez-toujours-voulu-savoir-sur-les-frais-de-cloture-et-nosiez-pas-demander\/\">Tout ce que vous avez toujours voulu savoir sur les frais de cl\u00f4ture et n\u2019osiez pas demander<\/a><\/li>\n<\/ul>\n<\/div><\/div>\n\n\n\n<p>La hausse des taux d\u2019int\u00e9r\u00eat a quelque peu frein\u00e9 le march\u00e9 de la revente en&nbsp;2023, ce qui aura probablement une incidence sur l\u2019activit\u00e9 \u00e9conomique cette ann\u00e9e et l\u2019ann\u00e9e prochaine en raison de la baisse des salaires et des traitements des services professionnels qui soutiennent les transactions de ventes r\u00e9sidentielles, et de la diminution des d\u00e9penses en articles et services li\u00e9s \u00e0 l\u2019immobilier. La situation nous d\u00e9montrera ainsi l\u2019importance du march\u00e9 de la revente pour la sant\u00e9 globale de l\u2019\u00e9conomie au Canada. &nbsp;&nbsp;&nbsp;&nbsp;&nbsp;&nbsp;<\/p>\n","protected":false},"excerpt":{"rendered":"<p>Les ventes d\u2019habitations conclues par l\u2019entremise des syst\u00e8mes MLS\u00ae repr\u00e9sentent un apport consid\u00e9rable \u00e0 l\u2019\u00e9conomie canadienne. Voici un aper\u00e7u de ce que r\u00e9v\u00e8lent les donn\u00e9es. <\/p>\n","protected":false},"author":32,"featured_media":44185,"comment_status":"open","ping_status":"open","sticky":false,"template":"","format":"standard","meta":{"footnotes":""},"categories":[2367],"tags":[2380],"coauthors":[2194],"class_list":["post-44198","post","type-post","status-publish","format-standard","has-post-thumbnail","hentry","category-statistiques","tag-featured-fr-2"],"aioseo_notices":[],"_links":{"self":[{"href":"https:\/\/archive.cafe.crea.ca\/fr\/wp-json\/wp\/v2\/posts\/44198"}],"collection":[{"href":"https:\/\/archive.cafe.crea.ca\/fr\/wp-json\/wp\/v2\/posts"}],"about":[{"href":"https:\/\/archive.cafe.crea.ca\/fr\/wp-json\/wp\/v2\/types\/post"}],"author":[{"embeddable":true,"href":"https:\/\/archive.cafe.crea.ca\/fr\/wp-json\/wp\/v2\/users\/32"}],"replies":[{"embeddable":true,"href":"https:\/\/archive.cafe.crea.ca\/fr\/wp-json\/wp\/v2\/comments?post=44198"}],"version-history":[{"count":2,"href":"https:\/\/archive.cafe.crea.ca\/fr\/wp-json\/wp\/v2\/posts\/44198\/revisions"}],"predecessor-version":[{"id":44203,"href":"https:\/\/archive.cafe.crea.ca\/fr\/wp-json\/wp\/v2\/posts\/44198\/revisions\/44203"}],"wp:featuredmedia":[{"embeddable":true,"href":"https:\/\/archive.cafe.crea.ca\/fr\/wp-json\/wp\/v2\/media\/44185"}],"wp:attachment":[{"href":"https:\/\/archive.cafe.crea.ca\/fr\/wp-json\/wp\/v2\/media?parent=44198"}],"wp:term":[{"taxonomy":"category","embeddable":true,"href":"https:\/\/archive.cafe.crea.ca\/fr\/wp-json\/wp\/v2\/categories?post=44198"},{"taxonomy":"post_tag","embeddable":true,"href":"https:\/\/archive.cafe.crea.ca\/fr\/wp-json\/wp\/v2\/tags?post=44198"},{"taxonomy":"author","embeddable":true,"href":"https:\/\/archive.cafe.crea.ca\/fr\/wp-json\/wp\/v2\/coauthors?post=44198"}],"curies":[{"name":"wp","href":"https:\/\/api.w.org\/{rel}","templated":true}]}}