{"id":44117,"date":"2023-10-12T09:34:13","date_gmt":"2023-10-12T13:34:13","guid":{"rendered":"https:\/\/archive.cafe.crea.ca\/?p=44117"},"modified":"2023-10-12T11:22:57","modified_gmt":"2023-10-12T15:22:57","slug":"les-courtiers-et-agents-immobiliers-sont-prets-a-plaider-en-faveur-des-logements-accessibles-au-canada","status":"publish","type":"post","link":"https:\/\/archive.cafe.crea.ca\/fr\/les-courtiers-et-agents-immobiliers-sont-prets-a-plaider-en-faveur-des-logements-accessibles-au-canada\/","title":{"rendered":"Les courtiers et agents immobiliers sont pr\u00eats \u00e0 plaider en faveur des logements accessibles au Canada"},"content":{"rendered":"\n<p>Le Canada est aux prises avec une crise du logement. Le logement abordable a fait les manchettes au printemps et \u00e0 l\u2019\u00e9t\u00e9&nbsp;2023. Avec la hausse des taux d\u2019int\u00e9r\u00eat et les prix des aliments qui atteignent de nouveaux sommets, de nombreux Canadiens voient leur r\u00eave de l\u2019accession \u00e0 la propri\u00e9t\u00e9 compl\u00e8tement hors de port\u00e9e.<\/p>\n\n\n\n<p>Depuis plus de 30&nbsp;ans, nos membres plaident en faveur de politiques qui soutiennent l\u2019acc\u00e8s au logement pour tous les Canadiens, qu\u2019il s\u2019agisse d\u2019h\u00e9bergement d\u2019urgence, de logements subventionn\u00e9s, de logements sociaux ou d\u2019accession \u00e0 la propri\u00e9t\u00e9.<\/p>\n\n\n\n<p>Cette ann\u00e9e ne fait pas exception. <strong>Du 15 au 17&nbsp;octobre&nbsp;2023<\/strong>, les repr\u00e9sentants du Comit\u00e9 d\u2019action politique (CAP) se retrouveront dans la capitale nationale \u00e0 l\u2019occasion des 38<sup>e<\/sup>&nbsp;Journ\u00e9es du CAP. Les repr\u00e9sentants du CAP, qui sont des courtiers et agents immobiliers ainsi que des membres du personnel des chambres et associations de partout au Canada, rencontreront les d\u00e9put\u00e9s pour discuter de la crise du logement et des autres enjeux auxquels font face les Canadiens dans tout le continuum du logement au Canada.<\/p>\n\n\n\n<p>Nous croyons que la raret\u00e9 de l\u2019offre est un facteur important de cette crise. Alors que nos efforts de d\u00e9fense des int\u00e9r\u00eats prennent de l\u2019ampleur, les d\u00e9cideurs politiques de tous les paliers du gouvernement doivent mieux communiquer si nous voulons voir un r\u00e9el changement.<\/p>\n\n\n\n<p><strong>Le 18&nbsp;septembre&nbsp;2023<\/strong>, apr\u00e8s une pause de deux&nbsp;mois, le Parlement a repris ses travaux et depuis, le gouvernement et l\u2019opposition officielle ont pr\u00e9sent\u00e9 des projets de loi fortement ax\u00e9s sur le logement.<\/p>\n\n\n\n<p>La vice-premi\u00e8re ministre et ministre des Finances, Chrystia&nbsp;Freeland, a pr\u00e9sent\u00e9 le <a href=\"https:\/\/www.parl.ca\/DocumentViewer\/fr\/44-1\/projet-loi\/C-56\/premiere-lecture\" target=\"_blank\" rel=\"noopener\" title=\"\">projet de loi C-56, la <em>Loi sur le logement et l\u2019\u00e9picerie \u00e0 prix abordable<\/em><\/a>, tandis que le chef de l\u2019opposition officielle, Pierre&nbsp;Poilievre, a pr\u00e9sent\u00e9 le <a href=\"https:\/\/www.parl.ca\/DocumentViewer\/fr\/44-1\/projet-loi\/C-356\/premiere-lecture\" target=\"_blank\" rel=\"noopener\" title=\"\">projet de loi C-356, la <em>Loi visant \u00e0 construire des logements et \u00e0 combattre la bureaucratie<\/em><\/a>. Ces projets de loi visent \u00e0 accro\u00eetre l\u2019offre de logements dans le secteur de la construction locative. L\u2019ACI soutient les mesures l\u00e9gislatives qui traitent de l\u2019offre de logements.<\/p>\n\n\n\n<p>Tel que mentionn\u00e9 dans notre soumission au <a href=\"https:\/\/www.crea.ca\/files\/political-advocacy\/francais\/CREA_s-submission-_-National-Housing-Council-Financialization-of-Purpose-Built-Rental-FRE.pdf\" target=\"_blank\" rel=\"noopener\" title=\"\">Conseil national du logement sur la financialisation des logements construits pour la location<\/a>, l\u2019ACI a recommand\u00e9 le remboursement de la TPS\/TVH sur les co\u00fbts d\u2019am\u00e9nagement de logements locatifs.<\/p>\n\n\n\n<h2 class=\"wp-block-heading\"><strong>Recommandations des membres de l\u2019ACI au gouvernement f\u00e9d\u00e9ral<\/strong><\/h2>\n\n\n\n<p>Voici les trois&nbsp;recommandations qui seront pr\u00e9sent\u00e9es par les repr\u00e9sentants du CAP aux d\u00e9put\u00e9s lors des Journ\u00e9es du CAP de l\u2019ACI de&nbsp;2023&nbsp;:<\/p>\n\n\n\n<p class=\"has-background\" style=\"background-color:#f2f2f2\"><strong>Recommandation 1&nbsp;<\/strong>: <em>L\u2019ACI recommande l\u2019\u00e9tablissement d\u2019une table ronde nationale permanente sur le logement afin de r\u00e9unir tous les intervenants de la sph\u00e8re du logement et d\u2019aider \u00e0 r\u00e9gler la crise en adoptant une approche inclusive et holistique qui met l\u2019accent sur la collaboration, l\u2019innovation et la coordination des politiques.<\/em><\/p>\n\n\n\n<p class=\"has-background\" style=\"background-color:#f2f2f2\"><strong>Recommandation 2&nbsp;:<\/strong><em> L\u2019ACI recommande de mettre \u00e0 profit le financement f\u00e9d\u00e9ral des infrastructures offert aux partenaires municipaux, provinciaux et territoriaux pour exiger la cr\u00e9ation de plus de logements.<\/em><\/p>\n\n\n\n<p class=\"has-background\" style=\"background-color:#f2f2f2\"><strong>Recommandation 3&nbsp;:<\/strong> <em>L\u2019ACI recommande l\u2019\u00e9laboration d\u2019une strat\u00e9gie d\u2019immigration visant \u00e0 \u00e9largir la main-d\u2019\u0153uvre du secteur du logement en attirant le personnel des m\u00e9tiers sp\u00e9cialis\u00e9s \u00e9tabli \u00e0 l\u2019\u00e9tranger, notamment en simplifiant le processus d\u2019immigration des professionnels qualifi\u00e9s souhaitant travailler dans le secteur de la construction.<\/em><\/p>\n\n\n\n<p>Il est important de se rappeler que le travail de d\u00e9fense des int\u00e9r\u00eats n\u2019est pas une d\u00e9marche \u00e0 court terme, c\u2019est un travail \u00e0 long terme. La valeur des activit\u00e9s de sensibilisation soutenues r\u00e9side dans leur capacit\u00e9 \u00e0 susciter des changements durables et \u00e0 fa\u00e7onner les politiques. Gr\u00e2ce \u00e0 nos efforts continus, nous pouvons ouvrir la voie \u00e0 l\u2019accessibilit\u00e9 et \u00e0 l\u2019abordabilit\u00e9 du logement pour tous les Canadiens.<\/p>\n\n\n\n<p>Vous souhaitez devenir repr\u00e9sentant du CAP? Lisez <a href=\"https:\/\/member.crea.ca\/wp-content\/uploads\/2023\/06\/Guide-To-Becoming-A-PAC-Rep-2023_FR.pdf\" target=\"_blank\" rel=\"noopener\" title=\"\">Un guide pour devenir repr\u00e9sentant du CAP<\/a> pour en savoir davantage.<\/p>\n\n\n\n<iframe loading=\"lazy\" width=\"560\" height=\"315\" src=\"https:\/\/www.youtube.com\/embed\/7HEdkQ7swj8?si=ZRmpE3IliKoyx2h5\" title=\"YouTube video player\" frameborder=\"0\" allow=\"accelerometer; autoplay; clipboard-write; encrypted-media; gyroscope; picture-in-picture; web-share\" allowfullscreen><\/iframe>\n","protected":false},"excerpt":{"rendered":"<p>Depuis plus de 30\u00a0ans, nos membres plaident en faveur de politiques qui soutiennent l\u2019acc\u00e8s au logement pour tous les Canadiens, qu\u2019il s\u2019agisse d\u2019h\u00e9bergement d\u2019urgence, de logements subventionn\u00e9s, de logements sociaux ou d\u2019accession \u00e0 la propri\u00e9t\u00e9.<\/p>\n","protected":false},"author":186,"featured_media":44112,"comment_status":"open","ping_status":"open","sticky":false,"template":"","format":"standard","meta":{"footnotes":""},"categories":[2369],"tags":[2379],"coauthors":[2456],"class_list":["post-44117","post","type-post","status-publish","format-standard","has-post-thumbnail","hentry","category-defense-des-interets","tag-featured-fr"],"aioseo_notices":[],"_links":{"self":[{"href":"https:\/\/archive.cafe.crea.ca\/fr\/wp-json\/wp\/v2\/posts\/44117"}],"collection":[{"href":"https:\/\/archive.cafe.crea.ca\/fr\/wp-json\/wp\/v2\/posts"}],"about":[{"href":"https:\/\/archive.cafe.crea.ca\/fr\/wp-json\/wp\/v2\/types\/post"}],"author":[{"embeddable":true,"href":"https:\/\/archive.cafe.crea.ca\/fr\/wp-json\/wp\/v2\/users\/186"}],"replies":[{"embeddable":true,"href":"https:\/\/archive.cafe.crea.ca\/fr\/wp-json\/wp\/v2\/comments?post=44117"}],"version-history":[{"count":4,"href":"https:\/\/archive.cafe.crea.ca\/fr\/wp-json\/wp\/v2\/posts\/44117\/revisions"}],"predecessor-version":[{"id":44126,"href":"https:\/\/archive.cafe.crea.ca\/fr\/wp-json\/wp\/v2\/posts\/44117\/revisions\/44126"}],"wp:featuredmedia":[{"embeddable":true,"href":"https:\/\/archive.cafe.crea.ca\/fr\/wp-json\/wp\/v2\/media\/44112"}],"wp:attachment":[{"href":"https:\/\/archive.cafe.crea.ca\/fr\/wp-json\/wp\/v2\/media?parent=44117"}],"wp:term":[{"taxonomy":"category","embeddable":true,"href":"https:\/\/archive.cafe.crea.ca\/fr\/wp-json\/wp\/v2\/categories?post=44117"},{"taxonomy":"post_tag","embeddable":true,"href":"https:\/\/archive.cafe.crea.ca\/fr\/wp-json\/wp\/v2\/tags?post=44117"},{"taxonomy":"author","embeddable":true,"href":"https:\/\/archive.cafe.crea.ca\/fr\/wp-json\/wp\/v2\/coauthors?post=44117"}],"curies":[{"name":"wp","href":"https:\/\/api.w.org\/{rel}","templated":true}]}}