{"id":43856,"date":"2023-09-14T09:03:23","date_gmt":"2023-09-14T13:03:23","guid":{"rendered":"https:\/\/archive.cafe.crea.ca\/?p=43856"},"modified":"2023-09-26T16:38:32","modified_gmt":"2023-09-26T20:38:32","slug":"la-banque-du-canada-maintient-son-taux-directeur-a-5","status":"publish","type":"post","link":"https:\/\/archive.cafe.crea.ca\/fr\/la-banque-du-canada-maintient-son-taux-directeur-a-5\/","title":{"rendered":"La Banque du Canada maintient son taux directeur \u00e0 5\u00a0%"},"content":{"rendered":"\n<p>\u00c0 la suite de hausses cons\u00e9cutives en juin et en juillet&nbsp;2023, la Banque du Canada a indiqu\u00e9 qu\u2019elle maintenait son taux cible du financement \u00e0 un jour \u00e0 5&nbsp;%.<\/p>\n\n\n\n<blockquote class=\"twitter-tweet\"><p lang=\"fr\" dir=\"ltr\">Nous avons maintenu notre taux directeur \u00e0 5,00%. <br><br>Apprenez-en plus: <a href=\"https:\/\/t.co\/OZzNCdltmv\">https:\/\/t.co\/OZzNCdltmv<\/a><a href=\"https:\/\/twitter.com\/hashtag\/%C3%A9concan?src=hash&amp;ref_src=twsrc%5Etfw\">#\u00e9concan<\/a> <a href=\"https:\/\/twitter.com\/hashtag\/%C3%A9conomie?src=hash&amp;ref_src=twsrc%5Etfw\">#\u00e9conomie<\/a> <a href=\"https:\/\/t.co\/lbtJJL5kRx\">pic.twitter.com\/lbtJJL5kRx<\/a><\/p>&mdash; Banque du Canada (@banqueducanada) <a href=\"https:\/\/twitter.com\/banqueducanada\/status\/1699452698418909611?ref_src=twsrc%5Etfw\">September 6, 2023<\/a><\/blockquote> <script async src=\"https:\/\/platform.twitter.com\/widgets.js\" charset=\"utf-8\"><\/script>\n\n\n\n<p>Le mercredi&nbsp;6&nbsp;septembre&nbsp;2023, la Banque a r\u00e9it\u00e9r\u00e9 la plupart de ses messages cl\u00e9s de <a href=\"https:\/\/archive.cafe.crea.ca\/fr\/la-banque-du-canada-releve-le-taux-directeur-et-poursuit-le-resserrement-quantitatif\/\" target=\"_blank\" rel=\"noopener\" title=\"\">l\u2019annonce pr\u00e9c\u00e9dente<\/a>, citant la poursuite d\u2019une inflation \u00e9lev\u00e9e et un ralentissement de la croissance \u00e9conomique. La Banque a not\u00e9 que la baisse de la consommation, un recul de l\u2019activit\u00e9 dans le secteur du logement et les feux de for\u00eat partout au pays ont contribu\u00e9 \u00e0 ralentir l\u2019activit\u00e9 \u00e9conomique.<\/p>\n\n\n\n<p>La Banque s\u2019attend \u00e0 ce que l\u2019inflation \u00e0 court terme augmente de nouveau avant de s\u2019att\u00e9nuer en raison de la hausse r\u00e9cente des prix de l\u2019essence et a fait remarquer que les mesures de l\u2019inflation fondamentale se situent actuellement \u00e0 environ 3,5&nbsp;%, ce qui est plus \u00e9lev\u00e9 que la fourchette privil\u00e9gi\u00e9e par la Banque de 1&nbsp;% \u00e0 3&nbsp;%.<\/p>\n\n\n\n<p>La Banque demeure pr\u00e9occup\u00e9e par la persistance de l\u2019inflation \u00e9lev\u00e9e et le risque qu\u2019elle s\u2019enracine. Bien que le taux directeur ait \u00e9t\u00e9 maintenu \u00e0 5&nbsp;%, elle est pr\u00eate \u00e0 l\u2019augmenter de nouveau si n\u00e9cessaire.<\/p>\n\n\n\n<p>La prochaine annonce de la Banque du Canada du taux d\u2019int\u00e9r\u00eat est fix\u00e9e au mercredi&nbsp;25&nbsp;octobre&nbsp;2023, laquelle s\u2019accompagnera d\u2019une mise \u00e0 jour de ses pr\u00e9visions \u00e9conomiques dans son prochain <em>Rapport sur la politique mon\u00e9taire<\/em>.<\/p>\n\n\n\n<div class=\"wp-block-group has-background\" style=\"background-color:#f2f2f2\"><div class=\"wp-block-group__inner-container is-layout-constrained wp-block-group-is-layout-constrained\">\n<p>D\u2019autres articles int\u00e9ressants&nbsp;:<\/p>\n\n\n\n<ul class=\"wp-block-list\">\n<li><a href=\"https:\/\/archive.cafe.crea.ca\/fr\/laci-met-a-jour-ses-previsions-pour-le-marche-residentiel-de-la-revente\/\" target=\"_blank\" rel=\"noopener\" title=\"\">L\u2019ACI met \u00e0 jour ses pr\u00e9visions pour le march\u00e9 r\u00e9sidentiel de la revente<\/a><\/li>\n\n\n\n<li><a href=\"https:\/\/archive.cafe.crea.ca\/fr\/les-ventes-residentielles-en-juillet-continuent-de-montrer-des-signes-de-stabilisation\/\" target=\"_blank\" rel=\"noopener\" title=\"\">Les ventes r\u00e9sidentielles en juillet continuent de montrer des signes de stabilisation<\/a><\/li>\n\n\n\n<li><a href=\"https:\/\/archive.cafe.crea.ca\/fr\/feux-de-foret-en-nouvelle-ecosse-une-agente-immobiliere-dhalifax-perd-sa-maison-et-devient-une-source-dinspiration\/\" target=\"_blank\" rel=\"noopener\" title=\"\">Feux de for\u00eat en Nouvelle-\u00c9cosse&nbsp;: une agente immobili\u00e8re d\u2019Halifax perd sa maison et devient une source d\u2019inspiration<\/a><\/li>\n<\/ul>\n<\/div><\/div>\n","protected":false},"excerpt":{"rendered":"<p>\u00c0 la suite de hausses cons\u00e9cutives en juin et en juillet\u00a02023, la Banque du Canada a indiqu\u00e9 qu\u2019elle maintenait son taux cible du financement \u00e0 un jour \u00e0 5\u00a0%.<\/p>\n","protected":false},"author":130,"featured_media":43851,"comment_status":"open","ping_status":"open","sticky":false,"template":"","format":"standard","meta":{"footnotes":""},"categories":[2367],"tags":[2377],"coauthors":[2388],"class_list":["post-43856","post","type-post","status-publish","format-standard","has-post-thumbnail","hentry","category-statistiques","tag-sidebar-fr"],"aioseo_notices":[],"_links":{"self":[{"href":"https:\/\/archive.cafe.crea.ca\/fr\/wp-json\/wp\/v2\/posts\/43856"}],"collection":[{"href":"https:\/\/archive.cafe.crea.ca\/fr\/wp-json\/wp\/v2\/posts"}],"about":[{"href":"https:\/\/archive.cafe.crea.ca\/fr\/wp-json\/wp\/v2\/types\/post"}],"author":[{"embeddable":true,"href":"https:\/\/archive.cafe.crea.ca\/fr\/wp-json\/wp\/v2\/users\/130"}],"replies":[{"embeddable":true,"href":"https:\/\/archive.cafe.crea.ca\/fr\/wp-json\/wp\/v2\/comments?post=43856"}],"version-history":[{"count":2,"href":"https:\/\/archive.cafe.crea.ca\/fr\/wp-json\/wp\/v2\/posts\/43856\/revisions"}],"predecessor-version":[{"id":43859,"href":"https:\/\/archive.cafe.crea.ca\/fr\/wp-json\/wp\/v2\/posts\/43856\/revisions\/43859"}],"wp:featuredmedia":[{"embeddable":true,"href":"https:\/\/archive.cafe.crea.ca\/fr\/wp-json\/wp\/v2\/media\/43851"}],"wp:attachment":[{"href":"https:\/\/archive.cafe.crea.ca\/fr\/wp-json\/wp\/v2\/media?parent=43856"}],"wp:term":[{"taxonomy":"category","embeddable":true,"href":"https:\/\/archive.cafe.crea.ca\/fr\/wp-json\/wp\/v2\/categories?post=43856"},{"taxonomy":"post_tag","embeddable":true,"href":"https:\/\/archive.cafe.crea.ca\/fr\/wp-json\/wp\/v2\/tags?post=43856"},{"taxonomy":"author","embeddable":true,"href":"https:\/\/archive.cafe.crea.ca\/fr\/wp-json\/wp\/v2\/coauthors?post=43856"}],"curies":[{"name":"wp","href":"https:\/\/api.w.org\/{rel}","templated":true}]}}