{"id":43510,"date":"2023-07-25T13:09:13","date_gmt":"2023-07-25T17:09:13","guid":{"rendered":"https:\/\/archive.cafe.crea.ca\/?p=43510"},"modified":"2023-08-02T09:31:17","modified_gmt":"2023-08-02T13:31:17","slug":"laci-met-a-jour-ses-previsions-pour-le-marche-residentiel-de-la-revente","status":"publish","type":"post","link":"https:\/\/archive.cafe.crea.ca\/fr\/laci-met-a-jour-ses-previsions-pour-le-marche-residentiel-de-la-revente\/","title":{"rendered":"L\u2019ACI met \u00e0 jour ses pr\u00e9visions pour le march\u00e9 r\u00e9sidentiel de la revente"},"content":{"rendered":"\n<p>L\u2019Association canadienne de l\u2019immobilier (ACI) a r\u00e9vis\u00e9 ses pr\u00e9visions des ventes r\u00e9sidentielles qui seront r\u00e9alis\u00e9es par l\u2019entremise des syst\u00e8mes MLS\u00ae des chambres et associations immobili\u00e8res canadiennes et des prix moyens des propri\u00e9t\u00e9s pour 2023 et 2024.<\/p>\n\n\n\n<p>Comme pr\u00e9vu, les ventes r\u00e9sidentielles au pays ont surgi en <a href=\"https:\/\/archive.cafe.crea.ca\/fr\/les-marches-de-lhabitation-au-canada-remontent-la-pente\/\" target=\"_blank\" rel=\"noreferrer noopener\">avril 2023<\/a>. Les acheteurs qui h\u00e9sitaient ont r\u00e9agi \u00e0 deux facteurs : les taux d\u2019int\u00e9r\u00eat, qui semblaient avoir atteint un sommet, et la valeur des propri\u00e9t\u00e9s, qui atteignait son niveau le plus bas.<\/p>\n\n\n\n<p>Puisque la Banque du Canada a subitement mis fin \u00e0 sa pause sur les hausses de taux en <a href=\"https:\/\/archive.cafe.crea.ca\/fr\/la-banque-du-canada-augmente-encore-les-taux-dinteret\/\" target=\"_blank\" rel=\"noreferrer noopener\">juin<\/a>, et qu\u2019elle a augment\u00e9 de nouveau ses taux en <a href=\"https:\/\/archive.cafe.crea.ca\/fr\/la-banque-du-canada-releve-le-taux-directeur-et-poursuit-le-resserrement-quantitatif\/\" target=\"_blank\" rel=\"noreferrer noopener\">juillet <\/a>(sans pr\u00e9ciser si elle avait termin\u00e9), une grande incertitude plane de nouveau sur le march\u00e9 de l\u2019habitation.<\/p>\n\n\n\n<p>Cependant, avant m\u00eame la reprise des hausses de taux, le r\u00e9cent rebond des ventes avait d\u00e9j\u00e0 montr\u00e9 des signes de fl\u00e9chissement. La plus forte augmentation des ventes d\u2019un mois \u00e0 l\u2019autre a \u00e9t\u00e9 enregistr\u00e9e en avril, suivie d\u2019une augmentation plus faible de moiti\u00e9 en mai, puis d\u2019une l\u00e9g\u00e8re hausse de 1,5 % en juin. Cette situation s\u2019explique probablement par le fait que les nouvelles inscriptions avaient atteint leur niveau le plus bas en 20 ans, ce qui a entra\u00een\u00e9 des hausses de prix d\u2019un mois \u00e0 l\u2019autre en avril, mai et juin. Ces hausses n\u2019ont \u00e9t\u00e9 d\u00e9pass\u00e9es que par celles observ\u00e9es pendant la p\u00e9riode la plus forte du march\u00e9, soit la pand\u00e9mie de la COVID-19.<\/p>\n\n\n\n<p>Le nombre de nouvelles inscriptions rattrape maintenant celui des ventes, mais cette \u00e9volution ne devrait pas donner lieu \u00e0 de nouvelles hausses importantes des ventes. En effet, certains acheteurs vont probablement se replier, comme ils l\u2019ont fait en 2022, pour attendre des signes suppl\u00e9mentaires de la part de la Banque du Canada et conna\u00eetre les donn\u00e9es sur lesquelles elle fonde sa politique. \u00c0 plus long terme, on observe \u00e9galement un consensus progressif quant au fait que les taux ne seront pas seulement plus \u00e9lev\u00e9s, mais qu\u2019ils le resteront probablement plus longtemps, jusqu\u2019en 2024.<\/p>\n\n\n\n<figure class=\"wp-block-image size-full\"><img loading=\"lazy\" decoding=\"async\" width=\"792\" height=\"524\" src=\"https:\/\/archive.cafe.crea.ca\/wp-content\/uploads\/2023\/07\/Forecast-JUL-2023-FR.png\" alt=\"\" class=\"wp-image-43519\" srcset=\"https:\/\/archive.cafe.crea.ca\/wp-content\/uploads\/2023\/07\/Forecast-JUL-2023-FR.png 792w, https:\/\/archive.cafe.crea.ca\/wp-content\/uploads\/2023\/07\/Forecast-JUL-2023-FR-768x508.png 768w\" sizes=\"(max-width: 792px) 100vw, 792px\" \/><\/figure>\n\n\n\n<p>Par cons\u00e9quent, l\u2019ACI a revu \u00e0 la baisse ses pr\u00e9visions des ventes r\u00e9sidentielles en 2023 et 2024, comparativement \u00e0 ce qu\u2019elle pr\u00e9voyait en avril 2023, ainsi que l\u2019\u00e9volution des prix. Il ne faut pas en conclure que les prix devraient n\u00e9cessairement recommencer \u00e0 baisser d\u2019un mois \u00e0 l\u2019autre, mais plut\u00f4t qu\u2019ils devraient se stabiliser ou augmenter \u00e0 un rythme plus lent qu\u2019au cours des derniers mois.<\/p>\n\n\n\n<p>Quelque 464 239 propri\u00e9t\u00e9s devraient changer de mains par l\u2019entremise des syst\u00e8mes MLS\u00ae canadiens en 2023, soit une baisse de 6,8 % par rapport \u00e0 2022. Il s\u2019agit en g\u00e9n\u00e9ral d\u2019une r\u00e9vision \u00e0 la baisse par rapport aux deux pr\u00e9visions nationales pr\u00e9c\u00e9dentes de l\u2019ACI. En effet, la reprise des ventes dans la plupart des r\u00e9gions du pays, d\u00e9j\u00e0 ralentie par un manque d\u2019offre, devrait \u00eatre interrompue par les r\u00e9centes augmentations des co\u00fbts d\u2019emprunt et l\u2019incertitude que ces hausses estivales des taux d\u2019int\u00e9r\u00eat cr\u00e9eront pour la suite, \u00e0 l\u2019automne.<\/p>\n\n\n\n<h2 class=\"wp-block-heading\">Vous aimerez peut-\u00eatre aussi ces articles&nbsp;:<\/h2>\n\n\n\n<ul class=\"wp-block-list\"><li><a href=\"https:\/\/archive.cafe.crea.ca\/fr\/pourquoi-les-nouvelles-inscriptions-immobilieres-mensuelles-ont-elles-chute-au-cours-des-12-derniers-mois\/\" target=\"_blank\" rel=\"noreferrer noopener\">Pourquoi les nouvelles inscriptions immobili\u00e8res mensuelles ont-elles chut\u00e9 au cours des 12&nbsp;derniers mois?<\/a><\/li><li><a href=\"https:\/\/archive.cafe.crea.ca\/fr\/inflation-generalisee-au-canada-ce-que-vous-devez-savoir\/\" target=\"_blank\" rel=\"noreferrer noopener\">Inflation g\u00e9n\u00e9ralis\u00e9e au Canada&nbsp;: ce que vous devez savoir<\/a><\/li><li><a href=\"https:\/\/archive.cafe.crea.ca\/fr\/attachez-vous-le-marche-de-lhabitation-se-prepare-peut-etre-a-bondir\/\" target=\"_blank\" rel=\"noreferrer noopener\">Attachez-vous. Le march\u00e9 de l\u2019habitation se pr\u00e9pare peut-\u00eatre \u00e0 bondir.<\/a><\/li><\/ul>\n\n\n\n<p>Le prix moyen d\u2019une propri\u00e9t\u00e9 \u00e0 l\u2019\u00e9chelle nationale devrait baisser l\u00e9g\u00e8rement de 0,2 % d\u2019une ann\u00e9e \u00e0 l\u2019autre en 2023 pour atteindre 702 409 $. Ce chiffre est plus \u00e9lev\u00e9 que les pr\u00e9visions pr\u00e9c\u00e9dentes de l\u2019ACI pour deux raisons : l\u2019augmentation de la composition des ventes dans les r\u00e9gions \u00e0 prix \u00e9lev\u00e9, soit le Lower Mainland de la Colombie-Britannique et la r\u00e9gion du Grand Toronto, ainsi qu\u2019une croissance des prix plus forte que pr\u00e9vu dans l\u2019ensemble du pays au cours du deuxi\u00e8me trimestre de 2023. Toutefois, si les pr\u00e9visions annuelles ont \u00e9t\u00e9 revues \u00e0 la hausse, l\u2019\u00e9volution des prix \u00e0 compter de maintenant devrait \u00eatre moins abrupte.<\/p>\n\n\n\n<p>Les ventes r\u00e9sidentielles nationales devraient augmenter de 11,2 % en 2024, pour atteindre 516 072 unit\u00e9s, alors que les march\u00e9s de l\u2019habitation continuent de revenir \u00e0 la normale et que la politique mon\u00e9taire \u00e9volue vers une position plus neutre. Selon cette pr\u00e9vision, l\u2019activit\u00e9 se situera dans sa moyenne d\u00e9cennale, en dessous de 2007, 2016, 2020 et 2021.<\/p>\n\n\n\n<p>Le prix moyen d\u2019une propri\u00e9t\u00e9 \u00e0 l\u2019\u00e9chelle nationale devrait augmenter encore de 3 % entre 2023 et 2024 pour atteindre environ 723 250 $. Ce r\u00e9sultat est proche de celui du deuxi\u00e8me trimestre de 2023. Ainsi, on pr\u00e9voit g\u00e9n\u00e9ralement une stabilisation des prix jusqu\u2019\u00e0 ce que les taux d\u2019int\u00e9r\u00eat commencent \u00e0 baisser.<\/p>\n\n\n\n<figure class=\"wp-block-image size-full\"><img loading=\"lazy\" decoding=\"async\" width=\"872\" height=\"477\" src=\"https:\/\/archive.cafe.crea.ca\/wp-content\/uploads\/2023\/07\/Table1FR.jpg\" alt=\"\" class=\"wp-image-43517\" srcset=\"https:\/\/archive.cafe.crea.ca\/wp-content\/uploads\/2023\/07\/Table1FR.jpg 872w, https:\/\/archive.cafe.crea.ca\/wp-content\/uploads\/2023\/07\/Table1FR-768x420.jpg 768w\" sizes=\"(max-width: 872px) 100vw, 872px\" \/><\/figure>\n\n\n\n<figure class=\"wp-block-image size-full\"><img loading=\"lazy\" decoding=\"async\" width=\"869\" height=\"463\" src=\"https:\/\/archive.cafe.crea.ca\/wp-content\/uploads\/2023\/07\/Table2FR.jpg\" alt=\"\" class=\"wp-image-43515\" srcset=\"https:\/\/archive.cafe.crea.ca\/wp-content\/uploads\/2023\/07\/Table2FR.jpg 869w, https:\/\/archive.cafe.crea.ca\/wp-content\/uploads\/2023\/07\/Table2FR-768x409.jpg 768w\" sizes=\"(max-width: 869px) 100vw, 869px\" \/><\/figure>\n","protected":false},"excerpt":{"rendered":"<p>L\u2019Association canadienne de l\u2019immobilier (ACI) a r\u00e9vis\u00e9 ses pr\u00e9visions des ventes r\u00e9sidentielles qui seront r\u00e9alis\u00e9es par l\u2019entremise des syst\u00e8mes MLS\u00ae des chambres et associations immobili\u00e8res canadiennes et des prix moyens des propri\u00e9t\u00e9s pour 2023 et 2024.<\/p>\n","protected":false},"author":130,"featured_media":43503,"comment_status":"open","ping_status":"open","sticky":false,"template":"","format":"standard","meta":{"footnotes":""},"categories":[2367],"tags":[2377],"coauthors":[2388],"class_list":["post-43510","post","type-post","status-publish","format-standard","has-post-thumbnail","hentry","category-statistiques","tag-sidebar-fr"],"aioseo_notices":[],"_links":{"self":[{"href":"https:\/\/archive.cafe.crea.ca\/fr\/wp-json\/wp\/v2\/posts\/43510"}],"collection":[{"href":"https:\/\/archive.cafe.crea.ca\/fr\/wp-json\/wp\/v2\/posts"}],"about":[{"href":"https:\/\/archive.cafe.crea.ca\/fr\/wp-json\/wp\/v2\/types\/post"}],"author":[{"embeddable":true,"href":"https:\/\/archive.cafe.crea.ca\/fr\/wp-json\/wp\/v2\/users\/130"}],"replies":[{"embeddable":true,"href":"https:\/\/archive.cafe.crea.ca\/fr\/wp-json\/wp\/v2\/comments?post=43510"}],"version-history":[{"count":2,"href":"https:\/\/archive.cafe.crea.ca\/fr\/wp-json\/wp\/v2\/posts\/43510\/revisions"}],"predecessor-version":[{"id":43521,"href":"https:\/\/archive.cafe.crea.ca\/fr\/wp-json\/wp\/v2\/posts\/43510\/revisions\/43521"}],"wp:featuredmedia":[{"embeddable":true,"href":"https:\/\/archive.cafe.crea.ca\/fr\/wp-json\/wp\/v2\/media\/43503"}],"wp:attachment":[{"href":"https:\/\/archive.cafe.crea.ca\/fr\/wp-json\/wp\/v2\/media?parent=43510"}],"wp:term":[{"taxonomy":"category","embeddable":true,"href":"https:\/\/archive.cafe.crea.ca\/fr\/wp-json\/wp\/v2\/categories?post=43510"},{"taxonomy":"post_tag","embeddable":true,"href":"https:\/\/archive.cafe.crea.ca\/fr\/wp-json\/wp\/v2\/tags?post=43510"},{"taxonomy":"author","embeddable":true,"href":"https:\/\/archive.cafe.crea.ca\/fr\/wp-json\/wp\/v2\/coauthors?post=43510"}],"curies":[{"name":"wp","href":"https:\/\/api.w.org\/{rel}","templated":true}]}}