{"id":43439,"date":"2023-07-14T09:35:25","date_gmt":"2023-07-14T13:35:25","guid":{"rendered":"https:\/\/archive.cafe.crea.ca\/?p=43439"},"modified":"2023-08-02T09:31:38","modified_gmt":"2023-08-02T13:31:38","slug":"la-banque-du-canada-releve-le-taux-directeur-et-poursuit-le-resserrement-quantitatif","status":"publish","type":"post","link":"https:\/\/archive.cafe.crea.ca\/fr\/la-banque-du-canada-releve-le-taux-directeur-et-poursuit-le-resserrement-quantitatif\/","title":{"rendered":"La Banque du Canada rel\u00e8ve le taux directeur et poursuit le resserrement quantitatif"},"content":{"rendered":"\n<p><a><\/a><a><\/a>Lors de son annonce pr\u00e9vue du 12&nbsp;juillet&nbsp;2023, la Banque du Canada a indiqu\u00e9 qu\u2019elle augmentait son taux cible du financement \u00e0 un jour de 25&nbsp;points de base, pour le porter \u00e0 5&nbsp;%<a><\/a>. L\u2019annonce de cette hausse \u00e9tait largement attendue, contrairement \u00e0 celle de juin.<\/p>\n\n\n\n<p>Quant \u00e0 l\u2019effet de cette annonce sur le march\u00e9 de l\u2019habitation, il convient de noter que la Banque n\u2019a donn\u00e9 aucune indication d\u2019une pause de la hausse des taux et que la prochaine annonce n\u2019est qu\u2019en septembre.<\/p>\n\n\n\n<p>La reprise r\u00e9cente du resserrement de la politique mon\u00e9taire aura s\u00fbrement pour effet de faire rena\u00eetre l\u2019incertitude qui planait en 2022, et de refroidir de nouveau les ardeurs des acheteurs et propri\u00e9taires-vendeurs cet \u00e9t\u00e9.<\/p>\n\n\n\n<p>La Banque justifie cette nouvelle hausse par le fait que&nbsp;:<\/p>\n\n\n\n<ul class=\"wp-block-list\"><li>La Banque souligne que les baisses de l\u2019inflation not\u00e9es cette ann\u00e9e sont attribuables \u00e0 la baisse du prix de l\u2019\u00e9nergie et non \u00e0 la baisse du prix des articles d\u2019\u00e9picerie et des autres biens et services, ce que la banque s\u2019efforce de ma\u00eetriser.<\/li><li>Puisque les effets b\u00e9n\u00e9fiques des mouvements des prix de l\u2019\u00e9nergie d\u2019il y a plus d\u2019un an sont derri\u00e8re nous, toute r\u00e9duction de l\u2019inflation d\u2019une ann\u00e9e \u00e0 l\u2019autre ne pourra se produire qu\u2019\u00e0 la suite d\u2019une baisse concr\u00e8te du prix des biens et services.<\/li><\/ul>\n\n\n\n<p>La Banque s\u2019attend \u00e0 un ralentissement de la croissance \u00e9conomique au cours de la prochaine ann\u00e9e, qui devrait avoisiner 1&nbsp;% en moyenne durant la seconde moiti\u00e9 de 2023 et la premi\u00e8re de 2024. Autrement dit, elle ne s\u2019attend pas une r\u00e9cession, mais \u00e0 un ralentissement suffisamment prononc\u00e9 pour r\u00e9duire l\u2019inflation.<\/p>\n\n\n\n<p>Le probl\u00e8me est que la Banque estime que l\u2019inflation d\u2019une ann\u00e9e \u00e0 l\u2019autre mesur\u00e9e par l\u2019indice des prix \u00e0 la consommation&nbsp;(IPC) devrait tourner autour de 3&nbsp;% pour l\u2019ann\u00e9e \u00e0 venir (elle se situe actuellement \u00e0 3,4&nbsp;%), avant de baisser progressivement pour atteindre la cible de 2&nbsp;% d\u2019ici le milieu de l\u2019ann\u00e9e&nbsp;2025, soit dans deux&nbsp;ans.<\/p>\n\n\n\n<p>Le retour \u00e0 la cible sera beaucoup plus lent et long que pr\u00e9vu, et confirme le consensus croissant selon lequel les taux seront non seulement plus \u00e9lev\u00e9s que plusieurs le croyaient, mais qu\u2019ils le seraient pendant plus longtemps aussi. Le Conseil de direction pr\u00e9cise qu\u2019il reste pr\u00e9occup\u00e9 par le fait que la lenteur des progr\u00e8s pourrait se prolonger.<\/p>\n\n\n\n<p>La prochaine annonce de la Banque du Canada sur les taux d\u2019int\u00e9r\u00eat est fix\u00e9e au 6&nbsp;septembre&nbsp;2023, ce qui laisse pr\u00e8s de deux&nbsp;mois pour \u00e9valuer de nouvelles donn\u00e9es. Vous vous souvenez peut-\u00eatre qu\u2019apr\u00e8s l\u2019annonce du taux en avril, plusieurs croyaient que la Banque baisserait son taux au cours de la seconde partie de l\u2019ann\u00e9e; c\u2019est donc dire que beaucoup peut changer en peu de temps.<\/p>\n","protected":false},"excerpt":{"rendered":"<p>Lors de son annonce pr\u00e9vue du 12 juillet 2023, la Banque du Canada a indiqu\u00e9 qu\u2019elle augmentait son taux cible du financement \u00e0 un jour de 25 points de base, pour le porter \u00e0 5 %.<\/p>\n","protected":false},"author":130,"featured_media":43434,"comment_status":"open","ping_status":"open","sticky":false,"template":"","format":"standard","meta":{"footnotes":""},"categories":[2367],"tags":[2377],"coauthors":[2388],"class_list":["post-43439","post","type-post","status-publish","format-standard","has-post-thumbnail","hentry","category-statistiques","tag-sidebar-fr"],"aioseo_notices":[],"_links":{"self":[{"href":"https:\/\/archive.cafe.crea.ca\/fr\/wp-json\/wp\/v2\/posts\/43439"}],"collection":[{"href":"https:\/\/archive.cafe.crea.ca\/fr\/wp-json\/wp\/v2\/posts"}],"about":[{"href":"https:\/\/archive.cafe.crea.ca\/fr\/wp-json\/wp\/v2\/types\/post"}],"author":[{"embeddable":true,"href":"https:\/\/archive.cafe.crea.ca\/fr\/wp-json\/wp\/v2\/users\/130"}],"replies":[{"embeddable":true,"href":"https:\/\/archive.cafe.crea.ca\/fr\/wp-json\/wp\/v2\/comments?post=43439"}],"version-history":[{"count":4,"href":"https:\/\/archive.cafe.crea.ca\/fr\/wp-json\/wp\/v2\/posts\/43439\/revisions"}],"predecessor-version":[{"id":43444,"href":"https:\/\/archive.cafe.crea.ca\/fr\/wp-json\/wp\/v2\/posts\/43439\/revisions\/43444"}],"wp:featuredmedia":[{"embeddable":true,"href":"https:\/\/archive.cafe.crea.ca\/fr\/wp-json\/wp\/v2\/media\/43434"}],"wp:attachment":[{"href":"https:\/\/archive.cafe.crea.ca\/fr\/wp-json\/wp\/v2\/media?parent=43439"}],"wp:term":[{"taxonomy":"category","embeddable":true,"href":"https:\/\/archive.cafe.crea.ca\/fr\/wp-json\/wp\/v2\/categories?post=43439"},{"taxonomy":"post_tag","embeddable":true,"href":"https:\/\/archive.cafe.crea.ca\/fr\/wp-json\/wp\/v2\/tags?post=43439"},{"taxonomy":"author","embeddable":true,"href":"https:\/\/archive.cafe.crea.ca\/fr\/wp-json\/wp\/v2\/coauthors?post=43439"}],"curies":[{"name":"wp","href":"https:\/\/api.w.org\/{rel}","templated":true}]}}