{"id":43420,"date":"2023-07-13T11:25:30","date_gmt":"2023-07-13T15:25:30","guid":{"rendered":"https:\/\/archive.cafe.crea.ca\/?p=43420"},"modified":"2023-07-14T09:05:04","modified_gmt":"2023-07-14T13:05:04","slug":"tendances-deco-ete-2023-les-couleurs-textures-et-styles-qui-illumineront-votre-interieur","status":"publish","type":"post","link":"https:\/\/archive.cafe.crea.ca\/fr\/tendances-deco-ete-2023-les-couleurs-textures-et-styles-qui-illumineront-votre-interieur\/","title":{"rendered":"Tendances d\u00e9co \u00e9t\u00e9 2023 : les couleurs, textures et styles qui illumineront votre int\u00e9rieur"},"content":{"rendered":"\n<p>Avez-vous de la difficult\u00e9 \u00e0 trouver du contenu \u00e0 partager dans les m\u00e9dias sociaux?<\/p>\n\n\n\n<p>Laissez tomber Instagram et Facebook. Vous n\u2019avez besoin que de REALTOR.ca.<\/p>\n\n\n\n<p>Notre blogue ax\u00e9 sur le style de vie des consommateurs, le&nbsp;<em><a rel=\"noreferrer noopener\" href=\"https:\/\/www.realtor.ca\/blogue\" target=\"_blank\">Salon<\/a><\/em>, vous offre du contenu sur des sujets comme les r\u00e9novations, les tendances du march\u00e9, le bricolage, les guides des quartiers et les maisons originales. Du nouveau contenu passionnant est publi\u00e9 au&nbsp;<em>Salon<\/em>&nbsp;quatre&nbsp;fois par semaine (et du&nbsp;<a href=\"https:\/\/www.realtor.ca\/blogue\" target=\"_blank\" rel=\"noreferrer noopener\">contenu unique en fran\u00e7ais<\/a>&nbsp;est publi\u00e9 pour les passionn\u00e9s francophones).<\/p>\n\n\n\n<p>Tandis que le contenu du Caf\u00e9 ACI est s\u00e9lectionn\u00e9 sp\u00e9cialement pour favoriser la croissance de votre entreprise et \u00e0 en assurer la r\u00e9ussite, le contenu du&nbsp;<em>Salon<\/em>&nbsp;est parfait pour \u00eatre partag\u00e9 avec vos clients.<\/p>\n\n\n\n<p>D\u00e9tenu et exploit\u00e9 par L\u2019Association canadienne de l\u2019immobilier, REALTOR.ca est la plateforme immobili\u00e8re la plus populaire au Canada (Comscore, 2020). Vous y trouverez toutes les inscriptions des syst\u00e8mes MLS<sup>\u00ae<\/sup>\u00a0au pays.<\/p>\n\n\n\n<p>Partagez ce blogue avec vos clients et ceux qui vous suivent en cliquant sur le bouton Facebook ci-dessous!<\/p>\n\n\n\n<p>Vous pouvez aussi suivre REALTOR.ca sur&nbsp;<a rel=\"noreferrer noopener\" href=\"https:\/\/twitter.com\/REALTORdotca\" target=\"_blank\">Twitter<\/a>,&nbsp;<a rel=\"noreferrer noopener\" href=\"https:\/\/www.instagram.com\/realtordotca\/\" target=\"_blank\">Instagram<\/a>&nbsp;et&nbsp;<a rel=\"noreferrer noopener\" href=\"https:\/\/www.pinterest.ca\/realtordotca\/\" target=\"_blank\">Pinterest<\/a>.<\/p>\n\n\n\n<p>Consulter le billet de&nbsp;<a href=\"https:\/\/www.realtor.ca\/blogue\/tendances-d%C3%A9co-%C3%A9t%C3%A9-2023-les-couleurs-textures-et-styles-qui-illumineront-votre-int%C3%A9rieur\/32039\/1374\" target=\"_blank\" rel=\"noreferrer noopener\">blogue&nbsp;original<\/a>.<\/p>\n\n\n\n<hr class=\"wp-block-separator has-alpha-channel-opacity is-style-wide\"\/>\n\n\n\n<p>L\u2019\u00e9t\u00e9 est \u00e0 nos portes, et avec lui une nouvelle g\u00e9n\u00e9ration de tendances en mati\u00e8re de d\u00e9coration int\u00e9rieure. Du retour des couleurs vives \u00e0 l\u2019ambiance c\u00f4ti\u00e8re, il y en a pour tous les go\u00fbts cette saison. Si vous souhaitez rafra\u00eechir votre int\u00e9rieur pour les mois les plus chauds, de la chambre au salon, voici trois tendances estivales en mati\u00e8re de d\u00e9coration int\u00e9rieure qui feront sensation cet \u00e9t\u00e9.<\/p>\n\n\n\n<h2 class=\"wp-block-heading\">Retour \u00e0 la nature avec des mat\u00e9riaux organiques<\/h2>\n\n\n\n<p>La tendance de la d\u00e9coration int\u00e9rieure ax\u00e9e sur la nature se poursuit cet \u00e9t\u00e9. Tout d\u2019abord, nous vivons dans un monde de plus en plus connect\u00e9 et technologique, o\u00f9 il est essentiel de trouver un \u00e9quilibre en se reconnectant \u00e0 la nature. Cette tendance r\u00e9pond \u00e0 ce besoin en invitant la nature \u00e0 s\u2019installer chez nous. En plus de leur esth\u00e9tique, les \u00e9l\u00e9ments naturels ont \u00e9galement l\u2019avantage d\u2019\u00eatre durables et respectueux de l\u2019environnement. En optant pour des mat\u00e9riaux organiques et artisanaux, nous soutenons une approche plus responsable de la d\u00e9coration int\u00e9rieure, favorisant ainsi une consommation plus consciente et durable.<\/p>\n\n\n\n<p>En choisissant des mat\u00e9riaux organiques tels que le rotin, le bambou, le bois brut et la c\u00e9ramique artisanale, nous int\u00e9grons des \u00e9l\u00e9ments qui \u00e9voquent la beaut\u00e9 naturelle du monde qui nous entoure. Ces mat\u00e9riaux apportent une sensation de chaleur et de simplicit\u00e9 authentique \u00e0 notre int\u00e9rieur, cr\u00e9ant ainsi une atmosph\u00e8re accueillante et apaisante. En ajoutant des paniers en osier, des lampes en bois flott\u00e9 ou des vases en c\u00e9ramique, nous pouvons donner \u00e0 notre espace une touche estivale et boh\u00e8me. Ces accessoires contribuent \u00e0 cr\u00e9er une ambiance d\u00e9contract\u00e9e, rappelant les vacances et les moments de d\u00e9tente en plein air.<\/p>\n\n\n\n<p>La lumi\u00e8re naturelle est, par ailleurs, un incontournable. Si vous n\u2019avez pas un voisinage curieux, d\u00e9gagez vos fen\u00eatres pour laisser entrer un maximum de lumi\u00e8re, cr\u00e9ant ainsi une atmosph\u00e8re lumineuse et a\u00e9r\u00e9e. Les rideaux l\u00e9gers en lin ou en coton permettent de pr\u00e9server l\u2019intimit\u00e9 tout en laissant passer la lumi\u00e8re naturelle.<\/p>\n\n\n\n<h2 class=\"wp-block-heading\">L\u2019ambiance c\u00f4ti\u00e8re moderne<\/h2>\n\n\n\n<p>L\u2019ambiance c\u00f4ti\u00e8re en d\u00e9co \u00e9voque un m\u00e9lange subtil de tranquillit\u00e9, de l\u00e9g\u00e8ret\u00e9 et de fra\u00eecheur. Les tons utilis\u00e9s rappellent les nuances douces et apaisantes de l\u2019oc\u00e9an, des nuances de bleu d\u00e9licates, accompagn\u00e9s de teintes de blanc cass\u00e9, de beige et de bleu marine profond. Dans la gamme Sico, par exemple, des couleurs qui figurent parmi les tendances de l\u2019\u00e9t\u00e9 incluent : \u00c9cume de mer, D\u00e9sert de givre, Eau calme et Gris dauphin.<\/p>\n\n\n\n<p>Les mat\u00e9riaux naturels tels que le bois, le rotin et le lin sont privil\u00e9gi\u00e9s, cr\u00e9ant une atmosph\u00e8re chaleureuse et authentique. Les textures et les motifs s\u2019inspirent des \u00e9l\u00e9ments marins sans tomber dans les clich\u00e9s traditionnels de l\u2019ancre, des cordages, ou des pagaies au mur. Par exemple, dans la chambre, inspirez-vous de la fluidit\u00e9 des vagues, des teintes de coquillages ou du sable, et des textures naturelles du chanvre, du lin, du sisal et de la jute (en recouvrement d\u2019assise ou de coussin d\u00e9coratif) pour cr\u00e9er une allure intemporelle.<\/p>\n\n\n\n<p>Les \u00e9l\u00e9ments de d\u00e9coration c\u00f4ti\u00e8re mettent en avant des pi\u00e8ces uniques, des trouvailles marines ou des objets artisanaux qui ajoutent une touche de caract\u00e8re et de personnalit\u00e9 \u00e0 l\u2019espace. Des sculptures abstraites inspir\u00e9es des formes organiques de la mer ou des photographies d\u2019art mettant en valeur la beaut\u00e9 de l\u2019oc\u00e9an peuvent \u00eatre incorpor\u00e9es de mani\u00e8re subtile.<\/p>\n\n\n\n<h2 class=\"wp-block-heading\">Le minimalisme raffin\u00e9<\/h2>\n\n\n\n<p>Le minimalisme continue d\u2019\u00eatre une tendance forte, mais cet \u00e9t\u00e9, il se pare d\u2019une touche de sophistication. Optez pour des lignes \u00e9pur\u00e9es, des formes g\u00e9om\u00e9triques simples et des couleurs neutres apaisantes telles que le blanc cass\u00e9, le beige et le gris clair. Laissez les espaces ouverts et a\u00e9r\u00e9s, en \u00e9vitant l\u2019encombrement. L\u2019utilisation de mat\u00e9riaux naturels et de textures douces, comme le lin et le coton, ajoutera une dimension chaleureuse \u00e0 votre int\u00e9rieur minimaliste.<\/p>\n\n\n\n<p>Pour cr\u00e9er une d\u00e9coration avec une allure de \u00ab minimalisme raffin\u00e9 \u00bb sans que la pi\u00e8ce paraisse aust\u00e8re et ennuyeuse, suivez les conseils ci-dessous.<\/p>\n\n\n\n<p>Jouez avec les textures : pour \u00e9viter que la pi\u00e8ce ne paraisse monotone, ajoutez des textures vari\u00e9es. Par exemple, associez des tissus l\u00e9gers et fluides avec des mat\u00e9riaux plus rugueux tels que le bois naturel, le marbre ou le m\u00e9tal. Les textiles comme les tapis en laine, les coussins en lin ou les rideaux en velours ajoutent \u00e9galement une touche de chaleur et de confort.<\/p>\n\n\n\n<p>Optez pour des lignes \u00e9pur\u00e9es : le minimalisme se caract\u00e9rise par des formes simples et \u00e9pur\u00e9es. Choisissez des meubles au design minimaliste avec des lignes simples et des silhouettes g\u00e9om\u00e9triques. \u00c9vitez les ornements excessifs et pr\u00e9f\u00e9rez des pi\u00e8ces fonctionnelles et sculpturales qui apporteront une esth\u00e9tique raffin\u00e9e \u00e0 l\u2019espace.&nbsp;<\/p>\n\n\n\n<p>Int\u00e9grez des \u00e9l\u00e9ments de d\u00e9coration soigneusement s\u00e9lectionn\u00e9s : dans un style minimaliste raffin\u00e9, chaque objet compte. Choisissez des pi\u00e8ces d\u00e9coratives de qualit\u00e9, telles que des sculptures abstraites, des vases en c\u00e9ramique, des livres d\u2019art ou des photographies encadr\u00e9es. Privil\u00e9giez la qualit\u00e9 plut\u00f4t que la quantit\u00e9, en veillant \u00e0 ce que chaque \u00e9l\u00e9ment ajout\u00e9 apporte une valeur esth\u00e9tique \u00e0 l\u2019espace.<\/p>\n\n\n\n<p>Cr\u00e9ez des espaces \u00e9quilibr\u00e9s : le minimalisme raffin\u00e9 repose sur l\u2019\u00e9quilibre visuel. Veillez \u00e0 r\u00e9partir harmonieusement les meubles et les objets dans la pi\u00e8ce, en laissant de l\u2019espace libre pour favoriser la respiration de la pi\u00e8ce. \u00c9vitez la surcharge visuelle et privil\u00e9giez une approche minimaliste et \u00e9quilibr\u00e9e.<\/p>\n\n\n\n<p>L\u2019\u00e9t\u00e9 2023 promet d\u2019\u00eatre une saison riche en tendances d\u00e9coratives, mettant en avant des styles vari\u00e9s, mais tous empreints d\u2019une atmosph\u00e8re de s\u00e9r\u00e9nit\u00e9 et de l\u00e9g\u00e8ret\u00e9. L\u2019ambiance c\u00f4ti\u00e8re moderne nous transporte vers les rivages, en proposant une approche contemporaine et raffin\u00e9e.<\/p>\n\n\n\n<p>&nbsp;Le minimalisme raffin\u00e9, quant \u00e0 lui, offre une esth\u00e9tique \u00e9pur\u00e9e et intemporelle. C\u2019est une invitation \u00e0 la contemplation et \u00e0 l\u2019essentiel, o\u00f9 la beaut\u00e9 r\u00e9side dans la simplicit\u00e9. Enfin, le retour \u00e0 la nature marque une prise de conscience grandissante de l\u2019importance de notre lien avec l\u2019environnement. Ces trois tendances estivales pour 2023 partagent une vision commune : cr\u00e9er des espaces harmonieux, o\u00f9 r\u00e8gnent la tranquillit\u00e9, l\u2019\u00e9l\u00e9gance et la connexion avec notre environnement.<\/p>\n","protected":false},"excerpt":{"rendered":"<p>Si vous souhaitez rafra\u00eechir votre int\u00e9rieur pour les mois les plus chauds, de la chambre au salon, voici trois tendances estivales en mati\u00e8re de d\u00e9coration int\u00e9rieure qui feront sensation cet \u00e9t\u00e9.<\/p>\n","protected":false},"author":156,"featured_media":43424,"comment_status":"open","ping_status":"open","sticky":false,"template":"","format":"standard","meta":{"footnotes":""},"categories":[2372],"tags":[2380],"coauthors":[2422],"class_list":["post-43420","post","type-post","status-publish","format-standard","has-post-thumbnail","hentry","category-divers","tag-featured-fr-2"],"aioseo_notices":[],"_links":{"self":[{"href":"https:\/\/archive.cafe.crea.ca\/fr\/wp-json\/wp\/v2\/posts\/43420"}],"collection":[{"href":"https:\/\/archive.cafe.crea.ca\/fr\/wp-json\/wp\/v2\/posts"}],"about":[{"href":"https:\/\/archive.cafe.crea.ca\/fr\/wp-json\/wp\/v2\/types\/post"}],"author":[{"embeddable":true,"href":"https:\/\/archive.cafe.crea.ca\/fr\/wp-json\/wp\/v2\/users\/156"}],"replies":[{"embeddable":true,"href":"https:\/\/archive.cafe.crea.ca\/fr\/wp-json\/wp\/v2\/comments?post=43420"}],"version-history":[{"count":3,"href":"https:\/\/archive.cafe.crea.ca\/fr\/wp-json\/wp\/v2\/posts\/43420\/revisions"}],"predecessor-version":[{"id":43430,"href":"https:\/\/archive.cafe.crea.ca\/fr\/wp-json\/wp\/v2\/posts\/43420\/revisions\/43430"}],"wp:featuredmedia":[{"embeddable":true,"href":"https:\/\/archive.cafe.crea.ca\/fr\/wp-json\/wp\/v2\/media\/43424"}],"wp:attachment":[{"href":"https:\/\/archive.cafe.crea.ca\/fr\/wp-json\/wp\/v2\/media?parent=43420"}],"wp:term":[{"taxonomy":"category","embeddable":true,"href":"https:\/\/archive.cafe.crea.ca\/fr\/wp-json\/wp\/v2\/categories?post=43420"},{"taxonomy":"post_tag","embeddable":true,"href":"https:\/\/archive.cafe.crea.ca\/fr\/wp-json\/wp\/v2\/tags?post=43420"},{"taxonomy":"author","embeddable":true,"href":"https:\/\/archive.cafe.crea.ca\/fr\/wp-json\/wp\/v2\/coauthors?post=43420"}],"curies":[{"name":"wp","href":"https:\/\/api.w.org\/{rel}","templated":true}]}}