{"id":43240,"date":"2023-07-04T14:47:55","date_gmt":"2023-07-04T18:47:55","guid":{"rendered":"https:\/\/archive.cafe.crea.ca\/?p=43240"},"modified":"2023-07-04T15:30:46","modified_gmt":"2023-07-04T19:30:46","slug":"prix-canadien-realtors-care-comment-la-determination-de-lagent-immobilier-dale-devereaux-a-marque-sa-carriere-et-sa-collectivite","status":"publish","type":"post","link":"https:\/\/archive.cafe.crea.ca\/fr\/prix-canadien-realtors-care-comment-la-determination-de-lagent-immobilier-dale-devereaux-a-marque-sa-carriere-et-sa-collectivite\/","title":{"rendered":"Prix canadien REALTORS Care\u00ae\u00a0: Comment la d\u00e9termination de l\u2019agent immobilier Dale\u00a0Devereaux a marqu\u00e9 sa carri\u00e8re et sa collectivit\u00e9"},"content":{"rendered":"\n<p>Les soupers du dimanche en famille sont un incontournable chez <a href=\"https:\/\/www.realtorscare.ca\/fr\/dale-devereaux-recoit-le-prix-canadien-realtors-care-de-2023\/\" target=\"_blank\" rel=\"noreferrer noopener\">Dale&nbsp;Devereaux, laur\u00e9at du Prix canadien REALTORS Care\u00ae de 2023<\/a>. Si vous habitez \u00e0 Red&nbsp;Deer, en Alberta, ou tout pr\u00e8s de l\u00e0, et avez la chance d\u2019\u00eatre invit\u00e9 \u00e0 l\u2019un de ses repas gastronomiques, entour\u00e9 souvent de 15 \u00e0 20&nbsp;convives, c\u2019est une occasion \u00e0 ne pas manquer.<\/p>\n\n\n\n<figure class=\"wp-block-image size-full\"><img loading=\"lazy\" decoding=\"async\" width=\"2560\" height=\"1707\" src=\"https:\/\/archive.cafe.crea.ca\/wp-content\/uploads\/2023\/07\/MicrosoftTeams-image-1-scaled.jpg\" alt=\"Family of Dale Devereaux around holiday table\" class=\"wp-image-43231\" srcset=\"https:\/\/archive.cafe.crea.ca\/wp-content\/uploads\/2023\/07\/MicrosoftTeams-image-1-scaled.jpg 2560w, https:\/\/archive.cafe.crea.ca\/wp-content\/uploads\/2023\/07\/MicrosoftTeams-image-1-768x512.jpg 768w, https:\/\/archive.cafe.crea.ca\/wp-content\/uploads\/2023\/07\/MicrosoftTeams-image-1-1536x1024.jpg 1536w, https:\/\/archive.cafe.crea.ca\/wp-content\/uploads\/2023\/07\/MicrosoftTeams-image-1-2048x1365.jpg 2048w, https:\/\/archive.cafe.crea.ca\/wp-content\/uploads\/2023\/07\/MicrosoftTeams-image-1-857x571.jpg 857w\" sizes=\"(max-width: 2560px) 100vw, 2560px\" \/><\/figure>\n\n\n\n<p>Mais ce type de souper n\u2019a pas toujours \u00e9t\u00e9 possible pour sa famille; tout comme il sait que ce n\u2019est pas possible pour plusieurs familles canadiennes. Lorsque Dale, dirigeant d\u2019agence et copropri\u00e9taire de Century 21 Maximum, s\u2019est lanc\u00e9 en immobilier il y a 37&nbsp;ans, le budget familial \u00e9tait serr\u00e9, et le macaroni au fromage en bo\u00eete \u00e9tait la vedette du repas familial de P\u00e2ques. Mais la famille \u00e9tait rassembl\u00e9e, et Dale avait une nouvelle carri\u00e8re devant lui, ainsi qu\u2019une nouvelle maison \u00e0 Red&nbsp;Deer.<\/p>\n\n\n\n<p>Avec peu d\u2019argent \u00e0 sa disposition, il offrait ce qu\u2019il avait&nbsp;: son temps. En 1986, il s\u2019est joint au <a href=\"https:\/\/pipercreekoptimist.com\/\" target=\"_blank\" rel=\"noreferrer noopener\">Piper Creek Optimist Club<\/a>, se consacrant \u00e0 soutenir les jeunes de sa collectivit\u00e9. Ces nombreuses heures de b\u00e9n\u00e9volat ont port\u00e9 leurs fruits et, au milieu des ann\u00e9es&nbsp;1990, Dale avait aid\u00e9 \u00e0 recueillir plus d\u2019un million de dollars pour soutenir des causes comme les \u00e9tablissements de soins n\u00e9onatals intensifs de l\u2019<a href=\"https:\/\/www.albertahealthservices.ca\/rdrhc\/rdrhc.aspx\" target=\"_blank\" rel=\"noreferrer noopener\">h\u00f4pital r\u00e9gional de Red&nbsp;Deer<\/a>, la biblioth\u00e8que pour enfants de Red&nbsp;Deer et de nombreuses autres initiatives pour les jeunes comme les camps du Boys and Girls Club.<\/p>\n\n\n\n<p>En 1998, Dale travaillait tous les jours de la semaine et son investissement dans sa collectivit\u00e9 donnait de bons r\u00e9sultats. Les soupers du dimanche en famille n\u2019\u00e9taient plus les m\u00eames et, un soir de 1998, \u00e0 l\u2019approche des F\u00eates, une id\u00e9e a fait son chemin.<\/p>\n\n\n\n<p>\u00ab&nbsp;En tant que famille, nous nous estimions chanceux et voulions essayer d\u2019offrir un repas \u00e0 ceux et celles qui l\u2019\u00e9taient moins&nbsp;\u00bb, se souvient-il.<\/p>\n\n\n\n<p>Le lendemain, il a communiqu\u00e9 avec la <a href=\"https:\/\/www.reddeerfoodbank.com\/\" target=\"_blank\" rel=\"noreferrer noopener\">banque alimentaire de Red&nbsp;Deer<\/a> et a propos\u00e9 d\u2019offrir un repas pour chacune des 100&nbsp;propri\u00e9t\u00e9s qu\u2019il avait vendues cette ann\u00e9e-l\u00e0.<\/p>\n\n\n\n<blockquote class=\"wp-block-quote is-layout-flow wp-block-quote-is-layout-flow\"><p><strong>\u00ab&nbsp;Chaque collectivit\u00e9 a besoin de b\u00e2tisseurs communautaires. Chaque collectivit\u00e9 a besoin d\u2019un leadership exemplaire, qui se d\u00e9marque. Dale a \u00e9t\u00e9 un mod\u00e8le de leadership dans la collectivit\u00e9 pour la banque alimentaire de Red&nbsp;Deer&nbsp;\u00bb, explique Mitch&nbsp;Thomson, directeur g\u00e9n\u00e9ral de la banque alimentaire de Red&nbsp;Deer.<\/strong><\/p><\/blockquote>\n\n\n\n<p>Vingt-cinq ans plus tard, ce qui n\u2019\u00e9tait au d\u00e9part qu\u2019une id\u00e9e ponctuelle a fait de Dale le plus important donateur de l\u2019histoire de la banque alimentaire de Red&nbsp;Deer. Pr\u00e8s de 30&nbsp;000&nbsp;habitants du centre de l\u2019Alberta ont connu la joie d\u2019un repas en famille pendant la p\u00e9riode des F\u00eates gr\u00e2ce \u00e0 la campagne <em>Feed a Family at Christmas<\/em> de Dale, dans le cadre de laquelle lui et l\u2019\u00e9quipe de Century 21 Maximum rallient des amis, des membres de la famille, des voisins et des contacts professionnels pour faire don de repas des F\u00eates chaque ann\u00e9e en d\u00e9cembre.<\/p>\n\n\n\n<iframe loading=\"lazy\" width=\"560\" height=\"315\" src=\"https:\/\/www.youtube.com\/embed\/cPBB9-PmWjQ\" title=\"YouTube video player\" frameborder=\"0\" allow=\"accelerometer; autoplay; clipboard-write; encrypted-media; gyroscope; picture-in-picture; web-share\" allowfullscreen=\"\"><\/iframe>\n\n\n\n<p>Dale voit son r\u00f4le dans la collectivit\u00e9 comme celui d\u2019un b\u00e2tisseur travaillant en coulisse et consacrant les heures n\u00e9cessaires pour mener \u00e0 bien des projets essentiels. Et ce sont cette volont\u00e9 et cet engagement qui ont incit\u00e9 le comit\u00e9 responsable de la construction d\u2019un manoir Ronald&nbsp;McDonald \u00e0 Red&nbsp;Deer \u00e0 solliciter son aide en 2010.<\/p>\n\n\n\n<p>Charg\u00e9 de trouver un emplacement pour le manoir au cours des prochaines ann\u00e9es, il a trouv\u00e9 en six&nbsp;mois seulement le terrain parfait, situ\u00e9 \u00e0 un coin de rue de l\u2019h\u00f4pital et surplombant Red&nbsp;Deer. Le travail rapide de Dale a acc\u00e9l\u00e9r\u00e9 l\u2019\u00e9ch\u00e9ancier du projet, et il s\u2019est joint au comit\u00e9 afin d\u2019obtenir les fonds n\u00e9cessaires pour faire du manoir Ronald&nbsp;McDonald de Red&nbsp;Deer une r\u00e9alit\u00e9.<\/p>\n\n\n\n<p>Quinze&nbsp;mois plus tard, apr\u00e8s avoir amass\u00e9 un montant exceptionnel de 12,1&nbsp;millions de dollars, les travaux de construction ont d\u00e9but\u00e9. Enfin, les familles du centre de l\u2019Alberta qui doivent composer avec la crise d\u00e9chirante que repr\u00e9sente un enfant gravement malade ou bless\u00e9 auront un chez-soi pendant des jours, des semaines ou des mois.<\/p>\n\n\n\n<blockquote class=\"wp-block-quote is-layout-flow wp-block-quote-is-layout-flow\"><p><strong>\u00ab&nbsp;Je n\u2019oublierai jamais le moment o\u00f9 nous sommes entr\u00e9s dans cette maison, une fois qu\u2019elle \u00e9tait termin\u00e9e. C\u2019\u00e9tait extraordinaire. C\u2019\u00e9tait incroyable\u2026 lorsque vous construisez un manoir Ronald&nbsp;McDonald, ce n\u2019est pas seulement pour nous, ce n\u2019est pas pour Red&nbsp;Deer, c\u2019est pour l\u2019endroit d\u2019o\u00f9 viennent tous ces gens.&nbsp;\u00bb<\/strong><\/p><\/blockquote>\n\n\n\n<iframe loading=\"lazy\" src=\"https:\/\/www.facebook.com\/plugins\/post.php?href=https%3A%2F%2Fwww.facebook.com%2Frmhcalberta%2Fposts%2Fpfbid02giPKwHBMhtzG9vyxHjWVw3CWvvCNXBgpSnLz5xT5nGrutJCjSF3gwgYrB5zU8dCel&amp;show_text=true&amp;width=500\" width=\"500\" height=\"754\" style=\"border:none;overflow:hidden\" scrolling=\"no\" frameborder=\"0\" allowfullscreen=\"true\" allow=\"autoplay; clipboard-write; encrypted-media; picture-in-picture; web-share\"><\/iframe>\n\n\n\n<p>On dit que la cuisine est le c\u0153ur de chaque foyer, et la passion de Dale pour veiller \u00e0 ce que les cuisines de Red&nbsp;Deer soient bien approvisionn\u00e9es montre \u00e0 quel point il est au c\u0153ur de sa collectivit\u00e9.<\/p>\n\n\n\n<figure class=\"wp-block-image size-full\"><img loading=\"lazy\" decoding=\"async\" width=\"2560\" height=\"1280\" src=\"https:\/\/archive.cafe.crea.ca\/wp-content\/uploads\/2023\/07\/MicrosoftTeams-image-2-scaled.jpg\" alt=\"Dale Devereaux standing at podium\" class=\"wp-image-43229\" srcset=\"https:\/\/archive.cafe.crea.ca\/wp-content\/uploads\/2023\/07\/MicrosoftTeams-image-2-scaled.jpg 2560w, https:\/\/archive.cafe.crea.ca\/wp-content\/uploads\/2023\/07\/MicrosoftTeams-image-2-768x384.jpg 768w, https:\/\/archive.cafe.crea.ca\/wp-content\/uploads\/2023\/07\/MicrosoftTeams-image-2-1536x768.jpg 1536w, https:\/\/archive.cafe.crea.ca\/wp-content\/uploads\/2023\/07\/MicrosoftTeams-image-2-2048x1024.jpg 2048w, https:\/\/archive.cafe.crea.ca\/wp-content\/uploads\/2023\/07\/MicrosoftTeams-image-2-1142x571.jpg 1142w\" sizes=\"(max-width: 2560px) 100vw, 2560px\" \/><\/figure>\n\n\n\n<p>L\u2019histoire de Dale est la preuve que l\u2019engagement communautaire peut avoir une incidence sur les membres de la collectivit\u00e9 qui en ont le plus besoin. Au nom de tous les courtiers et agents immobiliers au Canada, un don de 5&nbsp;000&nbsp;$ a \u00e9t\u00e9 fait \u00e0 la banque alimentaire de Red&nbsp;Deer pour appuyer les efforts de Dale.<\/p>\n\n\n\n<p><a><\/a><a><\/a>Pour en savoir plus sur les autres initiatives communautaires men\u00e9es par les courtiers et agents immobiliers de partout au Canada, visitez <a href=\"https:\/\/www.realtorscare.ca\/fr\/\">REALTORSCare.ca<\/a>.<\/p>\n","protected":false},"excerpt":{"rendered":"<p>Dale Devereaux, de Red Deer, en Alberta, a re\u00e7u le Prix canadien REALTORS Care\u00ae de 2023 pour la d\u00e9termination et l\u2019empathie dont il a fait preuve au service de sa collectivit\u00e9.<\/p>\n","protected":false},"author":196,"featured_media":43233,"comment_status":"open","ping_status":"open","sticky":false,"template":"","format":"standard","meta":{"footnotes":""},"categories":[2372],"tags":[2380],"coauthors":[2466],"class_list":["post-43240","post","type-post","status-publish","format-standard","has-post-thumbnail","hentry","category-divers","tag-featured-fr-2"],"aioseo_notices":[],"_links":{"self":[{"href":"https:\/\/archive.cafe.crea.ca\/fr\/wp-json\/wp\/v2\/posts\/43240"}],"collection":[{"href":"https:\/\/archive.cafe.crea.ca\/fr\/wp-json\/wp\/v2\/posts"}],"about":[{"href":"https:\/\/archive.cafe.crea.ca\/fr\/wp-json\/wp\/v2\/types\/post"}],"author":[{"embeddable":true,"href":"https:\/\/archive.cafe.crea.ca\/fr\/wp-json\/wp\/v2\/users\/196"}],"replies":[{"embeddable":true,"href":"https:\/\/archive.cafe.crea.ca\/fr\/wp-json\/wp\/v2\/comments?post=43240"}],"version-history":[{"count":3,"href":"https:\/\/archive.cafe.crea.ca\/fr\/wp-json\/wp\/v2\/posts\/43240\/revisions"}],"predecessor-version":[{"id":43257,"href":"https:\/\/archive.cafe.crea.ca\/fr\/wp-json\/wp\/v2\/posts\/43240\/revisions\/43257"}],"wp:featuredmedia":[{"embeddable":true,"href":"https:\/\/archive.cafe.crea.ca\/fr\/wp-json\/wp\/v2\/media\/43233"}],"wp:attachment":[{"href":"https:\/\/archive.cafe.crea.ca\/fr\/wp-json\/wp\/v2\/media?parent=43240"}],"wp:term":[{"taxonomy":"category","embeddable":true,"href":"https:\/\/archive.cafe.crea.ca\/fr\/wp-json\/wp\/v2\/categories?post=43240"},{"taxonomy":"post_tag","embeddable":true,"href":"https:\/\/archive.cafe.crea.ca\/fr\/wp-json\/wp\/v2\/tags?post=43240"},{"taxonomy":"author","embeddable":true,"href":"https:\/\/archive.cafe.crea.ca\/fr\/wp-json\/wp\/v2\/coauthors?post=43240"}],"curies":[{"name":"wp","href":"https:\/\/api.w.org\/{rel}","templated":true}]}}