{"id":43137,"date":"2023-06-15T13:34:39","date_gmt":"2023-06-15T17:34:39","guid":{"rendered":"https:\/\/archive.cafe.crea.ca\/?p=43137"},"modified":"2023-06-15T13:38:16","modified_gmt":"2023-06-15T17:38:16","slug":"inflation-generalisee-au-canada-ce-que-vous-devez-savoir","status":"publish","type":"post","link":"https:\/\/archive.cafe.crea.ca\/fr\/inflation-generalisee-au-canada-ce-que-vous-devez-savoir\/","title":{"rendered":"Inflation g\u00e9n\u00e9ralis\u00e9e au Canada\u00a0: ce que vous devez savoir"},"content":{"rendered":"\n<p>L\u2019\u00e9conomie canadienne a connu une pouss\u00e9e d\u2019inflation qui a suscit\u00e9 une grande inqui\u00e9tude chez les entreprises, les consommateurs et les d\u00e9cideurs politiques. Avec la mont\u00e9e en fl\u00e8che des prix des produits de consommation courante, tels que les aliments et l\u2019essence, de nombreux Canadiens ressentent la pression et se rendent compte que l\u2019inflation semble de plus en plus g\u00e9n\u00e9ralis\u00e9e.<\/p>\n\n\n\n<h2 class=\"wp-block-heading\">Quelles sont les causes de l\u2019inflation?<\/h2>\n\n\n\n<p>L\u2019une des principales causes de cette pouss\u00e9e d\u2019inflation est la r\u00e9action de l\u2019\u00e9conomie mondiale \u00e0 la pand\u00e9mie de la COVID-19 et les retomb\u00e9es des mesures de politique mon\u00e9taire et fiscale. Les cha\u00eenes d\u2019approvisionnement, la capacit\u00e9 de production des entreprises et les d\u00e9penses de consommation ont toutes \u00e9t\u00e9 touch\u00e9es. Avec la reprise des \u00e9conomies du monde entier, les prix ont augment\u00e9 en raison de la disparit\u00e9 entre l\u2019offre et la demande de divers biens et services.<\/p>\n\n\n\n<p>La guerre en Ukraine et le bouleversement qu\u2019elle a provoqu\u00e9 sur les march\u00e9s mondiaux de l\u2019\u00e9nergie et des produits alimentaires ont \u00e9galement jou\u00e9 un r\u00f4le non n\u00e9gligeable dans la flamb\u00e9e des prix que nous connaissons actuellement.<\/p>\n\n\n\n<h2 class=\"wp-block-heading\">Comment r\u00e9agit la Banque du Canada?<\/h2>\n\n\n\n<p>Dans le cadre de l\u2019un de ses principaux mandats, la Banque du Canada s\u2019est efforc\u00e9e de r\u00e9tablir l\u2019inflation dans sa fourchette cible de 2\u00a0%. Depuis <a href=\"https:\/\/archive.cafe.crea.ca\/fr\/la-banque-du-canada-releve-son-taux-directeur\/\" target=\"_blank\" rel=\"noreferrer noopener\">mars\u00a02022<\/a>, la Banque a relev\u00e9 le taux cible du financement \u00e0 un jour de 450\u00a0points de base, le faisant passer de 0,25\u00a0% \u00e0 4,75\u00a0%, taux enregistr\u00e9 en juin\u00a02023. Il s\u2019agit de l\u2019un des cycles de hausse des taux les plus rapides jamais enregistr\u00e9s.<\/p>\n\n\n\n<p>Toutefois, l\u2019inflation \u00e9tant largement sup\u00e9rieure au taux cible, il faudra peut-\u00eatre plus de temps pour ralentir la croissance des prix. Les hausses de prix continuent d\u2019\u00eatre g\u00e9n\u00e9ralis\u00e9es et les repr\u00e9sentants de la Banque du Canada disent s\u2019inqui\u00e9ter du risque de voir l\u2019inflation se maintenir au-dessus de la fourchette cible de 2&nbsp;%.<\/p>\n\n\n\n<p>Mais qu\u2019entend-on exactement par inflation g\u00e9n\u00e9ralis\u00e9e et comment peut-on esp\u00e9rer la ma\u00eetriser? Voyons comment les prix d\u2019encore plus de biens et services courants sont en train d\u2019augmenter, et discutons des tendances inflationnistes que la Banque du Canada envisage pour l\u2019avenir.<\/p>\n\n\n\n<h2 class=\"wp-block-heading\">Comment mesurons-nous l\u2019inflation et o\u00f9 constatons-nous les hausses de prix?<\/h2>\n\n\n\n<p>Alerte au divulg\u00e2cheur&nbsp;: nous constatons des hausses partout.<\/p>\n\n\n\n<p>Pour \u00e9tablir l\u2019indice des prix \u00e0 la consommation (IPC), Statistique Canada utilise un \u00ab&nbsp;panier fixe&nbsp;\u00bb de biens et services qui repr\u00e9sentent les habitudes de d\u00e9penses des consommateurs canadiens. Le panier est compos\u00e9 d\u2019environ 700&nbsp;biens et services distincts que les Canadiens ach\u00e8tent habituellement et qui sont divis\u00e9s en huit&nbsp;composantes majeures&nbsp;:<\/p>\n\n\n\n<ul class=\"wp-block-list\"><li><strong>Aliments\u00a0<\/strong>\u2013\u00a0aliments achet\u00e9s en magasin et au restaurant, y compris les boissons non alcoolis\u00e9es;<\/li><li><strong>Logement\u00a0<\/strong>\u2013\u00a0loyer et paiement hypoth\u00e9caire, assurances, r\u00e9parations et entretien, taxes fonci\u00e8res, services publics;<\/li><li><strong>Transports\u00a0<\/strong>\u2013\u00a0v\u00e9hicules, essence, assurances, r\u00e9parations et entretien, transport en commun;<\/li><li><strong>D\u00e9penses courantes, ameublement et \u00e9quipement du m\u00e9nage\u00a0<\/strong>\u2013\u00a0t\u00e9l\u00e9phonie, Internet, garde d\u2019enfants, meubles, produits de nettoyage, appareils \u00e9lectrom\u00e9nagers;<\/li><li><strong>V\u00eatements et chaussures\u00a0<\/strong>\u2013\u00a0v\u00eatements, chaussures, bijoux, nettoyage \u00e0 sec;<\/li><li><strong>Soins de sant\u00e9 et soins personnels\u00a0<\/strong>\u2013\u00a0ordonnances, soins dentaires, soins oculaires, coiffure, articles de toilette, soins de sant\u00e9;<\/li><li><strong>Loisirs, formation et lecture\u00a0<\/strong>\u2013\u00a0sports, divertissement, \u00e9tudes, voyages et lecture;<\/li><li><strong>Boissons alcoolis\u00e9es, produits du tabac et cannabis r\u00e9cr\u00e9atif<\/strong>.<\/li><\/ul>\n\n\n\n<figure class=\"wp-block-image size-full\"><img loading=\"lazy\" decoding=\"async\" width=\"4689\" height=\"3403\" src=\"https:\/\/archive.cafe.crea.ca\/wp-content\/uploads\/2023\/06\/Inflation-graph-FR.png\" alt=\"L'inflation se manifeste dans toutes les compostantes majeures de l&quot;IPC.\" class=\"wp-image-43138\" srcset=\"https:\/\/archive.cafe.crea.ca\/wp-content\/uploads\/2023\/06\/Inflation-graph-FR.png 4689w, https:\/\/archive.cafe.crea.ca\/wp-content\/uploads\/2023\/06\/Inflation-graph-FR-768x557.png 768w, https:\/\/archive.cafe.crea.ca\/wp-content\/uploads\/2023\/06\/Inflation-graph-FR-1536x1115.png 1536w, https:\/\/archive.cafe.crea.ca\/wp-content\/uploads\/2023\/06\/Inflation-graph-FR-2048x1486.png 2048w, https:\/\/archive.cafe.crea.ca\/wp-content\/uploads\/2023\/06\/Inflation-graph-FR-787x571.png 787w\" sizes=\"(max-width: 4689px) 100vw, 4689px\" \/><\/figure>\n\n\n\n<p>Contrairement aux derni\u00e8res ann\u00e9es, on a constat\u00e9 des augmentations de prix dans l\u2019ensemble des huit&nbsp;composantes en avril&nbsp;2023, ce qui indique que l\u2019inflation est g\u00e9n\u00e9ralis\u00e9e et ne touche pas uniquement les secteurs typiques qui connaissent d\u2019importantes fluctuations de prix, comme les produits alimentaires et les produits li\u00e9s \u00e0 l\u2019\u00e9nergie.<\/p>\n\n\n\n<p>Alors que les prix des produits alimentaires, de l\u2019essence et du logement continuent de faire les manchettes, plus de 80&nbsp;% de tous les biens et services suivis par Statistique Canada pour \u00e9tablir l\u2019IPC affichent une croissance des prix sup\u00e9rieure \u00e0 2&nbsp;%, ce qui a une incidence sur la consommation et les habitudes de d\u00e9pense.<\/p>\n\n\n\n<h1 class=\"wp-block-heading\">Vous aimerez peut-\u00eatre aussi ces articles&nbsp;:<\/h1>\n\n\n\n<ul class=\"wp-block-list\"><li><a href=\"https:\/\/archive.cafe.crea.ca\/fr\/ce-quil-faut-savoir-sur-linflation-et-limmobilier\/\" target=\"_blank\" rel=\"noreferrer noopener\">Ce qu\u2019il faut savoir sur l\u2019inflation et l\u2019immobilier<\/a><\/li><li><a href=\"https:\/\/archive.cafe.crea.ca\/fr\/la-banque-du-canada-maintient-son-taux-directeur-au-meme-niveau\/\" target=\"_blank\" rel=\"noreferrer noopener\">La Banque du Canada maintient son taux directeur au m\u00eame niveau<\/a><\/li><li><a href=\"https:\/\/archive.cafe.crea.ca\/fr\/un-apercu-des-dernieres-previsions-trimestrielles\/\" target=\"_blank\" rel=\"noreferrer noopener\">Un aper\u00e7u des derni\u00e8res pr\u00e9visions trimestrielles<\/a><\/li><\/ul>\n\n\n\n<h2 class=\"wp-block-heading\">Les Canadiens doivent-ils s\u2019inqui\u00e9ter?<\/h2>\n\n\n\n<p>Les cons\u00e9quences de l\u2019inflation touchent diff\u00e9rents groupes de personnes de diverses fa\u00e7ons, et leurs attentes concernant l\u2019inflation future peuvent \u00e9galement entra\u00eener une hausse suppl\u00e9mentaire de l\u2019inflation. <a href=\"https:\/\/www.banqueducanada.ca\/publication\/enquete-sur-les-attentes-des-consommateurs-au-canada\/?theme_mode=light&amp;_ga=2.143994229.1908202571.1686230890-2009410895.1686230890&amp;_gl=1*fr31ax*_ga*MjAwOTQxMDg5NS4xNjg2MjMwODkw*_ga_D0WRRH3RZH*MTY4NjIzMDg4OS4xLjAuMTY4NjIzMDg4OS4wLjAuMA..\" target=\"_blank\" rel=\"noreferrer noopener\">Des enqu\u00eates men\u00e9es r\u00e9cemment par la Banque du Canada<\/a> indiquent que les entreprises et les consommateurs canadiens s\u2019attendent \u00e0 ce que l\u2019inflation continue d\u2019\u00eatre g\u00e9n\u00e9ralis\u00e9e, et que l\u2019IPC se maintienne au-dessus de 2 % pendant une bonne partie de l\u2019ann\u00e9e 2025.<\/p>\n\n\n\n<p>Selon ces enqu\u00eates, la plupart des Canadiens sont d\u2019avis que la capacit\u00e9 de la Banque du Canada \u00e0 r\u00e9tablir l\u2019inflation \u00e0 sa fourchette cible est entrav\u00e9e par le niveau \u00e9lev\u00e9 des d\u00e9penses publiques et par les d\u00e9fis li\u00e9s aux cha\u00eenes d\u2019approvisionnement.<\/p>\n\n\n\n<p>L\u2019inflation \u00e9lev\u00e9e et la hausse des taux d\u2019int\u00e9r\u00eat exercent une pression suppl\u00e9mentaire sur les Canadiens, en particulier sur ceux qui ont d\u2019autres dettes \u00e0 long terme.<\/p>\n\n\n\n<p>En ce qui concerne le march\u00e9 de l\u2019habitation, la hausse des co\u00fbts de financement due \u00e0 une politique mon\u00e9taire restrictive augmente les co\u00fbts d\u2019emprunt pour les personnes qui renouvellent leur pr\u00eat ou en obtiennent un nouveau. En 2022, <a href=\"https:\/\/archive.cafe.crea.ca\/fr\/tendances-hypothecaires-a-surveiller-a-lapproche-de-2023\/\" target=\"_blank\" rel=\"noreferrer noopener\">la hausse rapide de ces co\u00fbts d\u2019emprunt a contribu\u00e9 au ralentissement du march\u00e9 de l\u2019habitation<\/a>.<\/p>\n\n\n\n<p>En connaissant avec un peu plus de certitude le niveau que les taux d\u2019int\u00e9r\u00eat doivent atteindre, nous constatons que <a href=\"https:\/\/archive.cafe.crea.ca\/fr\/les-marches-de-lhabitation-au-canada-remontent-la-pente\/\" target=\"_blank\" rel=\"noreferrer noopener\">les march\u00e9s de l\u2019habitation tendent \u00e0 remonter la pente<\/a>. Toutefois, en raison des co\u00fbts de financement plus \u00e9lev\u00e9s, les Canadiens pourraient \u00eatre amen\u00e9s \u00e0 r\u00e9duire d\u2019autres d\u00e9penses discr\u00e9tionnaires, comme les voyages et les sorties au restaurant.<\/p>\n","protected":false},"excerpt":{"rendered":"<p>Avec la mont\u00e9e en fl\u00e8che des prix des produits de consommation courante, tels que les aliments et l\u2019essence, de nombreux Canadiens ressentent la pression et se rendent compte que l\u2019inflation semble de plus en plus g\u00e9n\u00e9ralis\u00e9e.<\/p>\n","protected":false},"author":130,"featured_media":43134,"comment_status":"open","ping_status":"open","sticky":false,"template":"","format":"standard","meta":{"footnotes":""},"categories":[2367],"tags":[2379],"coauthors":[2388],"class_list":["post-43137","post","type-post","status-publish","format-standard","has-post-thumbnail","hentry","category-statistiques","tag-featured-fr"],"aioseo_notices":[],"_links":{"self":[{"href":"https:\/\/archive.cafe.crea.ca\/fr\/wp-json\/wp\/v2\/posts\/43137"}],"collection":[{"href":"https:\/\/archive.cafe.crea.ca\/fr\/wp-json\/wp\/v2\/posts"}],"about":[{"href":"https:\/\/archive.cafe.crea.ca\/fr\/wp-json\/wp\/v2\/types\/post"}],"author":[{"embeddable":true,"href":"https:\/\/archive.cafe.crea.ca\/fr\/wp-json\/wp\/v2\/users\/130"}],"replies":[{"embeddable":true,"href":"https:\/\/archive.cafe.crea.ca\/fr\/wp-json\/wp\/v2\/comments?post=43137"}],"version-history":[{"count":1,"href":"https:\/\/archive.cafe.crea.ca\/fr\/wp-json\/wp\/v2\/posts\/43137\/revisions"}],"predecessor-version":[{"id":43141,"href":"https:\/\/archive.cafe.crea.ca\/fr\/wp-json\/wp\/v2\/posts\/43137\/revisions\/43141"}],"wp:featuredmedia":[{"embeddable":true,"href":"https:\/\/archive.cafe.crea.ca\/fr\/wp-json\/wp\/v2\/media\/43134"}],"wp:attachment":[{"href":"https:\/\/archive.cafe.crea.ca\/fr\/wp-json\/wp\/v2\/media?parent=43137"}],"wp:term":[{"taxonomy":"category","embeddable":true,"href":"https:\/\/archive.cafe.crea.ca\/fr\/wp-json\/wp\/v2\/categories?post=43137"},{"taxonomy":"post_tag","embeddable":true,"href":"https:\/\/archive.cafe.crea.ca\/fr\/wp-json\/wp\/v2\/tags?post=43137"},{"taxonomy":"author","embeddable":true,"href":"https:\/\/archive.cafe.crea.ca\/fr\/wp-json\/wp\/v2\/coauthors?post=43137"}],"curies":[{"name":"wp","href":"https:\/\/api.w.org\/{rel}","templated":true}]}}