{"id":43115,"date":"2023-06-13T09:34:46","date_gmt":"2023-06-13T13:34:46","guid":{"rendered":"https:\/\/archive.cafe.crea.ca\/?p=43115"},"modified":"2023-06-13T09:35:21","modified_gmt":"2023-06-13T13:35:21","slug":"faites-connaissance-avec-larry-cerqua-le-nouveau-president-de-laci","status":"publish","type":"post","link":"https:\/\/archive.cafe.crea.ca\/fr\/faites-connaissance-avec-larry-cerqua-le-nouveau-president-de-laci\/","title":{"rendered":"Faites connaissance avec Larry Cerqua, le nouveau pr\u00e9sident de l\u2019ACI"},"content":{"rendered":"\n<p>Si Larry&nbsp;Cerqua pensait au d\u00e9part que l\u2019immobilier allait plut\u00f4t \u00eatre un emploi d\u2019\u00e9t\u00e9, il est ravi d\u2019avoir pass\u00e9 les quatre&nbsp;derni\u00e8res d\u00e9cennies \u00e0 aider les gens \u00e0 r\u00e9aliser leur r\u00eave d\u2019acc\u00e9der \u00e0 la propri\u00e9t\u00e9.<\/p>\n\n\n\n<p>\u00ab&nbsp;\u00c0 l\u2019\u00e9poque, une blessure au hockey m\u2019emp\u00eachait d\u2019occuper un emploi d\u2019\u00e9t\u00e9 ou coll\u00e9gial typique; apr\u00e8s avoir \u00e9t\u00e9 convaincu par ma s\u0153ur, Maria, et mon beau-fr\u00e8re, Vince, j\u2019ai suivi le cours [d\u2019immobilier] et j\u2019ai commenc\u00e9 \u00e0 travailler&nbsp;\u00bb, a racont\u00e9 M.&nbsp;Cerqua.<\/p>\n\n\n\n<p>Apr\u00e8s avoir accumul\u00e9 plus de 42&nbsp;ans d\u2019exp\u00e9rience, M.&nbsp;Cerqua devient le 78<sup>e<\/sup>&nbsp;pr\u00e9sident de L\u2019Association canadienne de l\u2019immobilier (ACI). Nous nous sommes r\u00e9cemment entretenus avec M.&nbsp;Cerqua, qui nous a parl\u00e9 de lui, de ses d\u00e9buts en immobilier et de ce qu\u2019il esp\u00e8re r\u00e9aliser au cours de la prochaine ann\u00e9e.<\/p>\n\n\n\n<p>\u00ab&nbsp;Je me souviens si bien de ma premi\u00e8re inscription que je me souviens m\u00eame de l\u2019adresse. C\u2019\u00e9tait une vente de succession, et la propri\u00e9t\u00e9 s\u2019est vendue en une semaine et demie. Cette toute premi\u00e8re vente est une v\u00e9ritable bouff\u00e9e d\u2019\u00e9nergie et d\u2019enthousiasme pour les courtiers et agents immobiliers. Deux&nbsp;heures apr\u00e8s cette premi\u00e8re vente, j\u2019ai eu un autre client, un couple de personnes \u00e2g\u00e9es extraordinaires. Je venais de vendre une propri\u00e9t\u00e9, et maintenant j\u2019allais pouvoir aider ce couple. Je me souviens avoir pens\u00e9 combien c\u2019\u00e9tait g\u00e9nial. \u00c0 partir de l\u00e0, tout s\u2019est encha\u00een\u00e9 et j\u2019ai pu aider des amis, aider un couple \u00e0 acheter sa premi\u00e8re propri\u00e9t\u00e9, et bien plus encore. Cela m\u2019a montr\u00e9 combien les courtiers et agents immobiliers ont le pouvoir d\u2019aider les gens, l\u2019aspect que j\u2019aime le plus de ce secteur.&nbsp;\u00bb<\/p>\n\n\n\n<p>En plus d\u2019\u00eatre au service des gens, M. Cerqua a eu l\u2019occasion de servir la communaut\u00e9 des courtiers et agents immobiliers au sein de plusieurs chambres, associations et comit\u00e9s.<\/p>\n\n\n\n<p>\u00ab&nbsp;J\u2019ai \u00e9galement eu la chance de travailler avec des personnes extraordinaires, qui m\u2019ont pouss\u00e9 et encourag\u00e9 \u00e0 poser ma candidature \u00e0 des postes incroyables, comme celui de pr\u00e9sident de la Toronto Regional Real Estate Board (TRREB). Je ne m\u2019\u00e9tais jamais vraiment imagin\u00e9 dans ce genre de poste, mais des personnes de mon r\u00e9seau m\u2019ont encourag\u00e9 \u00e0 me pr\u00e9senter, et je me sens toujours aussi chanceux de les avoir dans ma vie.&nbsp;\u00bb<\/p>\n\n\n\n<p>M. Cerqua souhaite \u00e0 son tour aider d\u2019autres courtiers et agents immobiliers \u00e0 se voir dans des r\u00f4les de leadership.<\/p>\n\n\n\n<p>\u00ab&nbsp;Lorsque mon mandat de pr\u00e9sident de l\u2019ACI prendra fin, je souhaite avoir \u00e9t\u00e9 en mesure d\u2019aider de nombreux coll\u00e8gues \u00e0 se voir dans des postes de direction, et \u00e0 leur donner la volont\u00e9 de poser leur candidature au poste de pr\u00e9sident, de directeur ou \u00e0 tout autre poste de direction qu\u2019ils souhaitent occuper \u00e0 l\u2019ACI&nbsp;\u00bb, a affirm\u00e9 M.&nbsp;Cerqua.<\/p>\n\n\n\n<p>\u00ab&nbsp;Chaque personne travaillant dans notre secteur a quelque chose \u00e0 apporter, qu\u2019elle soit dans le secteur depuis un an ou plus de 40&nbsp;ans. Nous poss\u00e9dons tous une exp\u00e9rience, un parcours et un point de vue qui nous sont propres, et je veux \u00eatre en mesure de tirer profit de l\u2019exp\u00e9rience, du parcours et du point de vue des personnes qui m\u2019entourent pour m\u2019aider \u00e0 prendre des d\u00e9cisions, \u00e0 \u00e9laborer des solutions et \u00e0 faire progresser notre secteur.<\/p>\n\n\n\n<p>Pour M.&nbsp;Cerqua, la meilleure fa\u00e7on de progresser est d\u2019avoir des discussions ouvertes et de conna\u00eetre des points de vue diff\u00e9rents&nbsp;\u2013&nbsp;il souligne qu\u2019il est toujours pr\u00eat \u00e0 entendre de nouvelles id\u00e9es et solutions au sujet des probl\u00e8mes auxquels notre secteur est confront\u00e9.<\/p>\n\n\n\n<p>\u00ab\u00a0Lorsque nous joignons nos efforts, nous avons beaucoup plus de chances de sortir de notre discussion avec une solution plus solide qui r\u00e9pondra au probl\u00e8me auquel nous sommes confront\u00e9s et nous permettra de r\u00e9ussir \u00e0 atteindre nos objectifs.\u00a0\u00bb<\/p>\n\n\n\n<figure class=\"wp-block-image size-full\"><img loading=\"lazy\" decoding=\"async\" width=\"2048\" height=\"1365\" src=\"https:\/\/archive.cafe.crea.ca\/wp-content\/uploads\/2023\/06\/Larry-picture-2048x1365-1.jpg\" alt=\"Jill Oudil and Larry Cerqua.\" class=\"wp-image-43108\" srcset=\"https:\/\/archive.cafe.crea.ca\/wp-content\/uploads\/2023\/06\/Larry-picture-2048x1365-1.jpg 2048w, https:\/\/archive.cafe.crea.ca\/wp-content\/uploads\/2023\/06\/Larry-picture-2048x1365-1-768x512.jpg 768w, https:\/\/archive.cafe.crea.ca\/wp-content\/uploads\/2023\/06\/Larry-picture-2048x1365-1-1536x1024.jpg 1536w, https:\/\/archive.cafe.crea.ca\/wp-content\/uploads\/2023\/06\/Larry-picture-2048x1365-1-857x571.jpg 857w\" sizes=\"(max-width: 2048px) 100vw, 2048px\" \/><\/figure>\n\n\n\n<h2 class=\"wp-block-heading\">Faits int\u00e9ressants sur Larry&nbsp;Cerqua<\/h2>\n\n\n\n<p><strong>Quel est votre repas pr\u00e9f\u00e9r\u00e9?<\/strong><\/p>\n\n\n\n<p>\u00ab&nbsp;Comme dirait mon \u00e9pouse, Sheree, tout ce qui contient de l\u2019origan!&nbsp;\u00bb<\/p>\n\n\n\n<p><strong>Qu\u2019aimez-vous faire dans vos temps libres?<\/strong><\/p>\n\n\n\n<p>\u00ab&nbsp;J\u2019aime \u00e9couter de la musique. J\u2019aime tous les genres de musique, mais j\u2019appr\u00e9cie particuli\u00e8rement Led&nbsp;Zeppelin, Luther&nbsp;Vandross, et Tower of Power.<\/p>\n\n\n\n<p>J\u2019aime aussi regarder de vieilles \u00e9missions de t\u00e9l\u00e9vision et de vieux films. J\u2019aime les \u00e9missions elles-m\u00eames, mais quand je regarde ces \u00e9missions et ces films, ils sont tous empreints de beaucoup de souvenirs dont j\u2019aime me rem\u00e9morer.&nbsp;\u00bb<\/p>\n\n\n\n<p><strong>Avez-vous une chanson pr\u00e9f\u00e9r\u00e9e?<\/strong><\/p>\n\n\n\n<p>\u00ab&nbsp;C\u2019est difficile d\u2019en choisir une seule, mais je dirais&nbsp;<em>Always and Forever,<\/em>&nbsp;de Luther&nbsp;Vandross. C\u2019est notre chanson de mariage. C\u2019est dr\u00f4le parce que lorsque nous discutions de chansons, je lui avais mentionn\u00e9 que c\u2019\u00e9tait ma pr\u00e9f\u00e9r\u00e9e, et \u00e7a s\u2019est adonn\u00e9 que c\u2019\u00e9tait la sienne aussi.&nbsp;\u00bb<\/p>\n\n\n\n<p><strong>Si vous n\u2019\u00e9tiez pas dans le domaine de l\u2019immobilier, que feriez-vous comme m\u00e9tier?<\/strong><\/p>\n\n\n\n<p>\u00ab&nbsp;Entra\u00eeneur de hockey professionnel! J\u2019ai toujours aim\u00e9 enseigner, et je pense que cela s\u2019appliquerait bien \u00e0 ce r\u00f4le, car on doit aider nos joueurs \u00e0 donner le meilleur d\u2019eux-m\u00eames et les amener \u00e0 croire en eux et en leur \u00e9quipe.&nbsp;\u00bb<\/p>\n\n\n\n<p><strong>Si vous deviez vivre en dehors de votre r\u00e9gion actuelle, o\u00f9 vivriez-vous au Canada et pourquoi?<\/strong><\/p>\n\n\n\n<p>\u00ab&nbsp;J\u2019ai r\u00e9cemment voyag\u00e9 dans quelques endroits o\u00f9 je n\u2019\u00e9tais jamais all\u00e9 auparavant, comme St. John\u2019s, \u00e0 Terre-Neuve-et-Labrador, et je me verrais bien y vivre. Par contre, je ne suis pas s\u00fbr de pouvoir supporter les hivers rigoureux qu\u2019ils connaissent l\u00e0-bas, donc peut-\u00eatre la c\u00f4te Ouest, dans la r\u00e9gion de Nanaimo, en Colombie-Britannique.&nbsp;\u00bb<\/p>\n\n\n\n<p><strong>Quelle est votre destination vacances pr\u00e9f\u00e9r\u00e9e?<\/strong><\/p>\n\n\n\n<p>\u00ab&nbsp;L\u2019Italie! Et pas seulement parce que je suis Italien. Mon \u00e9pouse et moi avons toujours ador\u00e9 visiter les diff\u00e9rentes r\u00e9gions de l\u2019Italie.&nbsp;\u00bb<\/p>\n","protected":false},"excerpt":{"rendered":"<p>Larry Cerqua devient le 78e\u00a0pr\u00e9sident de L\u2019Association canadienne de l\u2019immobilier (ACI). Nous nous sommes r\u00e9cemment entretenus avec M.\u00a0Cerqua, qui nous a parl\u00e9 de lui, de ses d\u00e9buts en immobilier et de ce qu\u2019il esp\u00e8re r\u00e9aliser au cours de la prochaine ann\u00e9e.<\/p>\n","protected":false},"author":182,"featured_media":43110,"comment_status":"open","ping_status":"open","sticky":false,"template":"","format":"standard","meta":{"footnotes":""},"categories":[2366],"tags":[2379],"coauthors":[2450],"class_list":["post-43115","post","type-post","status-publish","format-standard","has-post-thumbnail","hentry","category-nouvelles-de-laci","tag-featured-fr"],"aioseo_notices":[],"_links":{"self":[{"href":"https:\/\/archive.cafe.crea.ca\/fr\/wp-json\/wp\/v2\/posts\/43115"}],"collection":[{"href":"https:\/\/archive.cafe.crea.ca\/fr\/wp-json\/wp\/v2\/posts"}],"about":[{"href":"https:\/\/archive.cafe.crea.ca\/fr\/wp-json\/wp\/v2\/types\/post"}],"author":[{"embeddable":true,"href":"https:\/\/archive.cafe.crea.ca\/fr\/wp-json\/wp\/v2\/users\/182"}],"replies":[{"embeddable":true,"href":"https:\/\/archive.cafe.crea.ca\/fr\/wp-json\/wp\/v2\/comments?post=43115"}],"version-history":[{"count":1,"href":"https:\/\/archive.cafe.crea.ca\/fr\/wp-json\/wp\/v2\/posts\/43115\/revisions"}],"predecessor-version":[{"id":43116,"href":"https:\/\/archive.cafe.crea.ca\/fr\/wp-json\/wp\/v2\/posts\/43115\/revisions\/43116"}],"wp:featuredmedia":[{"embeddable":true,"href":"https:\/\/archive.cafe.crea.ca\/fr\/wp-json\/wp\/v2\/media\/43110"}],"wp:attachment":[{"href":"https:\/\/archive.cafe.crea.ca\/fr\/wp-json\/wp\/v2\/media?parent=43115"}],"wp:term":[{"taxonomy":"category","embeddable":true,"href":"https:\/\/archive.cafe.crea.ca\/fr\/wp-json\/wp\/v2\/categories?post=43115"},{"taxonomy":"post_tag","embeddable":true,"href":"https:\/\/archive.cafe.crea.ca\/fr\/wp-json\/wp\/v2\/tags?post=43115"},{"taxonomy":"author","embeddable":true,"href":"https:\/\/archive.cafe.crea.ca\/fr\/wp-json\/wp\/v2\/coauthors?post=43115"}],"curies":[{"name":"wp","href":"https:\/\/api.w.org\/{rel}","templated":true}]}}