{"id":43025,"date":"2023-05-25T09:50:58","date_gmt":"2023-05-25T13:50:58","guid":{"rendered":"https:\/\/archive.cafe.crea.ca\/?p=43025"},"modified":"2023-05-25T10:01:13","modified_gmt":"2023-05-25T14:01:13","slug":"36-heures-ditinerance-et-dempathie-pour-la-chef-de-la-direction-de-la-saskatchewan-realtors-association","status":"publish","type":"post","link":"https:\/\/archive.cafe.crea.ca\/fr\/36-heures-ditinerance-et-dempathie-pour-la-chef-de-la-direction-de-la-saskatchewan-realtors-association\/","title":{"rendered":"36\u00a0heures d\u2019itin\u00e9rance et d\u2019empathie pour la chef de la direction de la Saskatchewan REALTORS\u00ae Association"},"content":{"rendered":"\n<p>Rien de mieux que de se mettre dans la peau de l\u2019autre pour vraiment comprendre ce qu\u2019il vit de l\u2019int\u00e9rieur. \u00c0 compter du jeudi&nbsp;25&nbsp;mai&nbsp;2023, des leaders de la collectivit\u00e9 de Saskatoon se mettront, pendant 36&nbsp;heures, dans la peau de personnes en situation d\u2019itin\u00e9rance pour sensibiliser le public \u00e0 cette cause urgente.<\/p>\n\n\n\n<p>Parmi ces leaders, Chris Gu\u00e9rette, chef de la direction de la <a href=\"https:\/\/saskatchewanrealtorsassociation.ca\/\" target=\"_blank\" rel=\"noreferrer noopener\">Saskatchewan REALTORS\u00ae Association<\/a>, laissera derri\u00e8re elle le train-train quotidien pour vivre \u2013 bri\u00e8vement \u2013 la dure r\u00e9alit\u00e9 d\u2019une personne en situation de pauvret\u00e9, d\u2019itin\u00e9rance et de maladie chronique.<\/p>\n\n\n<div class=\"wp-block-image\">\n<figure class=\"alignleft size-full is-resized\"><img loading=\"lazy\" decoding=\"async\" src=\"https:\/\/archive.cafe.crea.ca\/wp-content\/uploads\/2023\/05\/cg.jpg\" alt=\"Chris Gu\u00e9rette\" class=\"wp-image-43018\" width=\"240\" height=\"240\" srcset=\"https:\/\/archive.cafe.crea.ca\/wp-content\/uploads\/2023\/05\/cg.jpg 960w, https:\/\/archive.cafe.crea.ca\/wp-content\/uploads\/2023\/05\/cg-768x768.jpg 768w, https:\/\/archive.cafe.crea.ca\/wp-content\/uploads\/2023\/05\/cg-571x571.jpg 571w\" sizes=\"(max-width: 240px) 100vw, 240px\" \/><\/figure><\/div>\n\n\n<p>\u00c0 l\u2019occasion du d\u00e9fi <a href=\"https:\/\/sanctumcaregroup.com\/sanctumsurvivor\" target=\"_blank\" rel=\"noreferrer noopener\">Sanctum Survivor<\/a>, les participants passeront 36&nbsp;heures dans la rue, durant lesquelles ils devront r\u00e9aliser des t\u00e2ches en \u00e9quipe de deux; ils auront ainsi un aper\u00e7u des difficult\u00e9s m\u00e9connues de la vie itin\u00e9rante. Les participants porteront des v\u00eatements et des chaussures donn\u00e9s. Ils ne pourront conserver comme bien personnel que leur t\u00e9l\u00e9phone cellulaire, \u00e0 partir duquel ils informeront le public de leur exp\u00e9rience.<\/p>\n\n\n\n<p>Chaque participant amassera des fonds pour l\u2019organisme derri\u00e8re le projet, le Sanctum Care Group, et Chris Gu\u00e9rette tient \u00e0 faire sa part.<\/p>\n\n\n\n<p>\u00ab&nbsp;L\u2019id\u00e9e, c\u2019est de comprendre ce que vivent les nombreuses personnes qui n\u2019ont pas la s\u00e9curit\u00e9 d\u2019un toit au-dessus de la t\u00eate&nbsp;\u00bb, explique M<sup>me<\/sup>&nbsp;Gu\u00e9rette. \u00ab&nbsp;Sans parler du fait que le d\u00e9fi permet d\u2019appuyer le Sanctum Group et son travail novateur \u00e0 Saskatoon. \u00c0 une \u00e9poque, c\u2019\u00e9tait le seul endroit offrant des soins aux personnes itin\u00e9rantes atteintes du VIH\/SIDA. Cet organisme avait adopt\u00e9 une approche diff\u00e9rente et fait preuve de leadership. Voyant que l\u2019offre \u00e9tait insuffisante, le Sanctum Group a par la suite ouvert le Sanctum&nbsp;1.5, une maison pour les jeunes femmes enceintes itin\u00e9rantes atteintes du VIH\/SIDA.&nbsp;\u00bb<\/p>\n\n\n\n<blockquote class=\"twitter-tweet\"><p lang=\"en\" dir=\"ltr\">This challenge by no means accurately depicts the complex issues of homelessness.<br><br>But <a href=\"https:\/\/twitter.com\/SanctumYXE?ref_src=twsrc%5Etfw\">@SanctumYXE<\/a> needs our support and it&rsquo;s especially important that someone like me, who speaks about housing on a daily basis, supports them. <br><br>Donate here: <a href=\"https:\/\/t.co\/bWGIVm8Os3\">https:\/\/t.co\/bWGIVm8Os3<\/a> <a href=\"https:\/\/t.co\/4vtmLfp35l\">pic.twitter.com\/4vtmLfp35l<\/a><\/p>\u2014 Chris Gu\u00e9rette (@Chris_Guerette) <a href=\"https:\/\/twitter.com\/Chris_Guerette\/status\/1657090466834178067?ref_src=twsrc%5Etfw\">May 12, 2023<\/a><\/blockquote> <script async=\"\" src=\"https:\/\/platform.twitter.com\/widgets.js\" charset=\"utf-8\"><\/script>\n\n\n\n<p>Le grand int\u00e9r\u00eat de M<sup>me<\/sup>&nbsp;Gu\u00e9rette pour la cause en fait une ambassadrice de choix pour le Sanctum Care Group et son d\u00e9fi. La mission de l\u2019organisme lui tient \u00e0 c\u0153ur, et elle est pr\u00eate \u00e0 la d\u00e9fendre. \u00ab&nbsp;Si les histoires touchantes vous laissent de marbre, laissez-moi vous convaincre \u00e0 coup de chiffres&nbsp;: le projet permet au gouvernement d\u2019\u00e9pargner 1,4&nbsp;million de dollars pour chaque m\u00e8re prise en charge par Sanctum, sans compter les d\u00e9penses qu\u2019auraient engendr\u00e9es les b\u00e9b\u00e9s naissant avec le virus.&nbsp;\u00bb<\/p>\n\n\n\n<p>Bien s\u00fbr, le Sanctum Group ne prend pas la chose \u00e0 la l\u00e9g\u00e8re et sait bien que son d\u00e9fi n\u2019est qu\u2019un pauvre reflet de la v\u00e9ritable exp\u00e9rience d\u2019itin\u00e9rance \u00e0 Saskatoon. Les obstacles pour les personnes en situation de pauvret\u00e9 qui ne parviennent pas \u00e0 se loger sont consid\u00e9rables.<a href=\"https:\/\/sanctumcaregroup.com\/sanctumsurvivor\"> Le Sanctum Group estime<\/a> toutefois qu\u2019\u00ab&nbsp;en attirant l\u2019attention sur certains de ces obstacles, on peut susciter des changements r\u00e9els et durables&nbsp;\u00bb.<\/p>\n\n\n\n<p>M<sup>me<\/sup>&nbsp;Gu\u00e9rette s\u2019est fix\u00e9 plusieurs objectifs pour sa participation au d\u00e9fi. \u00ab&nbsp;D\u2019abord, je veux amasser des fonds. Nous visons 20&nbsp;000&nbsp;$\u2026 mais reste que le plus important, c\u2019est d\u2019informer le public&nbsp;\u00bb, pr\u00e9cise-t-elle. Quand elle aura troqu\u00e9 ses v\u00eatements pour ceux donn\u00e9s par l\u2019organisation et commenc\u00e9 le d\u00e9fi, elle racontera son exp\u00e9rience sur les m\u00e9dias sociaux. \u00ab&nbsp;J\u2019esp\u00e8re inciter mes coll\u00e8gues de l\u2019immobilier de partout au Canada \u00e0 donner, bien s\u00fbr, mais surtout \u00e0 suivre mon exp\u00e9rience. Je sais que ce sera difficile. Ce l\u2019est d\u00e9j\u00e0 d\u2019en parler, alors je n\u2019imagine m\u00eame pas devoir le vivre.&nbsp;\u00bb<\/p>\n\n\n\n<p>\u00ab&nbsp;Maintenant plus que jamais, nous avons la responsabilit\u00e9 de veiller \u00e0 ce que tout le monde ait un logement. Tout le monde n\u2019a pas les m\u00eames besoins, mais pensons aux plus vuln\u00e9rables&nbsp;: les femmes enceintes et atteintes du VIH\/SIDA, par exemple. Nous avons la responsabilit\u00e9 de prendre soin de ces personnes pour donner \u00e0 leur famille et leurs enfants toutes les chances de r\u00e9ussir et vivre en s\u00e9curit\u00e9.&nbsp;\u00bb<\/p>\n\n\n\n<p><a href=\"https:\/\/www.canadahelps.org\/fr\/organismesdebienfaisance\/sanctum-care-group-inc\/p2p\/sanctumsurvivor2023\/page\/chris-guerette\/\">Cliquez ici pour appuyer Chris Gu\u00e9rette<\/a> dans le cadre du d\u00e9fi Sanctum Survivor.<\/p>\n","protected":false},"excerpt":{"rendered":"<p> \u00c0 compter du jeudi\u00a025\u00a0mai\u00a02023, des leaders de la collectivit\u00e9 de Saskatoon se mettront, pendant 36\u00a0heures, dans la peau de personnes en situation d\u2019itin\u00e9rance pour sensibiliser le public \u00e0 cette cause urgente.<\/p>\n","protected":false},"author":194,"featured_media":43020,"comment_status":"open","ping_status":"open","sticky":false,"template":"","format":"standard","meta":{"footnotes":""},"categories":[2369],"tags":[],"coauthors":[2464],"class_list":["post-43025","post","type-post","status-publish","format-standard","has-post-thumbnail","hentry","category-defense-des-interets"],"aioseo_notices":[],"_links":{"self":[{"href":"https:\/\/archive.cafe.crea.ca\/fr\/wp-json\/wp\/v2\/posts\/43025"}],"collection":[{"href":"https:\/\/archive.cafe.crea.ca\/fr\/wp-json\/wp\/v2\/posts"}],"about":[{"href":"https:\/\/archive.cafe.crea.ca\/fr\/wp-json\/wp\/v2\/types\/post"}],"author":[{"embeddable":true,"href":"https:\/\/archive.cafe.crea.ca\/fr\/wp-json\/wp\/v2\/users\/194"}],"replies":[{"embeddable":true,"href":"https:\/\/archive.cafe.crea.ca\/fr\/wp-json\/wp\/v2\/comments?post=43025"}],"version-history":[{"count":2,"href":"https:\/\/archive.cafe.crea.ca\/fr\/wp-json\/wp\/v2\/posts\/43025\/revisions"}],"predecessor-version":[{"id":43028,"href":"https:\/\/archive.cafe.crea.ca\/fr\/wp-json\/wp\/v2\/posts\/43025\/revisions\/43028"}],"wp:featuredmedia":[{"embeddable":true,"href":"https:\/\/archive.cafe.crea.ca\/fr\/wp-json\/wp\/v2\/media\/43020"}],"wp:attachment":[{"href":"https:\/\/archive.cafe.crea.ca\/fr\/wp-json\/wp\/v2\/media?parent=43025"}],"wp:term":[{"taxonomy":"category","embeddable":true,"href":"https:\/\/archive.cafe.crea.ca\/fr\/wp-json\/wp\/v2\/categories?post=43025"},{"taxonomy":"post_tag","embeddable":true,"href":"https:\/\/archive.cafe.crea.ca\/fr\/wp-json\/wp\/v2\/tags?post=43025"},{"taxonomy":"author","embeddable":true,"href":"https:\/\/archive.cafe.crea.ca\/fr\/wp-json\/wp\/v2\/coauthors?post=43025"}],"curies":[{"name":"wp","href":"https:\/\/api.w.org\/{rel}","templated":true}]}}