{"id":42979,"date":"2023-05-16T09:24:10","date_gmt":"2023-05-16T13:24:10","guid":{"rendered":"https:\/\/archive.cafe.crea.ca\/?p=42979"},"modified":"2023-05-17T09:29:33","modified_gmt":"2023-05-17T13:29:33","slug":"laci-soutient-des-champions-de-la-communaute-grace-a-linitiative-blacknorth","status":"publish","type":"post","link":"https:\/\/archive.cafe.crea.ca\/fr\/laci-soutient-des-champions-de-la-communaute-grace-a-linitiative-blacknorth\/","title":{"rendered":"L\u2019ACI soutient des champions de la communaut\u00e9 gr\u00e2ce \u00e0 l\u2019Initiative BlackNorth"},"content":{"rendered":"\n<p><a href=\"https:\/\/www.forblackcommunities.org\/assets\/docs\/Nonfinance-Report.pdf\" target=\"_blank\" rel=\"noreferrer noopener\">Les organisations caritatives et \u00e0 but non lucratif dirig\u00e9es par des Noirs et au service des Noirs sont largement sous-financ\u00e9es au Canada<\/a>, ce qui signifie qu\u2019elles sont confront\u00e9es \u00e0 des d\u00e9fis plus importants pour renforcer leurs moyens et leur viabilit\u00e9 \u00e0 long terme. Malgr\u00e9 ces circonstances, la Health Association for African Canadians (HAAC), bas\u00e9e au <a href=\"https:\/\/bccns.com\/\" target=\"_blank\" rel=\"noreferrer noopener\">Black Cultural Centre for Nova Scotia<\/a> \u00e0 Dartmouth, en Nouvelle-\u00c9cosse, a r\u00e9ussi \u00e0 obtenir un appui remarquable au sein de la collectivit\u00e9, \u00e0 obtenir un financement stable \u00e0 long terme et \u00e0 se forger un excellent bilan de r\u00e9alisations au cours des deux&nbsp;derni\u00e8res d\u00e9cennies.<\/p>\n\n\n\n<p>En janvier\u00a02023, <a href=\"https:\/\/blacknorth.ca\/\" target=\"_blank\" rel=\"noreferrer noopener\">l\u2019Initiative BlackNorth (BNI)<\/a> a tenu son gala inaugural pour c\u00e9l\u00e9brer le travail exceptionnel de l\u2019organisation en partenariat avec les signataires de son <a href=\"https:\/\/archive.cafe.crea.ca\/fr\/linitiative-blacknorth-donne-aux-familles-noires-un-nouveau-moyen-dacceder-a-la-propriete\/\" target=\"_blank\" rel=\"noreferrer noopener\">Engagement des chefs de la direction<\/a> pour \u00e9liminer les barri\u00e8res syst\u00e9miques anti-Noirs, cr\u00e9er un changement g\u00e9n\u00e9rationnel et habiliter les communaut\u00e9s noires \u00e0 travers le Canada. Plusieurs prix ont \u00e9t\u00e9 d\u00e9cern\u00e9s, dont quatre\u00a0prix des champions de la communaut\u00e9, qui r\u00e9compensent des organismes communautaires dirig\u00e9s par des Noirs qui ont fait preuve d\u2019un engagement soutenu envers les collectivit\u00e9s qu\u2019ils desservent. L\u2019Association canadienne de l\u2019immobilier (ACI) \u00e9tait fi\u00e8re de parrainer l\u2019un de ces prix, qui a \u00e9t\u00e9 d\u00e9cern\u00e9 \u00e0 la HAAC, accompagn\u00e9 d\u2019un don de 10\u00a0000\u00a0$, pour aider l\u2019association \u00e0 poursuivre son travail.<\/p>\n\n\n\n<figure class=\"wp-block-image size-full\"><img loading=\"lazy\" decoding=\"async\" width=\"2560\" height=\"1707\" src=\"https:\/\/archive.cafe.crea.ca\/wp-content\/uploads\/2023\/05\/EDIT_DBC_168-scaled.jpg\" alt=\"\" class=\"wp-image-42984\" srcset=\"https:\/\/archive.cafe.crea.ca\/wp-content\/uploads\/2023\/05\/EDIT_DBC_168-scaled.jpg 2560w, https:\/\/archive.cafe.crea.ca\/wp-content\/uploads\/2023\/05\/EDIT_DBC_168-768x512.jpg 768w, https:\/\/archive.cafe.crea.ca\/wp-content\/uploads\/2023\/05\/EDIT_DBC_168-1536x1024.jpg 1536w, https:\/\/archive.cafe.crea.ca\/wp-content\/uploads\/2023\/05\/EDIT_DBC_168-2048x1365.jpg 2048w, https:\/\/archive.cafe.crea.ca\/wp-content\/uploads\/2023\/05\/EDIT_DBC_168-857x571.jpg 857w\" sizes=\"(max-width: 2560px) 100vw, 2560px\" \/><\/figure>\n\n\n\n<p>Selon son <a href=\"http:\/\/haac.ca\/\" target=\"_blank\" rel=\"noreferrer noopener\">site Web<\/a>, la HAAC a \u00e9t\u00e9 cr\u00e9\u00e9e \u00ab&nbsp;pour s\u2019attaquer aux probl\u00e8mes de sant\u00e9 des Afro-Canadiens et aux in\u00e9galit\u00e9s du syst\u00e8me qui affectent la sant\u00e9&nbsp;\u00bb.<\/p>\n\n\n\n<p>La cr\u00e9ation de la HAAC est le fruit d\u2019un projet parrain\u00e9 par la Dalhousie School of Nursing et le Centre d\u2019excellence de l\u2019Atlantique pour la sant\u00e9 des femmes. Le projet \u00e9tait ax\u00e9 sur la sant\u00e9 des femmes, mais les intervenants ont reconnu que la sant\u00e9 des femmes repr\u00e9sente une composante de la sant\u00e9 de l\u2019ensemble de la famille.<\/p>\n\n\n\n<p>\u00ab&nbsp;Aujourd\u2019hui, la HAAC dispose d\u2019un vaste mandat et est pr\u00eate \u00e0 mettre en \u0153uvre un plan d\u2019activit\u00e9s assorti de buts, d\u2019objectifs et de r\u00e9sultats pour r\u00e9pondre \u00e0 ses besoins&nbsp;\u00bb, peut-on lire sur son site Web.<\/p>\n\n\n\n<p>La HAAC a men\u00e9 un long combat, souvent solitaire, pour garantir aux communaut\u00e9s noires de Nouvelle\u2011\u00c9cosse des soins de sant\u00e9 de haute qualit\u00e9. \u00ab&nbsp;Nous n\u2019avons jamais \u00e9t\u00e9 suffisamment financ\u00e9s, jusqu\u2019\u00e0 l\u2019ann\u00e9e derni\u00e8re [2022], la premi\u00e8re ann\u00e9e de financement gouvernemental&nbsp;\u00bb, a d\u00e9clar\u00e9 Sharon&nbsp;Davis-Murdoch, cofondatrice et copr\u00e9sidente de l\u2019association. \u00ab&nbsp;Nous n\u2019obtenions pas de financement pour nos projets&nbsp;\u2013&nbsp;nous avons donc surv\u00e9cu avec 6&nbsp;000&nbsp;dollars par-ci, 5&nbsp;000 dollars par-l\u00e0.&nbsp;\u00bb<\/p>\n\n\n\n<p>Malgr\u00e9 ces r\u00e9alit\u00e9s difficiles, l\u2019organisation a pers\u00e9v\u00e9r\u00e9 pour r\u00e9pondre \u00e0 un besoin qui serait probablement demeur\u00e9 sous le silence sans les efforts soutenus des b\u00e9n\u00e9voles pendant plus de deux&nbsp;d\u00e9cennies. Maintenant que le gouvernement provincial a commenc\u00e9 \u00e0 offrir un financement \u00e0 l\u2019organisation, il y a suffisamment d\u2019argent pour employer deux&nbsp;personnes \u00e0 temps partiel afin d\u2019accro\u00eetre sa port\u00e9e et son impact.<\/p>\n\n\n\n<p>L\u2019une de ces personnes est Shelley&nbsp;Fashan, embauch\u00e9e en tant que directrice de l\u2019engagement en 2022. Au cours des derni\u00e8res ann\u00e9es, elle a pu constater de ses propres yeux l\u2019importance de la HAAC pour la protection de la sant\u00e9 des Noirs en Nouvelle-\u00c9cosse, avant m\u00eame d\u2019\u00eatre embauch\u00e9e pour coordonner les efforts de sensibilisation. \u00ab&nbsp;Lorsque la COVID-19 a frapp\u00e9 cette communaut\u00e9, je ne peux pas vous dire \u00e0 quel point le travail de la HAAC a \u00e9t\u00e9 important. Elle a rassembl\u00e9 tout le monde pour se faire vacciner d\u2019une mani\u00e8re afrocentrique, a indiqu\u00e9 M<sup>me<\/sup>&nbsp;Fashan. Je suis tr\u00e8s fi\u00e8re de ces moments. Je me souviens avoir emmen\u00e9 une personne \u00e2g\u00e9e \u00e0 la clinique COVID, et la fa\u00e7on dont les gens l\u2019ont trait\u00e9e&nbsp;\u2013&nbsp;c\u2019est tout simplement notre fa\u00e7on d\u2019\u00eatre les uns avec les autres.&nbsp;\u00bb<\/p>\n\n\n\n<p>M<sup>me<\/sup>&nbsp;Fashan est profond\u00e9ment attach\u00e9e \u00e0 son r\u00f4le. Il est clair qu\u2019elle se sent tr\u00e8s responsable envers les personnes qui ont acc\u00e8s aux services et aux programmes de la HAAC et qu\u2019elle doit s\u2019acquitter de ses t\u00e2ches au mieux de ses capacit\u00e9s. \u00ab&nbsp;Le travail que je fais, aussi longtemps que je serai ici, est vraiment tr\u00e8s important pour ma communaut\u00e9.&nbsp;\u00bb<\/p>\n\n\n\n<p><a href=\"https:\/\/www.realtor.ca\/courtier-immobilier\/1910275\/chris-peters-610-wright-avenue-unit-2-dartmouth-nouvelle-%C3%A9cosse-b3a1m9#firstname=Chris%20&amp;lastname=Peters&amp;page=1&amp;sort=3-A\" target=\"_blank\" rel=\"noreferrer noopener\">Chris\u00a0Peters<\/a>, agent immobilier membre de l\u2019ACI de Darmouth, qui si\u00e8ge au conseil d\u2019administration de l\u2019ACI en tant qu\u2019administrateur r\u00e9gional, Atlantique, a eu la chance de visiter les bureaux de la HAAC au sein du <a href=\"https:\/\/bccns.com\/\" target=\"_blank\" rel=\"noreferrer noopener\">Black Cultural Centre for Nova Scotia<\/a>. \u00ab\u00a0Je ne connaissais pas la HAAC jusqu\u2019\u00e0 ce qu\u2019on m\u2019invite au gala de l\u2019Initiative BlackNorth. L\u2019une des premi\u00e8res choses auxquelles j\u2019ai pens\u00e9 lorsque les responsables ont parl\u00e9 de ce qu\u2019ils font pour les personnes de couleur en Nouvelle-\u00c9cosse, ainsi que des liens qu\u2019ils \u00e9tablissent \u00e0 travers le Canada, c\u2019est que j\u2019aimerais transmettre certaines de ces informations \u00e0 nos associations de courtiers et agents immobiliers. Puisqu\u2019il y a plus de 160\u00a0000\u00a0courtiers et agents immobiliers au Canada, et que nous sommes pr\u00e9sents dans toutes les collectivit\u00e9s de la Nouvelle-\u00c9cosse\u00a0\u2013\u00a0nous sommes environ 2\u00a0100 ici\u00a0\u2013\u00a0nous pouvons apprendre beaucoup des groupes comme la HAAC\u00a0\u00bb, a d\u00e9clar\u00e9 M.\u00a0Peters.<\/p>\n\n\n\n<figure class=\"wp-block-image size-full\"><img loading=\"lazy\" decoding=\"async\" width=\"2560\" height=\"1707\" src=\"https:\/\/archive.cafe.crea.ca\/wp-content\/uploads\/2023\/05\/EDIT_DBC_029-scaled.jpg\" alt=\"\" class=\"wp-image-42987\" srcset=\"https:\/\/archive.cafe.crea.ca\/wp-content\/uploads\/2023\/05\/EDIT_DBC_029-scaled.jpg 2560w, https:\/\/archive.cafe.crea.ca\/wp-content\/uploads\/2023\/05\/EDIT_DBC_029-768x512.jpg 768w, https:\/\/archive.cafe.crea.ca\/wp-content\/uploads\/2023\/05\/EDIT_DBC_029-1536x1024.jpg 1536w, https:\/\/archive.cafe.crea.ca\/wp-content\/uploads\/2023\/05\/EDIT_DBC_029-2048x1365.jpg 2048w, https:\/\/archive.cafe.crea.ca\/wp-content\/uploads\/2023\/05\/EDIT_DBC_029-857x571.jpg 857w\" sizes=\"(max-width: 2560px) 100vw, 2560px\" \/><\/figure>\n\n\n\n<p>\u00ab&nbsp;Lorsque j\u2019ai cr\u00e9\u00e9 notre comit\u00e9 sur la diversit\u00e9, l\u2019\u00e9quit\u00e9, l\u2019inclusion et l\u2019antiracisme [\u00e0 la Nova Scotia Association of REALTORS\u00ae], j\u2019avais notamment pour objectif de parler aux membres de nos communaut\u00e9s, car nous sommes repr\u00e9sentatifs. La communaut\u00e9 [noire] n\u2019est pas suffisamment repr\u00e9sent\u00e9e au sein de notre association. Le simple fait d\u2019entendre comment la HAAC a men\u00e9 certaines de ces actions de d\u00e9fense et de sensibilisation, et s\u2019est rendue sur place \u00e0 ses propres frais parce que c\u2019\u00e9tait la bonne chose \u00e0 faire, m\u2019inspire. Cela me donne des frissons. C\u2019est tout simplement incroyable&nbsp;\u00bb, a ajout\u00e9 M.&nbsp;Peters.<\/p>\n\n\n\n<p>L\u2019ACI s\u2019est engag\u00e9e \u00e0 favoriser un environnement diversifi\u00e9, \u00e9quitable, inclusif et antiraciste pour tous ses employ\u00e9s, b\u00e9n\u00e9voles et membres. Nous reconnaissons que nous ne faisons que commencer un long parcours. Pour en savoir plus sur nos <a href=\"https:\/\/www.crea.ca\/fr\/a-propos\/notre-mission\/nos-valeurs-et-nos-engagements-en-matiere-de-deia\/\" target=\"_blank\" rel=\"noreferrer noopener\">engagements en mati\u00e8re de DEIA, allez sur CREA.ca<\/a>.<\/p>\n","protected":false},"excerpt":{"rendered":"<p>L\u2019Initiative BlackNorth (BNI) a tenu son gala inaugural pour c\u00e9l\u00e9brer le travail exceptionnel de l\u2019organisation en partenariat avec les signataires de son Engagement des chefs de la direction pour \u00e9liminer les barri\u00e8res syst\u00e9miques anti-Noirs, cr\u00e9er un changement g\u00e9n\u00e9rationnel et habiliter les communaut\u00e9s noires \u00e0 travers le Canada. <\/p>\n","protected":false},"author":194,"featured_media":42975,"comment_status":"open","ping_status":"open","sticky":false,"template":"","format":"standard","meta":{"footnotes":""},"categories":[2366],"tags":[],"coauthors":[2464],"class_list":["post-42979","post","type-post","status-publish","format-standard","has-post-thumbnail","hentry","category-nouvelles-de-laci"],"aioseo_notices":[],"_links":{"self":[{"href":"https:\/\/archive.cafe.crea.ca\/fr\/wp-json\/wp\/v2\/posts\/42979"}],"collection":[{"href":"https:\/\/archive.cafe.crea.ca\/fr\/wp-json\/wp\/v2\/posts"}],"about":[{"href":"https:\/\/archive.cafe.crea.ca\/fr\/wp-json\/wp\/v2\/types\/post"}],"author":[{"embeddable":true,"href":"https:\/\/archive.cafe.crea.ca\/fr\/wp-json\/wp\/v2\/users\/194"}],"replies":[{"embeddable":true,"href":"https:\/\/archive.cafe.crea.ca\/fr\/wp-json\/wp\/v2\/comments?post=42979"}],"version-history":[{"count":2,"href":"https:\/\/archive.cafe.crea.ca\/fr\/wp-json\/wp\/v2\/posts\/42979\/revisions"}],"predecessor-version":[{"id":42990,"href":"https:\/\/archive.cafe.crea.ca\/fr\/wp-json\/wp\/v2\/posts\/42979\/revisions\/42990"}],"wp:featuredmedia":[{"embeddable":true,"href":"https:\/\/archive.cafe.crea.ca\/fr\/wp-json\/wp\/v2\/media\/42975"}],"wp:attachment":[{"href":"https:\/\/archive.cafe.crea.ca\/fr\/wp-json\/wp\/v2\/media?parent=42979"}],"wp:term":[{"taxonomy":"category","embeddable":true,"href":"https:\/\/archive.cafe.crea.ca\/fr\/wp-json\/wp\/v2\/categories?post=42979"},{"taxonomy":"post_tag","embeddable":true,"href":"https:\/\/archive.cafe.crea.ca\/fr\/wp-json\/wp\/v2\/tags?post=42979"},{"taxonomy":"author","embeddable":true,"href":"https:\/\/archive.cafe.crea.ca\/fr\/wp-json\/wp\/v2\/coauthors?post=42979"}],"curies":[{"name":"wp","href":"https:\/\/api.w.org\/{rel}","templated":true}]}}