{"id":42958,"date":"2023-05-11T09:39:05","date_gmt":"2023-05-11T13:39:05","guid":{"rendered":"https:\/\/archive.cafe.crea.ca\/?p=42958"},"modified":"2023-05-11T09:39:07","modified_gmt":"2023-05-11T13:39:07","slug":"ajout-dune-obligation-de-collaborer-au-code-de-conduite-des-membres-de-laci","status":"publish","type":"post","link":"https:\/\/archive.cafe.crea.ca\/fr\/ajout-dune-obligation-de-collaborer-au-code-de-conduite-des-membres-de-laci\/","title":{"rendered":"Ajout d\u2019une \u00ab obligation de collaborer \u00bb au Code de conduite des membres de l\u2019ACI"},"content":{"rendered":"\n<p>Lors de l\u2019Assembl\u00e9e g\u00e9n\u00e9rale annuelle de L\u2019Association canadienne de l\u2019immobilier (ACI) tenue le&nbsp;<strong>mardi&nbsp;18&nbsp;avril&nbsp;2023<\/strong>, les d\u00e9l\u00e9gu\u00e9s ont vot\u00e9 en faveur de l\u2019ajout d\u2019une \u00ab&nbsp;obligation de collaborer&nbsp;\u00bb au Code de conduite des membres de l\u2019ACI, incluant l\u2019obligation de se conformer \u00e0 la&nbsp;<a href=\"https:\/\/member.crea.ca\/wp-content\/uploads\/2023\/03\/REALTORR-Cooperation-Policy-March-2023-FRE.pdf\" target=\"_blank\" rel=\"noreferrer noopener\">Politique de collaboration entre les courtiers et agents immobiliers<\/a>.<\/p>\n\n\n\n<p>La politique pr\u00e9voit essentiellement que les inscriptions r\u00e9sidentielles doivent \u00eatre affich\u00e9es sur un syst\u00e8me MLS<sup>\u00ae<\/sup>&nbsp;dans les trois&nbsp;jours suivant \u00ab&nbsp;l\u2019annonce aupr\u00e8s du public&nbsp;\u00bb, \u00e0 moins qu\u2019une exemption s\u2019applique. \u00ab&nbsp;L\u2019annonce aupr\u00e8s du public&nbsp;\u00bb d\u00e9signe toute diffusion d\u2019une inscription aupr\u00e8s du public ou de toute personne qui n\u2019est pas directement affili\u00e9e aux dirigeants d\u2019agence et aux titulaires de permis affili\u00e9s \u00e0 l\u2019agence inscriptrice.<\/p>\n\n\n\n<p>Cela permet de prot\u00e9ger l\u2019int\u00e9grit\u00e9 et l\u2019int\u00e9gralit\u00e9 des syst\u00e8mes MLS<sup>\u00ae<\/sup>\u00a0et de fournir aux courtiers et agents immobiliers des donn\u00e9es riches, pr\u00e9cises et compl\u00e8tes.<\/p>\n\n\n\n<figure class=\"wp-block-image size-full is-resized\"><img loading=\"lazy\" decoding=\"async\" src=\"https:\/\/archive.cafe.crea.ca\/wp-content\/uploads\/2022\/05\/Caf\u00e9_Trademark-in-firm-or-team-names-blog-banners.jpg\" alt=\"REALTOR\" class=\"wp-image-40848\" width=\"662\" height=\"286\" srcset=\"https:\/\/archive.cafe.crea.ca\/wp-content\/uploads\/2022\/05\/Caf\u00e9_Trademark-in-firm-or-team-names-blog-banners.jpg 1324w, https:\/\/archive.cafe.crea.ca\/wp-content\/uploads\/2022\/05\/Caf\u00e9_Trademark-in-firm-or-team-names-blog-banners-768x331.jpg 768w\" sizes=\"(max-width: 662px) 100vw, 662px\" \/><\/figure>\n\n\n\n<p>\u00ab&nbsp;Nous sommes reconnaissants des nombreuses discussions et de l\u2019engagement soutenu \u00e0 travers le pays, qui ont conduit \u00e0 cette d\u00e9cision et qu\u2019une majorit\u00e9 retentissante de d\u00e9l\u00e9gu\u00e9s ayant droit de vote conviennent que la collaboration est au c\u0153ur du travail des courtiers et agents immobiliers, a d\u00e9clar\u00e9 Jill&nbsp;Oudil, pr\u00e9sidente sortante de l\u2019ACI. L\u2019ACI continuera de travailler avec les chambres et associations avant la mise en \u0153uvre de la politique en janvier&nbsp;2024. La protection et l\u2019am\u00e9lioration de l\u2019int\u00e9gralit\u00e9 des syst\u00e8mes MLS<sup>\u00ae<\/sup>&nbsp;ne profitent pas seulement aux courtiers et agents immobiliers, elles sont dans l\u2019int\u00e9r\u00eat de tous les acheteurs et propri\u00e9taires-vendeurs canadiens.&nbsp;\u00bb<\/p>\n\n\n\n<p>Cette politique n\u2019interdit pas les inscriptions exclusives pour les clients qui, pour une raison quelconque, ne veulent pas que leur propri\u00e9t\u00e9 soit largement connue du public, \u00e0 moins et jusqu\u2019\u00e0 ce qu\u2019une \u00ab&nbsp;annonce aupr\u00e8s du public&nbsp;\u00bb ait lieu.<\/p>\n\n\n\n<p>La politique entrera en vigueur le\u00a0<strong>mercredi\u00a03\u00a0janvier\u00a02024<\/strong>\u00a0afin de donner aux chambres et associations le temps de revoir leurs r\u00e8gles actuelles et de s\u2019assurer qu\u2019elles sont conformes \u00e0 la politique. Une fois la politique entr\u00e9e en vigueur, les chambres et associations appliqueront cette nouvelle obligation de collaborer et la politique connexe dans le cadre de leur processus d\u2019application <a href=\"https:\/\/archive.cafe.crea.ca\/fr\/enfreindre-le-code-realtor-peut-avoir-de-lourdes-consequences\/\" target=\"_blank\" rel=\"noreferrer noopener\">du Code<\/a> de conduite des membres de l\u2019ACI.<\/p>\n\n\n\n<p>Des ressources suppl\u00e9mentaires, y compris des mod\u00e8les de formulaires avec le libell\u00e9 de la divulgation et du consentement, seront ajout\u00e9es \u00e0 la page&nbsp;<a href=\"https:\/\/member.crea.ca\/fr\/ressources-conformite\/conformite-a-la-loi-et-normes-nationales\/ressources-en-matiere-de-conformite\/collaboration-entre-les-courtiers-et-agents-immobiliers\/\" target=\"_blank\" rel=\"noreferrer noopener\">CREA.ca\/Collaboration<\/a>&nbsp;avant l\u2019entr\u00e9e en vigueur de la politique.<\/p>\n","protected":false},"excerpt":{"rendered":"<p>Lors de l\u2019Assembl\u00e9e g\u00e9n\u00e9rale annuelle de L\u2019Association canadienne de l\u2019immobilier (ACI) tenue le\u00a0mardi\u00a018\u00a0avril\u00a02023, les d\u00e9l\u00e9gu\u00e9s ont vot\u00e9 en faveur de l\u2019ajout d\u2019une \u00ab\u00a0obligation de collaborer\u00a0\u00bb au Code de conduite des membres de l\u2019ACI, incluant l\u2019obligation de se conformer \u00e0 la\u00a0Politique de collaboration entre les courtiers et agents immobiliers.<\/p>\n","protected":false},"author":134,"featured_media":42953,"comment_status":"open","ping_status":"open","sticky":false,"template":"","format":"standard","meta":{"footnotes":""},"categories":[2366],"tags":[2380],"coauthors":[2397],"class_list":["post-42958","post","type-post","status-publish","format-standard","has-post-thumbnail","hentry","category-nouvelles-de-laci","tag-featured-fr-2"],"aioseo_notices":[],"_links":{"self":[{"href":"https:\/\/archive.cafe.crea.ca\/fr\/wp-json\/wp\/v2\/posts\/42958"}],"collection":[{"href":"https:\/\/archive.cafe.crea.ca\/fr\/wp-json\/wp\/v2\/posts"}],"about":[{"href":"https:\/\/archive.cafe.crea.ca\/fr\/wp-json\/wp\/v2\/types\/post"}],"author":[{"embeddable":true,"href":"https:\/\/archive.cafe.crea.ca\/fr\/wp-json\/wp\/v2\/users\/134"}],"replies":[{"embeddable":true,"href":"https:\/\/archive.cafe.crea.ca\/fr\/wp-json\/wp\/v2\/comments?post=42958"}],"version-history":[{"count":1,"href":"https:\/\/archive.cafe.crea.ca\/fr\/wp-json\/wp\/v2\/posts\/42958\/revisions"}],"predecessor-version":[{"id":42960,"href":"https:\/\/archive.cafe.crea.ca\/fr\/wp-json\/wp\/v2\/posts\/42958\/revisions\/42960"}],"wp:featuredmedia":[{"embeddable":true,"href":"https:\/\/archive.cafe.crea.ca\/fr\/wp-json\/wp\/v2\/media\/42953"}],"wp:attachment":[{"href":"https:\/\/archive.cafe.crea.ca\/fr\/wp-json\/wp\/v2\/media?parent=42958"}],"wp:term":[{"taxonomy":"category","embeddable":true,"href":"https:\/\/archive.cafe.crea.ca\/fr\/wp-json\/wp\/v2\/categories?post=42958"},{"taxonomy":"post_tag","embeddable":true,"href":"https:\/\/archive.cafe.crea.ca\/fr\/wp-json\/wp\/v2\/tags?post=42958"},{"taxonomy":"author","embeddable":true,"href":"https:\/\/archive.cafe.crea.ca\/fr\/wp-json\/wp\/v2\/coauthors?post=42958"}],"curies":[{"name":"wp","href":"https:\/\/api.w.org\/{rel}","templated":true}]}}