{"id":42932,"date":"2023-05-05T09:00:00","date_gmt":"2023-05-05T13:00:00","guid":{"rendered":"https:\/\/archive.cafe.crea.ca\/?p=42932"},"modified":"2023-05-04T10:55:41","modified_gmt":"2023-05-04T14:55:41","slug":"bilan-de-nos-realisations-rapport-annuel-de-2022-de-laci","status":"publish","type":"post","link":"https:\/\/archive.cafe.crea.ca\/fr\/bilan-de-nos-realisations-rapport-annuel-de-2022-de-laci\/","title":{"rendered":"Bilan de nos r\u00e9alisations : rapport annuel de 2022 de l\u2019ACI"},"content":{"rendered":"\n<p>En tant qu\u2019organisation \u00e0 but non lucratif, L\u2019Association canadienne de l\u2019immobilier (ACI) est tenue par la loi de communiquer ses \u00e9tats financiers \u00e0 ses membres. Chaque ann\u00e9e, nous saisissons cette occasion pour faire preuve de transparence et de responsabilit\u00e9, tout en revenant sur les r\u00e9alisations, les le\u00e7ons et les faits saillants de l\u2019ann\u00e9e pr\u00e9c\u00e9dente dans notre\u00a0rapport annuel.<\/p>\n\n\n\n<div class=\"wp-block-buttons is-layout-flex wp-block-buttons-is-layout-flex\">\n<div class=\"wp-block-button\"><a class=\"wp-block-button__link\" href=\"https:\/\/annualreport.crea.ca\/2022\/index-fr.html\" target=\"_blank\" rel=\"noreferrer noopener\">Lire le rapport complet maintenant!<\/a><\/div>\n<\/div>\n\n\n\n<p>Nos membres sont au c\u0153ur de toutes nos activit\u00e9s, et notre plan strat\u00e9gique donne un aper\u00e7u de la mani\u00e8re dont nous, en tant qu\u2019association nationale, r\u00e9alisons notre mission et d\u00e9fendons nos valeurs.<\/p>\n\n\n\n<p>V\u00e9ritable portrait de notre r\u00e9ussite, le rapport annuel nous permet de compiler des donn\u00e9es (y compris des rapports financiers) que nous utilisons pour orienter nos d\u00e9cisions.<\/p>\n\n\n\n<p>Voici nos principales r\u00e9alisations en 2022&nbsp;:<\/p>\n\n\n\n<ul class=\"wp-block-list\"><li>Notre&nbsp;<a href=\"https:\/\/archive.cafe.crea.ca\/fr\/laci-sappuie-sur-le-succes-de-sa-campagne-publicitaire-nationale-welcome-home\/\" target=\"_blank\" rel=\"noreferrer noopener\">campagne de publicit\u00e9 nationale \u00ab&nbsp;Welcome Home&nbsp;\u00bb<\/a>&nbsp;a d\u00e9pass\u00e9 les objectifs fix\u00e9s et a g\u00e9n\u00e9r\u00e9 341,7&nbsp;millions d\u2019impressions num\u00e9riques diffus\u00e9es.<\/li><li>Nous avons tenu notre&nbsp;<a href=\"https:\/\/archive.cafe.crea.ca\/fr\/comment-creer-des-experiences-de-benevolat-plus-enrichissantes-pour-la-semaine-realtors-care-de-2022\/\" target=\"_blank\" rel=\"noreferrer noopener\">quatri\u00e8me Semaine REALTORS Care<sup>\u00ae<\/sup>&nbsp;annuelle<\/a>&nbsp;en partenariat avec 35&nbsp;chambres et associations immobili\u00e8res au pays.<\/li><li><a href=\"https:\/\/archive.cafe.crea.ca\/fr\/innovations-pour-realtor-ca-lorsque-nos-membres-travaillent-tous-ensemble-ils-accomplissent-des-choses-incroyables\/\" target=\"_blank\" rel=\"noreferrer noopener\">REALTOR.ca<\/a>&nbsp;a dirig\u00e9 5,7&nbsp;millions de clients potentiels vers les courtiers et agents et la part du march\u00e9 national* de REALTOR.ca a d\u00e9pass\u00e9 50&nbsp;% pour la premi\u00e8re fois.<\/li><li>Plus de 400&nbsp;repr\u00e9sentants du CAP se sont rendus au&nbsp;<a href=\"https:\/\/archive.cafe.crea.ca\/fr\/faits-saillants-des-journees-du-cap-de-2022-dans-la-capitale\/\" target=\"_blank\" rel=\"noreferrer noopener\">37<sup>e<\/sup>&nbsp;congr\u00e8s annuel des Journ\u00e9es du CAP<\/a>, au cours duquel nous avons organis\u00e9 plus de 130&nbsp;rencontres entre les repr\u00e9sentants et les d\u00e9put\u00e9s.<\/li><\/ul>\n\n\n\n<p>Et ce n\u2019est que la pointe de l\u2019iceberg!<\/p>\n\n\n\n<p>En 2022, nous avons r\u00e9alis\u00e9 des progr\u00e8s consid\u00e9rables en renfor\u00e7ant la collaboration entre les courtiers et agents immobiliers, en cr\u00e9ant des partenariats uniques\u00a0\u2013\u00a0\u00e0 la fois avec les chambres et associations et des entreprises technologiques\u00a0\u2013\u00a0pour d\u00e9velopper REALTOR.ca, et en jetant les bases pour nos engagements en mati\u00e8re de politiques environnementales, sociales et de gouvernance.<\/p>\n\n\n\n<iframe loading=\"lazy\" width=\"560\" height=\"315\" src=\"https:\/\/www.youtube.com\/embed\/fDm8Nm3Rxb4\" title=\"YouTube video player\" frameborder=\"0\" allow=\"accelerometer; autoplay; clipboard-write; encrypted-media; gyroscope; picture-in-picture; web-share\" allowfullscreen><\/iframe>\n\n\n\n<p>Jetez un coup d\u2019\u0153il \u00e0 notre rapport annuel de\u00a02022. Vous serez fier de constater tout ce que nous avons accompli ensemble.<\/p>\n\n\n\n<div class=\"wp-block-buttons is-layout-flex wp-block-buttons-is-layout-flex\">\n<div class=\"wp-block-button\"><a class=\"wp-block-button__link\" href=\"https:\/\/annualreport.crea.ca\/2022\/index-fr.html\" target=\"_blank\" rel=\"noreferrer noopener\">Lire le rapport complet maintenant!<\/a><\/div>\n<\/div>\n\n\n\n<p>*ComScore, avril-mai 2022<\/p>\n\n\n\n<p><a href=\"https:\/\/news2me.crea.ca\/fr\/2023-fr\/avril-2023\/ajout-dune-obligation-de-collaborer-au-code-de-conduite-des-membres-de-laci\/\"><\/a><\/p>\n","protected":false},"excerpt":{"rendered":"<p>Jetez un coup d\u2019\u0153il \u00e0 notre rapport annuel de\u00a02022. Vous serez fier de constater tout ce que nous avons accompli ensemble.<\/p>\n","protected":false},"author":123,"featured_media":42928,"comment_status":"open","ping_status":"open","sticky":false,"template":"","format":"standard","meta":{"footnotes":""},"categories":[2366],"tags":[2380],"coauthors":[2383],"class_list":["post-42932","post","type-post","status-publish","format-standard","has-post-thumbnail","hentry","category-nouvelles-de-laci","tag-featured-fr-2"],"aioseo_notices":[],"_links":{"self":[{"href":"https:\/\/archive.cafe.crea.ca\/fr\/wp-json\/wp\/v2\/posts\/42932"}],"collection":[{"href":"https:\/\/archive.cafe.crea.ca\/fr\/wp-json\/wp\/v2\/posts"}],"about":[{"href":"https:\/\/archive.cafe.crea.ca\/fr\/wp-json\/wp\/v2\/types\/post"}],"author":[{"embeddable":true,"href":"https:\/\/archive.cafe.crea.ca\/fr\/wp-json\/wp\/v2\/users\/123"}],"replies":[{"embeddable":true,"href":"https:\/\/archive.cafe.crea.ca\/fr\/wp-json\/wp\/v2\/comments?post=42932"}],"version-history":[{"count":1,"href":"https:\/\/archive.cafe.crea.ca\/fr\/wp-json\/wp\/v2\/posts\/42932\/revisions"}],"predecessor-version":[{"id":42933,"href":"https:\/\/archive.cafe.crea.ca\/fr\/wp-json\/wp\/v2\/posts\/42932\/revisions\/42933"}],"wp:featuredmedia":[{"embeddable":true,"href":"https:\/\/archive.cafe.crea.ca\/fr\/wp-json\/wp\/v2\/media\/42928"}],"wp:attachment":[{"href":"https:\/\/archive.cafe.crea.ca\/fr\/wp-json\/wp\/v2\/media?parent=42932"}],"wp:term":[{"taxonomy":"category","embeddable":true,"href":"https:\/\/archive.cafe.crea.ca\/fr\/wp-json\/wp\/v2\/categories?post=42932"},{"taxonomy":"post_tag","embeddable":true,"href":"https:\/\/archive.cafe.crea.ca\/fr\/wp-json\/wp\/v2\/tags?post=42932"},{"taxonomy":"author","embeddable":true,"href":"https:\/\/archive.cafe.crea.ca\/fr\/wp-json\/wp\/v2\/coauthors?post=42932"}],"curies":[{"name":"wp","href":"https:\/\/api.w.org\/{rel}","templated":true}]}}