{"id":42888,"date":"2023-04-24T15:54:36","date_gmt":"2023-04-24T19:54:36","guid":{"rendered":"https:\/\/archive.cafe.crea.ca\/?p=42888"},"modified":"2023-04-24T15:54:39","modified_gmt":"2023-04-24T19:54:39","slug":"linitiative-blacknorth-donne-aux-familles-noires-un-nouveau-moyen-dacceder-a-la-propriete","status":"publish","type":"post","link":"https:\/\/archive.cafe.crea.ca\/fr\/linitiative-blacknorth-donne-aux-familles-noires-un-nouveau-moyen-dacceder-a-la-propriete\/","title":{"rendered":"L\u2019Initiative BlackNorth donne aux familles noires un nouveau moyen d\u2019acc\u00e9der \u00e0 la propri\u00e9t\u00e9"},"content":{"rendered":"\n<p>L\u2019achat d\u2019une propri\u00e9t\u00e9 repr\u00e9sente l\u2019investissement le plus important que la plupart des familles canadiennes r\u00e9aliseront, et il sert souvent de base \u00e0 la cr\u00e9ation d\u2019un patrimoine. Or, les familles n\u2019ont pas toutes des chances \u00e9gales d\u2019acheter la r\u00e9sidence de leurs r\u00eaves.<\/p>\n\n\n\n<p>Un nouveau programme de l\u2019<a href=\"https:\/\/blacknorth.ca\/\" target=\"_blank\" rel=\"noreferrer noopener\">Initiative BlackNorth (BNI)<\/a> promet de refermer l\u2019\u00e9cart entre les Canadiens noirs et le reste de la population en mati\u00e8re d\u2019accession \u00e0 la propri\u00e9t\u00e9, ce qui donne de l\u2019espoir aux familles noires de classe moyenne partout au pays.<\/p>\n\n\n\n<h2 class=\"wp-block-heading\">Engagement des chefs de la direction<\/h2>\n\n\n\n<p>L\u2019Association canadienne de l\u2019immobilier (ACI) est fi\u00e8re de s\u2019associer \u00e0 la BNI en tant que signataire de son Engagement des chefs de la direction. Elle s\u2019est ainsi engag\u00e9e \u00e0 <a href=\"https:\/\/www.crea.ca\/fr\/a-propos\/notre-mission\/nos-valeurs-et-nos-engagements-en-matiere-de-deia\/\" target=\"_blank\" rel=\"noreferrer noopener\">am\u00e9liorer la repr\u00e9sentation<\/a> des personnes noires au sein de son personnel et de sa direction. Promettant publiquement de s\u2019attaquer au racisme anti-Noir, les signataires de l\u2019Engagement prennent des mesures pour atteindre sept\u00a0objectifs qui auront notamment une incidence sur les pratiques de recrutement, la composition des \u00e9quipes de cadres et des conseils d\u2019administration, et l\u2019affectation des dons et des commandites.<\/p>\n\n\n\n<p>Forte du succ\u00e8s de l\u2019Engagement, la BNI a adopt\u00e9 un \u00e9tat d\u2019esprit ax\u00e9 sur les affaires pour \u00e9tablir des programmes qui appuieront les groupes en qu\u00eate d\u2019\u00e9quit\u00e9, en particulier les Canadiens noirs. Pour ouvrir des portes aux familles noires de tout le pays, la BNI a con\u00e7u un programme d\u2019accession \u00e0 la propri\u00e9t\u00e9. Financ\u00e9 par le gouvernement du Canada et offert en partenariat avec la <a href=\"https:\/\/dreamlegacy.org\/\" target=\"_blank\" rel=\"noreferrer noopener\">Dream Legacy Foundation (DLF)<\/a> et <a href=\"https:\/\/habitatgta.ca\/\" target=\"_blank\" rel=\"noreferrer noopener\">Habitat pour l\u2019humanit\u00e9 Toronto<\/a>, le <a href=\"https:\/\/blacknorth.ca\/programs\/bni-homeownership-bridge-program\/\" target=\"_blank\" rel=\"noreferrer noopener\">Programme de transition vers l\u2019accession \u00e0 la propri\u00e9t\u00e9<\/a> de la BNI en est \u00e0 sa premi\u00e8re ann\u00e9e.<\/p>\n\n\n\n<figure class=\"wp-block-image size-full is-resized\"><img loading=\"lazy\" decoding=\"async\" src=\"https:\/\/archive.cafe.crea.ca\/wp-content\/uploads\/2023\/01\/Insights-2023-cafe.jpg\" alt=\"\" class=\"wp-image-42359\" width=\"600\" height=\"315\" srcset=\"https:\/\/archive.cafe.crea.ca\/wp-content\/uploads\/2023\/01\/Insights-2023-cafe.jpg 1200w, https:\/\/archive.cafe.crea.ca\/wp-content\/uploads\/2023\/01\/Insights-2023-cafe-768x403.jpg 768w, https:\/\/archive.cafe.crea.ca\/wp-content\/uploads\/2023\/01\/Insights-2023-cafe-1088x571.jpg 1088w\" sizes=\"(max-width: 600px) 100vw, 600px\" \/><\/figure>\n\n\n\n<h2 class=\"wp-block-heading\">Programme de transition vers l\u2019accession \u00e0 la propri\u00e9t\u00e9<\/h2>\n\n\n\n<p>\u00ab&nbsp;Apr\u00e8s les innombrables r\u00e9unions sur cette initiative, o\u00f9 nous nous demandions si elle serait approuv\u00e9e, et si le gouvernement, les entrepreneurs et la communaut\u00e9 l\u2019appuieraient, c\u2019est tr\u00e8s gratifiant de voir ces premi\u00e8res r\u00e9ussites&nbsp;\u00bb, explique Isaac&nbsp;Olowolafe Jr., fondateur de la DLF.&nbsp;<\/p>\n\n\n\n<p>Dans le cadre du partenariat, la DLF s\u2019occupe du processus de demande, des relations avec la communaut\u00e9 et des communications avec les familles, tandis qu\u2019Habitat pour l\u2019humanit\u00e9 Toronto aide \u00e0 l\u2019acquisition des propri\u00e9t\u00e9s qui seront achet\u00e9es dans le cadre du programme. La BNI administre le programme et coordonne l\u2019ensemble des activit\u00e9s.<\/p>\n\n\n\n<p>Ce programme vise \u00e0 r\u00e9gler un probl\u00e8me g\u00e9n\u00e9rationnel urgent.<\/p>\n\n\n\n<p>En 2018, <a href=\"https:\/\/www150.statcan.gc.ca\/n1\/pub\/46-28-0001\/2021001\/article\/00006-fra.htm\" target=\"_blank\" rel=\"noreferrer noopener\">des donn\u00e9es de Statistique Canada<\/a> ont confirm\u00e9 ce que les communaut\u00e9s noires du Canada savaient d\u00e9j\u00e0\u00a0: l\u2019accession \u00e0 la propri\u00e9t\u00e9 est un r\u00eave impossible pour une grande partie d\u2019entre elles. Seulement 48\u00a0% de la population noire vivait cette ann\u00e9e-l\u00e0 dans un logement appartenant \u00e0 un membre de leur m\u00e9nage, alors que la moyenne nationale \u00e9tait de 73\u00a0%.<\/p>\n\n\n\n<p>Pour aider plus de m\u00e9nages noirs \u00e0 devenir propri\u00e9taires, la BNI a cherch\u00e9 des partenaires qui auraient \u00e0 c\u0153ur d\u2019aider ces familles \u00e0 acc\u00e9der \u00e0 un avenir meilleur.<\/p>\n\n\n\n<p>\u00ab&nbsp;Dans certaines communaut\u00e9s, certaines cultures et certains milieux, l\u2019acc\u00e8s \u00e0 la propri\u00e9t\u00e9 va de soi, mais pas pour nous. Cela ne fait pas partie de notre \u00e9ducation, on ne nous l\u2019a jamais pr\u00e9sent\u00e9 comme une option&nbsp;\u00bb, explique Dahabo&nbsp;Ahmed-Omer, directrice g\u00e9n\u00e9rale de la BNI.<\/p>\n\n\n\n<p>\u00ab&nbsp;C\u2019est notre r\u00e9alit\u00e9 \u00e0 l\u2019heure actuelle. Les choses changent, \u00e9videmment&nbsp;\u2013&nbsp;le travail de l\u2019ACI et notre travail portent leurs fruits&nbsp;\u2013&nbsp;mais c\u2019est encore difficile \u00e0 accepter pour la plupart des communaut\u00e9s noires, parce que l\u2019acc\u00e8s \u00e0 la propri\u00e9t\u00e9 n\u2019a jamais \u00e9t\u00e9 une option pour elles.&nbsp;\u00bb<\/p>\n\n\n\n<p><a href=\"https:\/\/toronto.ctvnews.ca\/feds-commit-10-million-to-help-200-black-families-in-gta-buy-their-first-home-1.5786938\" target=\"_blank\" rel=\"noreferrer noopener\">Lors d\u2019une conf\u00e9rence de presse en f\u00e9vrier\u00a02022<\/a>, l\u2019honorable Ahmed\u00a0Hussen, ministre du Logement et de la Diversit\u00e9 et de l\u2019Inclusion, a annonc\u00e9 un financement f\u00e9d\u00e9ral de 10\u00a0millions de dollars pour la premi\u00e8re phase du Programme de transition vers l\u2019accession \u00e0 la propri\u00e9t\u00e9, ce qui allait aider 200\u00a0familles \u00e0 acheter leur premi\u00e8re r\u00e9sidence dans le Grand Toronto. Pour aider encore plus de familles \u00e0 devenir propri\u00e9taires, la BNI pr\u00e9voit offrir le programme \u00e0 d\u2019autres collectivit\u00e9s apr\u00e8s la conclusion de la premi\u00e8re phase, en tirant parti du r\u00e9seau sans cesse grandissant de relations que la DLF entretient avec des communaut\u00e9s de partout au pays.<\/p>\n\n\n\n<figure class=\"wp-block-image size-full is-resized\"><img loading=\"lazy\" decoding=\"async\" src=\"https:\/\/archive.cafe.crea.ca\/wp-content\/uploads\/2022\/07\/Social_happy-black-family-moving_1200x630px.jpg\" alt=\"Family unpacking moving boxes.\" class=\"wp-image-41174\" width=\"600\" height=\"315\" srcset=\"https:\/\/archive.cafe.crea.ca\/wp-content\/uploads\/2022\/07\/Social_happy-black-family-moving_1200x630px.jpg 1200w, https:\/\/archive.cafe.crea.ca\/wp-content\/uploads\/2022\/07\/Social_happy-black-family-moving_1200x630px-768x403.jpg 768w, https:\/\/archive.cafe.crea.ca\/wp-content\/uploads\/2022\/07\/Social_happy-black-family-moving_1200x630px-1088x571.jpg 1088w\" sizes=\"(max-width: 600px) 100vw, 600px\" \/><\/figure>\n\n\n\n<h2 class=\"wp-block-heading\">Obstacles syst\u00e9miques<\/h2>\n\n\n\n<p>\u00ab&nbsp;Dans tous les aspects de la soci\u00e9t\u00e9, les Canadiens noirs se butent \u00e0 des obstacles syst\u00e9miques, y compris pour se trouver un foyer abordable et s\u00e9curitaire&nbsp;\u00bb, a d\u00e9clar\u00e9 le ministre Hussen au moment de l\u2019annonce. \u00ab&nbsp;Nous voyons constamment les besoins en logement des Canadiens noirs augmenter, pourtant ils sont toujours bien moins nombreux \u00e0 devenir propri\u00e9taires par rapport \u00e0 la population moyenne. Nous reconnaissons qu\u2019il y a l\u00e0 un enjeu syst\u00e9mique qui doit \u00eatre r\u00e9gl\u00e9.&nbsp;\u00bb<\/p>\n\n\n\n<p>Jusqu\u2019\u00e0 pr\u00e9sent, M<sup>me<\/sup>&nbsp;Ahmed-Omer croit que l\u2019accession \u00e0 la propri\u00e9t\u00e9 \u00ab&nbsp;avait toujours repr\u00e9sent\u00e9 un d\u00e9fi pour les communaut\u00e9s noires. Elles ne croient pas appartenir \u00e0 ce monde-l\u00e0, et c\u2019est ce que nous voulons changer, parce qu\u2019il est possible de cr\u00e9er des occasions. Elles ne se permettent m\u00eame pas d\u2019y r\u00eaver parce qu\u2019elles n\u2019ont pas acc\u00e8s \u00e0 cette possibilit\u00e9 depuis des g\u00e9n\u00e9rations.&nbsp;\u00bb <a href=\"https:\/\/blacknorth.ca\/programs\/bni-homeownership-bridge-program\/\">Selon la BNI<\/a>, le logement \u00e0 Toronto est fortement racialis\u00e9&nbsp;\u2013&nbsp;75&nbsp;% des r\u00e9sidents qui s\u2019identifient comme blancs ont un revenu sup\u00e9rieur \u00e0 la moyenne et sont propri\u00e9taires, tandis que 69&nbsp;% des r\u00e9sidents qui sont racialis\u00e9s ont un revenu inf\u00e9rieur et sont locataires. En parall\u00e8le, le prix d\u2019une maison familiale, qui repr\u00e9sentait 4 \u00e0 4,5&nbsp;fois le revenu moyen en 1990, est pass\u00e9 aujourd\u2019hui \u00e0 15 \u00e0 16&nbsp;fois ce revenu. \u00ab&nbsp;L\u2019accession \u00e0 la propri\u00e9t\u00e9 a permis \u00e0 des g\u00e9n\u00e9rations de Canadiens d\u2019accumuler des capitaux propres pour d\u00e9marrer des entreprises, soutenir les \u00e9tudes postsecondaires des enfants, assurer la retraite et transf\u00e9rer la richesse aux enfants, cependant, la communaut\u00e9 noire a \u00e9t\u00e9 laiss\u00e9e de c\u00f4t\u00e9.&nbsp;\u00bb<\/p>\n\n\n\n<p>Le programme de la BNI donne aux familles admissibles un acc\u00e8s \u00e0 la propri\u00e9t\u00e9, mais nombre de familles ne r\u00e9pondent pas \u00e0 ses crit\u00e8res actuels. M<sup>me&nbsp;<\/sup>Ahmed-Omer a bon espoir que ces familles pourront y avoir acc\u00e8s dans l\u2019avenir, et juge n\u00e9cessaire d\u2019accro\u00eetre la litt\u00e9ratie financi\u00e8re au sein de la communaut\u00e9 noire&nbsp;\u2013&nbsp;un facteur cl\u00e9 de la r\u00e9ussite du programme \u00e0 long terme.<\/p>\n\n\n\n<p>\u00ab&nbsp;Le principal probl\u00e8me au sein de la communaut\u00e9, c\u2019est que ses membres ne savent pas o\u00f9 se trouve le manque \u00e0 gagner. Non seulement nous les aidons \u00e0 le rep\u00e9rer, mais nous int\u00e9grons de la formation et des occasions d\u2019apprentissage au programme. Il s\u2019agit un peu d\u2019un guichet unique&nbsp;: si vous \u00eates admissible, pr\u00e9sentez une demande ici, suivez le processus ici, et vous pourrez avoir une propri\u00e9t\u00e9 ici; si vous n\u2019\u00eates pas admissible, voici comment vous pouvez le devenir. Cet enseignement a autant d\u2019importance que le reste.&nbsp;\u00bb<\/p>\n\n\n\n<p>Conform\u00e9ment \u00e0 cette approche ax\u00e9e sur le client, la BNI tenait \u00e0 trouver une entreprise appartenant \u00e0 des personnes noires bien \u00e9tablie dans le secteur du logement pour s\u2019occuper des relations avec les familles participantes. \u00ab&nbsp;Il \u00e9tait essentiel pour nous que le volet des relations soit assur\u00e9 par des membres de la communaut\u00e9 noire, parce qu\u2019ils sont bien plac\u00e9s pour comprendre la situation des familles participantes. Nous voulions trouver un partenaire qui pourrait tisser ce genre de liens&nbsp;\u00bb, explique M<sup>me<\/sup>&nbsp;Ahmed-Omer.<\/p>\n\n\n\n<p>Selon la DLF, la communaut\u00e9 noire a non seulement \u00e9t\u00e9 laiss\u00e9e pour compte en mati\u00e8re d\u2019acc\u00e8s \u00e0 la propri\u00e9t\u00e9, mais dans tout le secteur du logement. Dans le cadre de sa strat\u00e9gie globale, la fondation veut donner aux petites entreprises et aux travailleurs noirs des occasions dans le secteur des m\u00e9tiers sp\u00e9cialis\u00e9s et dans l\u2019industrie multimillionnaire de la construction, ce qui stimulera la situation \u00e9conomique dans la communaut\u00e9 noire.<\/p>\n\n\n\n<p>Selon M.&nbsp;Olowolafe, le Programme de transition vers l\u2019accession \u00e0 la propri\u00e9t\u00e9 aura des retomb\u00e9es \u00e0 trois&nbsp;niveaux. \u00ab&nbsp;Premi\u00e8rement, le programme permettra \u00e0 200&nbsp;familles de devenir propri\u00e9taires. Deuxi\u00e8mement, on pourra tirer parti de cette r\u00e9ussite pour trouver un toit \u00e0 des milliers de familles au Canada. Troisi\u00e8mement, on pourra int\u00e9grer la cha\u00eene d\u2019approvisionnement qui fournit ces logements.&nbsp;\u00bb<\/p>\n\n\n\n<p>La BNI juge que la r\u00e9ussite du programme transpara\u00eetra \u00e9galement dans la mani\u00e8re dont les familles participantes pourront mener leur vie. Elles auront une plus grande stabilit\u00e9 financi\u00e8re, elles pourront aider leurs enfants qui veulent faire des \u00e9tudes postsecondaires, elles prendront des vacances, bref, elles s\u2019\u00e9panouiront tout en augmentant leur capital.<\/p>\n\n\n\n<p>\u00ab&nbsp;Ces personnes pourront dire&nbsp;: \u201cVoici ma maison, j\u2019y ai construit ma famille, mes enfants ont grandi ici, et maintenant je peux la l\u00e9guer.\u201d Voil\u00e0 ce qui, selon moi, fera la r\u00e9ussite du programme&nbsp;\u00bb, conclut M<sup>me<\/sup>&nbsp;Ahmed-Omer.<\/p>\n","protected":false},"excerpt":{"rendered":"<p>Un nouveau programme de l\u2019Initiative BlackNorth (BNI) promet de refermer l\u2019\u00e9cart entre les Canadiens noirs et le reste de la population en mati\u00e8re d\u2019accession \u00e0 la propri\u00e9t\u00e9, ce qui donne de l\u2019espoir aux familles noires de classe moyenne partout au pays.<\/p>\n","protected":false},"author":194,"featured_media":42886,"comment_status":"open","ping_status":"open","sticky":false,"template":"","format":"standard","meta":{"footnotes":""},"categories":[2369],"tags":[2380],"coauthors":[2464],"class_list":["post-42888","post","type-post","status-publish","format-standard","has-post-thumbnail","hentry","category-defense-des-interets","tag-featured-fr-2"],"aioseo_notices":[],"_links":{"self":[{"href":"https:\/\/archive.cafe.crea.ca\/fr\/wp-json\/wp\/v2\/posts\/42888"}],"collection":[{"href":"https:\/\/archive.cafe.crea.ca\/fr\/wp-json\/wp\/v2\/posts"}],"about":[{"href":"https:\/\/archive.cafe.crea.ca\/fr\/wp-json\/wp\/v2\/types\/post"}],"author":[{"embeddable":true,"href":"https:\/\/archive.cafe.crea.ca\/fr\/wp-json\/wp\/v2\/users\/194"}],"replies":[{"embeddable":true,"href":"https:\/\/archive.cafe.crea.ca\/fr\/wp-json\/wp\/v2\/comments?post=42888"}],"version-history":[{"count":1,"href":"https:\/\/archive.cafe.crea.ca\/fr\/wp-json\/wp\/v2\/posts\/42888\/revisions"}],"predecessor-version":[{"id":42890,"href":"https:\/\/archive.cafe.crea.ca\/fr\/wp-json\/wp\/v2\/posts\/42888\/revisions\/42890"}],"wp:featuredmedia":[{"embeddable":true,"href":"https:\/\/archive.cafe.crea.ca\/fr\/wp-json\/wp\/v2\/media\/42886"}],"wp:attachment":[{"href":"https:\/\/archive.cafe.crea.ca\/fr\/wp-json\/wp\/v2\/media?parent=42888"}],"wp:term":[{"taxonomy":"category","embeddable":true,"href":"https:\/\/archive.cafe.crea.ca\/fr\/wp-json\/wp\/v2\/categories?post=42888"},{"taxonomy":"post_tag","embeddable":true,"href":"https:\/\/archive.cafe.crea.ca\/fr\/wp-json\/wp\/v2\/tags?post=42888"},{"taxonomy":"author","embeddable":true,"href":"https:\/\/archive.cafe.crea.ca\/fr\/wp-json\/wp\/v2\/coauthors?post=42888"}],"curies":[{"name":"wp","href":"https:\/\/api.w.org\/{rel}","templated":true}]}}