{"id":42865,"date":"2023-04-17T15:39:54","date_gmt":"2023-04-17T19:39:54","guid":{"rendered":"https:\/\/archive.cafe.crea.ca\/?p=42865"},"modified":"2023-04-17T15:39:57","modified_gmt":"2023-04-17T19:39:57","slug":"la-banque-du-canada-maintient-son-taux-directeur-au-meme-niveau","status":"publish","type":"post","link":"https:\/\/archive.cafe.crea.ca\/fr\/la-banque-du-canada-maintient-son-taux-directeur-au-meme-niveau\/","title":{"rendered":"La Banque du Canada maintient son taux directeur au m\u00eame niveau"},"content":{"rendered":"\n<p>La Banque du Canada a d\u00e9cid\u00e9 encore une fois de maintenir son taux cible de financement \u00e0 un jour \u00e0 4,5&nbsp;%, tout en poursuivant sa politique de resserrement quantitatif.<\/p>\n\n\n\n<p>La Banque a indiqu\u00e9 que la croissance \u00e9conomique mondiale a \u00e9t\u00e9 plus forte que pr\u00e9vu, mais a ajout\u00e9 que cette croissance devrait fl\u00e9chir en raison du resserrement des politiques mon\u00e9taires dans de nombreux pays. La Banque a not\u00e9 en particulier qu\u2019un ralentissement attendu dans certains secteurs am\u00e9ricains aura un impact sur les exportations canadiennes.<\/p>\n\n\n\n<p><a href=\"https:\/\/stats.crea.ca\/fr-CA\/stats\/ZtDiHSNyWRJYz57YMk7aX\/\" target=\"_blank\" rel=\"noreferrer noopener\">La Banque estime <\/a>que la croissance \u00e9conomique au Canada au premier trimestre est sup\u00e9rieure aux projections, ajoutant que les p\u00e9nuries de travailleurs commencent \u00e0 s\u2019att\u00e9nuer en raison de la tr\u00e8s forte croissance de la population. La Banque soutient que l\u2019activit\u00e9 sur le march\u00e9 du logement demeure faible et que la consommation devrait se mod\u00e9rer \u00e0 mesure que davantage de m\u00e9nages renouvelleront leur pr\u00eat hypoth\u00e9caire \u00e0 des taux plus \u00e9lev\u00e9s. La Banque anticipe une croissance du PIB canadien de 1,4\u00a0% en 2023, de 1,3\u00a0% en 2024 et de 2,5\u00a0% en 2025.<\/p>\n\n\n\n<p>La Banque s\u2019attend \u00e0 ce que l\u2019inflation mesur\u00e9e par l\u2019IPC diminue l\u00e9g\u00e8rement pour atteindre environ 3&nbsp;% d\u2019ici le milieu de 2023, et qu\u2019elle continue de baisser pour revenir \u00e0 sa cible de 2&nbsp;% avant la fin de 2024. Cependant, la Banque a indiqu\u00e9 que l\u2019inflation des prix des services et la croissance des salaires constituaient deux&nbsp;risques pour ses pr\u00e9visions de l\u2019inflation qui pourraient rendre difficile l\u2019atteinte de ce taux cible, et elle demeure pr\u00eate \u00e0 relever encore le taux directeur si n\u00e9cessaire afin de r\u00e9aliser son objectif.<\/p>\n\n\n\n<p>La prochaine annonce de la Banque du Canada du taux d\u2019int\u00e9r\u00eat est fix\u00e9e au 7&nbsp;juin&nbsp;2023. Elle publiera une mise \u00e0 jour de son Rapport sur la politique mon\u00e9taire le 12&nbsp;juillet&nbsp;2023.<\/p>\n","protected":false},"excerpt":{"rendered":"<p>La Banque du Canada a d\u00e9cid\u00e9 encore une fois de maintenir son taux cible de financement \u00e0 un jour \u00e0 4,5\u00a0%, tout en poursuivant sa politique de resserrement quantitatif.<\/p>\n","protected":false},"author":130,"featured_media":42860,"comment_status":"open","ping_status":"open","sticky":false,"template":"","format":"standard","meta":{"footnotes":""},"categories":[2367],"tags":[2380],"coauthors":[2388],"class_list":["post-42865","post","type-post","status-publish","format-standard","has-post-thumbnail","hentry","category-statistiques","tag-featured-fr-2"],"aioseo_notices":[],"_links":{"self":[{"href":"https:\/\/archive.cafe.crea.ca\/fr\/wp-json\/wp\/v2\/posts\/42865"}],"collection":[{"href":"https:\/\/archive.cafe.crea.ca\/fr\/wp-json\/wp\/v2\/posts"}],"about":[{"href":"https:\/\/archive.cafe.crea.ca\/fr\/wp-json\/wp\/v2\/types\/post"}],"author":[{"embeddable":true,"href":"https:\/\/archive.cafe.crea.ca\/fr\/wp-json\/wp\/v2\/users\/130"}],"replies":[{"embeddable":true,"href":"https:\/\/archive.cafe.crea.ca\/fr\/wp-json\/wp\/v2\/comments?post=42865"}],"version-history":[{"count":1,"href":"https:\/\/archive.cafe.crea.ca\/fr\/wp-json\/wp\/v2\/posts\/42865\/revisions"}],"predecessor-version":[{"id":42866,"href":"https:\/\/archive.cafe.crea.ca\/fr\/wp-json\/wp\/v2\/posts\/42865\/revisions\/42866"}],"wp:featuredmedia":[{"embeddable":true,"href":"https:\/\/archive.cafe.crea.ca\/fr\/wp-json\/wp\/v2\/media\/42860"}],"wp:attachment":[{"href":"https:\/\/archive.cafe.crea.ca\/fr\/wp-json\/wp\/v2\/media?parent=42865"}],"wp:term":[{"taxonomy":"category","embeddable":true,"href":"https:\/\/archive.cafe.crea.ca\/fr\/wp-json\/wp\/v2\/categories?post=42865"},{"taxonomy":"post_tag","embeddable":true,"href":"https:\/\/archive.cafe.crea.ca\/fr\/wp-json\/wp\/v2\/tags?post=42865"},{"taxonomy":"author","embeddable":true,"href":"https:\/\/archive.cafe.crea.ca\/fr\/wp-json\/wp\/v2\/coauthors?post=42865"}],"curies":[{"name":"wp","href":"https:\/\/api.w.org\/{rel}","templated":true}]}}