{"id":42829,"date":"2023-04-11T15:01:57","date_gmt":"2023-04-11T19:01:57","guid":{"rendered":"https:\/\/archive.cafe.crea.ca\/?p=42829"},"modified":"2023-04-12T12:03:53","modified_gmt":"2023-04-12T16:03:53","slug":"taxe-canadienne-sur-les-logements-sous-utilises-ce-quil-faut-savoir","status":"publish","type":"post","link":"https:\/\/archive.cafe.crea.ca\/fr\/taxe-canadienne-sur-les-logements-sous-utilises-ce-quil-faut-savoir\/","title":{"rendered":"Taxe canadienne sur les logements sous-utilis\u00e9s\u00a0: ce qu\u2019il faut savoir"},"content":{"rendered":"\n<p>Pour l\u2019exercice&nbsp;2022, le gouvernement f\u00e9d\u00e9ral a instaur\u00e9 une taxe annuelle de 1&nbsp;% sur les biens immobiliers r\u00e9sidentiels vacants ou sous-utilis\u00e9s appartenant \u00e0 des propri\u00e9taires non r\u00e9sidents et non canadiens. Cette taxe touche \u00e9galement certains propri\u00e9taires canadiens dans des situations particuli\u00e8res.<\/p>\n\n\n\n<p>La&nbsp;<em>Loi sur la taxe sur les logements sous-utilis\u00e9s<\/em>&nbsp;(la&nbsp;<em>Loi<\/em>) oblige les personnes assujetties \u00e0 produire une d\u00e9claration annuelle (certaines exemptions s\u2019appliquent) et \u00e0 payer une taxe de 1&nbsp;% de la valeur de l\u2019immeuble. La date limite pour l\u2019exercice&nbsp;2022 est le&nbsp;<strong>30&nbsp;avril&nbsp;2023<\/strong>.<\/p>\n\n\n\n<p>Au d\u00e9part, le gouvernement avait laiss\u00e9 entendre que seuls les non-r\u00e9sidents seraient touch\u00e9s. La&nbsp;<em>Loi<\/em>&nbsp;est toutefois plus large que pr\u00e9vu. Nous recommandons \u00e0 vos clients de consulter un fiscaliste en cas de doute. Par ailleurs, sachez que certaines provinces, certains territoires et certaines municipalit\u00e9s per\u00e7oivent leur propre taxe sur les immeubles vacants. Renseignez-vous sur les r\u00e8gles applicables et leurs incidences pour vos clients.<\/p>\n\n\n\n<p><strong><u>Qui doit payer cette taxe?<\/u><\/strong><\/p>\n\n\n\n<p>La&nbsp;<em>Loi<\/em>&nbsp;impose une taxe \u00e0 tout contribuable qui, au&nbsp;<strong>31&nbsp;d\u00e9cembre<\/strong>&nbsp;d\u2019une ann\u00e9e civile, est propri\u00e9taire d\u2019un immeuble r\u00e9sidentiel au Canada et n\u2019est ni un \u00ab&nbsp;propri\u00e9taire exclu&nbsp;\u00bb ni une personne vis\u00e9e par les diff\u00e9rentes exemptions. Les propri\u00e9taires d\u2019immeubles r\u00e9sidentiels sont s\u00e9par\u00e9s en deux&nbsp;cat\u00e9gories&nbsp;: les propri\u00e9taires exclus et les propri\u00e9taires assujettis.<\/p>\n\n\n\n<ol class=\"wp-block-list\"><li><strong>Propri\u00e9taires exclus<br><\/strong>La&nbsp;<em>Loi<\/em>&nbsp;ne s\u2019applique pas aux \u00ab&nbsp;propri\u00e9taires exclus&nbsp;\u00bb. Ces propri\u00e9taires, qui comprennent les citoyens canadiens et les r\u00e9sidents permanents, n\u2019ont aucune d\u00e9claration \u00e0 produire et aucune taxe \u00e0 payer. Une liste compl\u00e8te des propri\u00e9taires exclus est disponible sur la&nbsp;<a href=\"https:\/\/www.canada.ca\/fr\/services\/impots\/taxes-daccise-droits-et-prelevements\/taxe-sur-les-logements-sous-utilises.html\" target=\"_blank\" rel=\"noreferrer noopener\">page Web du gouvernement du Canada<\/a>.<\/li><li><strong>Propri\u00e9taires assujettis<br><\/strong>Tous les propri\u00e9taires assujettis (principalement des non-Canadiens, mais aussi certains Canadiens) doivent produire une d\u00e9claration pour chacun de leurs immeubles, m\u00eame s\u2019ils ne sont pas tenus de payer la taxe en raison d\u2019une exemption. Une liste compl\u00e8te des propri\u00e9taires assujettis est disponible sur la&nbsp;<a href=\"https:\/\/www.canada.ca\/fr\/services\/impots\/taxes-daccise-droits-et-prelevements\/taxe-sur-les-logements-sous-utilises.html\" target=\"_blank\" rel=\"noreferrer noopener\">page Web du gouvernement du Canada<\/a>.<\/li><\/ol>\n\n\n\n<p>Il existe deux&nbsp;sous-cat\u00e9gories de propri\u00e9taires assujettis&nbsp;:<\/p>\n\n\n\n<ol class=\"wp-block-list\"><li>Certains propri\u00e9taires doivent produire une d\u00e9claration, mais n\u2019ont aucune taxe \u00e0 payer en raison d\u2019une&nbsp;exemption. Pour conna\u00eetre toutes les exemptions, consultez la&nbsp;<a href=\"https:\/\/www.canada.ca\/fr\/services\/impots\/taxes-daccise-droits-et-prelevements\/taxe-sur-les-logements-sous-utilises.html\" target=\"_blank\" rel=\"noreferrer noopener\">page Web du gouvernement du Canada<\/a>.<\/li><li>D\u2019autres propri\u00e9taires doivent produire une d\u00e9claration et payer une taxe de 1&nbsp;%.<\/li><\/ol>\n\n\n\n<p><strong><u>Quelles sont les exemptions possibles?<\/u><\/strong><\/p>\n\n\n\n<p>Le propri\u00e9taire d\u2019un immeuble r\u00e9sidentiel peut \u00eatre exempt\u00e9 de la taxe pour une ann\u00e9e civile, en fonction des \u00e9l\u00e9ments suivants&nbsp;:<\/p>\n\n\n\n<ul class=\"wp-block-list\"><li>le type de propri\u00e9taire;<\/li><li>la disponibilit\u00e9 de l\u2019immeuble r\u00e9sidentiel;<\/li><li>l\u2019emplacement et l\u2019utilisation de l\u2019immeuble r\u00e9sidentiel;<\/li><li>l\u2019occupant de l\u2019immeuble r\u00e9sidentiel.<\/li><\/ul>\n\n\n\n<p>De l\u2019information d\u00e9taill\u00e9e sur ces exemptions se trouve sur la&nbsp;<a href=\"https:\/\/www.canada.ca\/fr\/services\/impots\/taxes-daccise-droits-et-prelevements\/taxe-sur-les-logements-sous-utilises.html\" target=\"_blank\" rel=\"noreferrer noopener\">page Web du gouvernement du Canada<\/a>.<\/p>\n\n\n\n<p><strong><u>Les propri\u00e9taires assujettis doivent-ils produire une d\u00e9claration s\u2019ils n\u2019ont pas de taxe \u00e0 payer?<\/u><\/strong><\/p>\n\n\n\n<p>Tous les propri\u00e9taires assujettis&nbsp;<strong>doivent<\/strong>&nbsp;produire une d\u00e9claration pour&nbsp;chacun de leurs immeubles r\u00e9sidentiels&nbsp;situ\u00e9s au Canada pour l\u2019ann\u00e9e civile. Le propri\u00e9taire qui ne produit pas sa d\u00e9claration d\u2019ici le&nbsp;<strong>30&nbsp;avril&nbsp;2023<\/strong>&nbsp;s\u2019expose \u00e0 une amende de 5&nbsp;000&nbsp;$ \u00e0 10&nbsp;000&nbsp;$ par d\u00e9claration, m\u00eame s\u2019il est exempt\u00e9 de la taxe.<\/p>\n\n\n\n<p>Pour en savoir plus, consultez la nouvelle\u00a0<a href=\"https:\/\/www.canada.ca\/fr\/services\/impots\/taxes-daccise-droits-et-prelevements\/taxe-sur-les-logements-sous-utilises.html\" target=\"_blank\" rel=\"noreferrer noopener\">page Web sur la\u00a0<em>Loi<\/em><\/a>\u00a0de l\u2019Agence du revenu du Canada (ARC), o\u00f9 vous trouverez notamment le nouveau formulaire de d\u00e9claration et des\u00a0<a href=\"https:\/\/www.canada.ca\/fr\/services\/impots\/taxes-daccise-droits-et-prelevements\/taxe-sur-les-logements-sous-utilises\/renseignements-techniques-taxe-logements-sous-utilises\/avis-taxe-logements-sous-utilises.html\" target=\"_blank\" rel=\"noreferrer noopener\">renseignements techniques<\/a>.<\/p>\n\n\n\n<p><\/p>\n\n\n\n<p><em>Remarque\u00a0: Le 27\u00a0mars\u00a02023, <a href=\"https:\/\/www.canada.ca\/fr\/agence-revenu\/nouvelles\/salle-presse\/conseils-fiscaux\/conseils-fiscaux-2023\/agence-renonce-penalites-interets-lies-taxe-logements-sous-utilises.html\" target=\"_blank\" rel=\"noreferrer noopener\">le gouvernement a annonc\u00e9<\/a> qu\u2019il renoncera \u00e0 l\u2019application des p\u00e9nalit\u00e9s et int\u00e9r\u00eats li\u00e9s \u00e0 la TLSU pour l\u2019ann\u00e9e civile\u00a02022 pour toute d\u00e9claration produite en retard et pour tout paiement tardif, \u00e0 condition que la d\u00e9claration soit produite et que la TLSU soit pay\u00e9e avant le 31\u00a0octobre\u00a02023.<\/em><\/p>\n\n\n\n<p><em>L\u2019article ci-dessus est publi\u00e9 \u00e0 titre informatif; il ne constitue nullement des conseils juridiques ou financiers et ne saurait remplacer un conseiller juridique.<\/em><\/p>\n","protected":false},"excerpt":{"rendered":"<p>Pour l\u2019exercice&nbsp;2022, le gouvernement f\u00e9d\u00e9ral a instaur\u00e9 une taxe annuelle de 1&nbsp;% sur les biens immobiliers r\u00e9sidentiels vacants ou sous-utilis\u00e9s appartenant \u00e0 des propri\u00e9taires non r\u00e9sidents et non canadiens. Cette taxe touche \u00e9galement certains propri\u00e9taires canadiens dans des situations particuli\u00e8res. La&nbsp;Loi sur la taxe sur les logements sous-utilis\u00e9s&nbsp;(la&nbsp;Loi) oblige les personnes assujetties \u00e0 produire une &hellip; <a href=\"https:\/\/archive.cafe.crea.ca\/fr\/taxe-canadienne-sur-les-logements-sous-utilises-ce-quil-faut-savoir\/\" class=\"more-link\">Continue reading <span class=\"screen-reader-text\">Taxe canadienne sur les logements sous-utilis\u00e9s\u00a0: ce qu\u2019il faut savoir<\/span><\/a><\/p>\n","protected":false},"author":134,"featured_media":42822,"comment_status":"open","ping_status":"open","sticky":false,"template":"","format":"standard","meta":{"footnotes":""},"categories":[2369],"tags":[],"coauthors":[2397],"class_list":["post-42829","post","type-post","status-publish","format-standard","has-post-thumbnail","hentry","category-defense-des-interets"],"aioseo_notices":[],"_links":{"self":[{"href":"https:\/\/archive.cafe.crea.ca\/fr\/wp-json\/wp\/v2\/posts\/42829"}],"collection":[{"href":"https:\/\/archive.cafe.crea.ca\/fr\/wp-json\/wp\/v2\/posts"}],"about":[{"href":"https:\/\/archive.cafe.crea.ca\/fr\/wp-json\/wp\/v2\/types\/post"}],"author":[{"embeddable":true,"href":"https:\/\/archive.cafe.crea.ca\/fr\/wp-json\/wp\/v2\/users\/134"}],"replies":[{"embeddable":true,"href":"https:\/\/archive.cafe.crea.ca\/fr\/wp-json\/wp\/v2\/comments?post=42829"}],"version-history":[{"count":2,"href":"https:\/\/archive.cafe.crea.ca\/fr\/wp-json\/wp\/v2\/posts\/42829\/revisions"}],"predecessor-version":[{"id":42833,"href":"https:\/\/archive.cafe.crea.ca\/fr\/wp-json\/wp\/v2\/posts\/42829\/revisions\/42833"}],"wp:featuredmedia":[{"embeddable":true,"href":"https:\/\/archive.cafe.crea.ca\/fr\/wp-json\/wp\/v2\/media\/42822"}],"wp:attachment":[{"href":"https:\/\/archive.cafe.crea.ca\/fr\/wp-json\/wp\/v2\/media?parent=42829"}],"wp:term":[{"taxonomy":"category","embeddable":true,"href":"https:\/\/archive.cafe.crea.ca\/fr\/wp-json\/wp\/v2\/categories?post=42829"},{"taxonomy":"post_tag","embeddable":true,"href":"https:\/\/archive.cafe.crea.ca\/fr\/wp-json\/wp\/v2\/tags?post=42829"},{"taxonomy":"author","embeddable":true,"href":"https:\/\/archive.cafe.crea.ca\/fr\/wp-json\/wp\/v2\/coauthors?post=42829"}],"curies":[{"name":"wp","href":"https:\/\/api.w.org\/{rel}","templated":true}]}}