{"id":42699,"date":"2023-03-13T11:40:06","date_gmt":"2023-03-13T15:40:06","guid":{"rendered":"https:\/\/archive.cafe.crea.ca\/?p=42699"},"modified":"2023-03-13T12:00:22","modified_gmt":"2023-03-13T16:00:22","slug":"la-banque-du-canada-maintient-son-taux-directeur-2","status":"publish","type":"post","link":"https:\/\/archive.cafe.crea.ca\/fr\/la-banque-du-canada-maintient-son-taux-directeur-2\/","title":{"rendered":"La Banque du Canada maintient son taux directeur"},"content":{"rendered":"\n<p>Apr\u00e8s huit&nbsp;hausses successives des taux d\u2019int\u00e9r\u00eat, la Banque du Canada a d\u00e9cid\u00e9 de maintenir son taux cible de financement \u00e0 un jour \u00e0 4,5&nbsp;%, tout en poursuivant sa politique de resserrement quantitatif.<\/p>\n\n\n\n<p>La Banque a indiqu\u00e9 que l\u2019\u00e9volution de l\u2019\u00e9conomie mondiale \u00e9tait conforme \u00e0 ses pr\u00e9visions, dans un contexte de ralentissement de la croissance mondiale et d\u2019assouplissement des pressions inflationnistes. Toutefois, la reprise \u00e9conomique de la Chine et la guerre entre la Russie et l\u2019Ukraine ont \u00e9t\u00e9 cit\u00e9es comme les principales sources de risque \u00e0 la hausse. Selon la Banque, les conditions financi\u00e8res globales se sont resserr\u00e9es au cours des derniers mois et le dollar canadien a perdu de la valeur par rapport au dollar am\u00e9ricain.<\/p>\n\n\n\n<p>La Banque estime que la croissance \u00e9conomique au Canada au quatri\u00e8me&nbsp;trimestre est rest\u00e9e stable et inf\u00e9rieure aux pr\u00e9visions, principalement en raison d\u2019une baisse des investissements dans les stocks. La Banque a ajout\u00e9 que la politique mon\u00e9taire restrictive continue de peser sur les d\u00e9penses des m\u00e9nages et les investissements des entreprises sous l\u2019effet d\u2019un ralentissement de la demande int\u00e9rieure et \u00e9trang\u00e8re. N\u00e9anmoins, le march\u00e9 du travail reste dynamique, comme en t\u00e9moignent les forts gains d\u2019emplois, le taux de ch\u00f4mage historiquement bas, l\u2019augmentation des offres d\u2019emploi et la croissance des salaires de l\u2019ordre de 4&nbsp;\u00e0 5&nbsp;%.<\/p>\n\n\n\n<h2 class=\"wp-block-heading\">Inflation<\/h2>\n\n\n\n<p>L\u2019inflation a recul\u00e9 \u00e0 5,9&nbsp;% en janvier, principalement en raison de la baisse des prix de l\u2019\u00e9nergie, des biens durables et de certains services. La Banque a reconnu les difficult\u00e9s auxquelles sont confront\u00e9s de nombreux Canadiens, alors que les co\u00fbts de la nourriture et du logement continuent d\u2019augmenter. Selon la Banque, les pressions sur les prix, en particulier sur les march\u00e9s des produits et du travail, devraient s\u2019att\u00e9nuer en fonction de la faible croissance \u00e9conomique au cours des prochains trimestres, entra\u00eenant une mod\u00e9ration de la croissance des salaires et une intensification de la concurrence entre les entreprises au niveau des prix.<\/p>\n\n\n\n<h2 class=\"wp-block-heading\">\u00c0 quoi peut-on s\u2019attendre?<\/h2>\n\n\n\n<p>Dans l\u2019ensemble, la Banque est d\u2019avis que les donn\u00e9es r\u00e9centes sont conformes \u00e0 ses pr\u00e9visions selon lesquelles l\u2019inflation mesur\u00e9e par l\u2019indice des prix \u00e0 la consommation devrait tomber \u00e0 3&nbsp;% d\u2019ici le milieu de l\u2019ann\u00e9e. Pour la suite, la Banque a indiqu\u00e9 qu\u2019elle continuerait \u00e0 \u00e9valuer les conditions \u00e9conomiques et qu\u2019elle \u00e9tait pr\u00eate \u00e0 recommencer \u00e0 relever les taux si n\u00e9cessaire pour ramener l\u2019inflation \u00e0 son objectif de 2&nbsp;%.<\/p>\n\n\n\n<p>La prochaine annonce de la <a href=\"https:\/\/www.banqueducanada.ca\/2023\/03\/fad-communique-2023-03-08\/?_gl=1*ztvqb9*_ga*NzAwMzUyNjU1LjE2Nzg0NTkwNzg.*_ga_D0WRRH3RZH*MTY3ODQ1OTA3OC4xLjAuMTY3ODQ1OTA3OC4wLjAuMA..&amp;_ga=2.15486710.1144117549.1678459078-700352655.1678459078\" target=\"_blank\" rel=\"noreferrer noopener\">Banque du Canada<\/a> du taux d\u2019int\u00e9r\u00eat est fix\u00e9e au 12\u00a0avril\u00a02023, laquelle s\u2019accompagnera d\u2019une mise \u00e0 jour de son Rapport sur la politique mon\u00e9taire.<\/p>\n\n\n\n<p>En savoir plus\u00a0: <a href=\"https:\/\/creastats.crea.ca\/fr-CA\/\" target=\"_blank\" rel=\"noreferrer noopener\">creastats.ca<\/a> <\/p>\n","protected":false},"excerpt":{"rendered":"<p>Apr\u00e8s huit\u00a0hausses successives des taux d\u2019int\u00e9r\u00eat, la Banque du Canada a d\u00e9cid\u00e9 de maintenir son taux cible de financement \u00e0 un jour \u00e0 4,5\u00a0%, tout en poursuivant sa politique de resserrement quantitatif.<\/p>\n","protected":false},"author":130,"featured_media":42694,"comment_status":"open","ping_status":"open","sticky":false,"template":"","format":"standard","meta":{"footnotes":""},"categories":[2367],"tags":[2380],"coauthors":[2388],"class_list":["post-42699","post","type-post","status-publish","format-standard","has-post-thumbnail","hentry","category-statistiques","tag-featured-fr-2"],"aioseo_notices":[],"_links":{"self":[{"href":"https:\/\/archive.cafe.crea.ca\/fr\/wp-json\/wp\/v2\/posts\/42699"}],"collection":[{"href":"https:\/\/archive.cafe.crea.ca\/fr\/wp-json\/wp\/v2\/posts"}],"about":[{"href":"https:\/\/archive.cafe.crea.ca\/fr\/wp-json\/wp\/v2\/types\/post"}],"author":[{"embeddable":true,"href":"https:\/\/archive.cafe.crea.ca\/fr\/wp-json\/wp\/v2\/users\/130"}],"replies":[{"embeddable":true,"href":"https:\/\/archive.cafe.crea.ca\/fr\/wp-json\/wp\/v2\/comments?post=42699"}],"version-history":[{"count":1,"href":"https:\/\/archive.cafe.crea.ca\/fr\/wp-json\/wp\/v2\/posts\/42699\/revisions"}],"predecessor-version":[{"id":42700,"href":"https:\/\/archive.cafe.crea.ca\/fr\/wp-json\/wp\/v2\/posts\/42699\/revisions\/42700"}],"wp:featuredmedia":[{"embeddable":true,"href":"https:\/\/archive.cafe.crea.ca\/fr\/wp-json\/wp\/v2\/media\/42694"}],"wp:attachment":[{"href":"https:\/\/archive.cafe.crea.ca\/fr\/wp-json\/wp\/v2\/media?parent=42699"}],"wp:term":[{"taxonomy":"category","embeddable":true,"href":"https:\/\/archive.cafe.crea.ca\/fr\/wp-json\/wp\/v2\/categories?post=42699"},{"taxonomy":"post_tag","embeddable":true,"href":"https:\/\/archive.cafe.crea.ca\/fr\/wp-json\/wp\/v2\/tags?post=42699"},{"taxonomy":"author","embeddable":true,"href":"https:\/\/archive.cafe.crea.ca\/fr\/wp-json\/wp\/v2\/coauthors?post=42699"}],"curies":[{"name":"wp","href":"https:\/\/api.w.org\/{rel}","templated":true}]}}