{"id":42465,"date":"2023-02-03T10:46:02","date_gmt":"2023-02-03T15:46:02","guid":{"rendered":"https:\/\/archive.cafe.crea.ca\/?p=42465"},"modified":"2023-02-03T10:46:10","modified_gmt":"2023-02-03T15:46:10","slug":"les-couleurs-tendances-de-lannee-2023","status":"publish","type":"post","link":"https:\/\/archive.cafe.crea.ca\/fr\/les-couleurs-tendances-de-lannee-2023\/","title":{"rendered":"Les couleurs tendances de l\u2019ann\u00e9e 2023"},"content":{"rendered":"\n<p>Avez-vous de la difficult\u00e9 \u00e0 trouver du contenu \u00e0 partager dans les m\u00e9dias sociaux?<\/p>\n\n\n\n<p>Laissez tomber Instagram et Facebook. Vous n\u2019avez besoin que de REALTOR.ca.<\/p>\n\n\n\n<p>Notre blogue ax\u00e9 sur le style de vie des consommateurs, le&nbsp;<em><a rel=\"noreferrer noopener\" href=\"https:\/\/www.realtor.ca\/blogue\" target=\"_blank\">Salon<\/a><\/em>, vous offre du contenu sur des sujets comme les r\u00e9novations, les tendances du march\u00e9, le bricolage, les guides des quartiers et les maisons originales. Du nouveau contenu passionnant est publi\u00e9 au&nbsp;<em>Salon<\/em>&nbsp;quatre&nbsp;fois par semaine (et du&nbsp;<a href=\"https:\/\/www.realtor.ca\/blogue\" target=\"_blank\" rel=\"noreferrer noopener\">contenu unique en fran\u00e7ais<\/a>&nbsp;est publi\u00e9 pour les passionn\u00e9s francophones).<\/p>\n\n\n\n<p>Tandis que le contenu du Caf\u00e9 ACI est s\u00e9lectionn\u00e9 sp\u00e9cialement pour favoriser la croissance de votre entreprise et \u00e0 en assurer la r\u00e9ussite, le contenu du&nbsp;<em>Salon<\/em>&nbsp;est parfait pour \u00eatre partag\u00e9 avec vos clients.<\/p>\n\n\n\n<p>D\u00e9tenu et exploit\u00e9 par L\u2019Association canadienne de l\u2019immeuble (ACI), REALTOR.ca est la plateforme immobili\u00e8re la plus populaire au Canada (Comscore, 2020). Vous y trouverez toutes les inscriptions des syst\u00e8mes MLS<sup>\u00ae<\/sup>&nbsp;au pays.<\/p>\n\n\n\n<p>Partagez ce blogue avec vos clients et ceux qui vous suivent en cliquant sur le bouton Facebook ci-dessous!<\/p>\n\n\n\n<p>Vous pouvez aussi suivre REALTOR.ca sur&nbsp;<a rel=\"noreferrer noopener\" href=\"https:\/\/twitter.com\/REALTORdotca\" target=\"_blank\">Twitter<\/a>,&nbsp;<a rel=\"noreferrer noopener\" href=\"https:\/\/www.instagram.com\/realtordotca\/\" target=\"_blank\">Instagram<\/a>&nbsp;et&nbsp;<a rel=\"noreferrer noopener\" href=\"https:\/\/www.pinterest.ca\/realtordotca\/\" target=\"_blank\">Pinterest<\/a>.<\/p>\n\n\n\n<p>Consulter le billet de\u00a0<a href=\"https:\/\/www.realtor.ca\/blogue\/r%C3%A9novations-et-incidence-sur-lassurance-habitation\/28780\/1368\" target=\"_blank\" rel=\"noreferrer noopener\">blogu<\/a><a href=\"https:\/\/www.realtor.ca\/blogue\/march%C3%A9-de-vendeurs-ou-march%C3%A9-dacheteurs-quelles-diff%C3%A9rences\/28647\/1369\" target=\"_blank\" rel=\"noreferrer noopener\">e<\/a><a href=\"https:\/\/www.realtor.ca\/blogue\/les-couleurs-tendances-de-lann%C3%A9e-2023\/29284\/1374\" target=\"_blank\" rel=\"noreferrer noopener\">\u00a0original.<\/a><\/p>\n\n\n\n<hr class=\"wp-block-separator has-alpha-channel-opacity is-style-wide\"\/>\n\n\n\n<p>Les nuanciers annuels des couleurs tendances sont influenc\u00e9s par les grands moments de l\u2019actualit\u00e9, les mouvements sociaux ou les pr\u00e9occupations environnementales de la population.<\/p>\n\n\n\n<figure class=\"wp-block-image size-full\"><img loading=\"lazy\" decoding=\"async\" width=\"897\" height=\"512\" src=\"https:\/\/archive.cafe.crea.ca\/wp-content\/uploads\/2023\/02\/Article_01-13.webp\" alt=\"Photo : Pantone\n\" class=\"wp-image-42466\" srcset=\"https:\/\/archive.cafe.crea.ca\/wp-content\/uploads\/2023\/02\/Article_01-13.webp 897w, https:\/\/archive.cafe.crea.ca\/wp-content\/uploads\/2023\/02\/Article_01-13-768x438.webp 768w\" sizes=\"(max-width: 897px) 100vw, 897px\" \/><figcaption>Photo : Pantone<br><\/figcaption><\/figure>\n\n\n\n<h2 class=\"wp-block-heading\">Pantone<\/h2>\n\n\n\n<p>Le<a href=\"https:\/\/www.pantone.com\/color-of-the-year-2023-countdown\" target=\"_blank\" rel=\"noreferrer noopener\">&nbsp;Pantone Color Institute<\/a>, autorit\u00e9 mondiale en fait de couleurs, \u00e9tudie avec soin la question. Chaque ann\u00e9e, l\u2019institut am\u00e9ricain se penche sur les \u00e9v\u00e9nements de l\u2019actualit\u00e9 mondiale, la politique, les produits de consommation, mais aussi sur les moments viraux sur les m\u00e9dias sociaux, pour les retranscrire en une couleur (ou parfois deux) qui communique le mieux le&nbsp;<em>zeitgeist<\/em>&nbsp;culturel du moment. Cette tradition existe depuis l\u2019an 2000 alors que l\u2019institut c\u00e9l\u00e9brait le passage \u00e0 nouveau mill\u00e9naire.&nbsp;Fid\u00e8le \u00e0 la tradition, l\u2019institut a r\u00e9v\u00e9l\u00e9 en d\u00e9cembre dernier la couleur phare de 2023 : Viva magenta, propose un ton rouge, qui encourage l\u2019optimisme et fait allusion \u00e0 l\u2019essor du monde virtuel ainsi qu\u2019aux technologies telles que l\u2019intelligence artificielle dans les mois \u00e0 venir.<\/p>\n\n\n\n<p>Le Pantone Color Institute n\u2019est toutefois pas le seul \u00e0 examiner les mouvements actuels pour d\u00e9terminer les prochaines tendances. Les compagnies de peinture proposent elles aussi des couleurs annuelles qui refl\u00e8tent les go\u00fbts et les aspirations des consommateurs. Et ce que nous remarquons cette ann\u00e9e est un retour \u00e0 des teintes enveloppantes et r\u00e9confortantes, inspir\u00e9es de la nature qui nous entoure.<\/p>\n\n\n\n<figure class=\"wp-block-image size-full\"><img loading=\"lazy\" decoding=\"async\" width=\"897\" height=\"512\" src=\"https:\/\/archive.cafe.crea.ca\/wp-content\/uploads\/2023\/02\/Article_02-13.webp\" alt=\"Photo : BEHR\n\" class=\"wp-image-42468\" srcset=\"https:\/\/archive.cafe.crea.ca\/wp-content\/uploads\/2023\/02\/Article_02-13.webp 897w, https:\/\/archive.cafe.crea.ca\/wp-content\/uploads\/2023\/02\/Article_02-13-768x438.webp 768w\" sizes=\"(max-width: 897px) 100vw, 897px\" \/><figcaption>Photo : BEHR<br><\/figcaption><\/figure>\n\n\n\n<h2 class=\"wp-block-heading\">BEHR : Toile vierge&nbsp;<\/h2>\n\n\n\n<p>Pour 2023 la compagnie BEHR, vendue chez Home Depot, propose\u00a0<em>Toile Vierge (DC-003<\/em>) comme couleur phare. Comme son nom l\u2019indique, cette teinte offre une toile vierge\u00a0\u00e0\u00a0partir de laquelle on peut cr\u00e9er une quantit\u00e9 presque infinie d\u2019ambiances. Consid\u00e9r\u00e9e comme neutre, cette teinte cr\u00e9meuse r\u00e9chauffe les murs et s\u2019harmonise avec des teintes plus satur\u00e9es comme le vert Feuille de vigne (N400-7) ou le Bleu minuit (N480-7), ou encore d\u2019autres teintes claires et compl\u00e9mentaires comme le Gris gratifiant (DC-008) et l\u2019\u00c9tain antique (DC-009).<\/p>\n\n\n\n<figure class=\"wp-block-image size-full\"><img loading=\"lazy\" decoding=\"async\" width=\"897\" height=\"512\" src=\"https:\/\/archive.cafe.crea.ca\/wp-content\/uploads\/2023\/02\/Article_03-12.webp\" alt=\"\" class=\"wp-image-42470\" srcset=\"https:\/\/archive.cafe.crea.ca\/wp-content\/uploads\/2023\/02\/Article_03-12.webp 897w, https:\/\/archive.cafe.crea.ca\/wp-content\/uploads\/2023\/02\/Article_03-12-768x438.webp 768w\" sizes=\"(max-width: 897px) 100vw, 897px\" \/><figcaption>Photo : Benjamin Moore<br><\/figcaption><\/figure>\n\n\n\n<h2 class=\"wp-block-heading\">Benjamin Moore : Tourbillon de Framboises<\/h2>\n\n\n\n<p>Du c\u00f4t\u00e9 de Benjamin Moore c\u2019est plut\u00f4t une teinte \u00e9clatante, Tourbillon de framboises (2008-30), qui est mise \u00e0 l\u2019honneur pour l\u2019ann\u00e9e. Cette couleur, tir\u00e9e du corail et teint\u00e9e de rose, est riche et dynamique. On l\u2019\u00e9vite peut-\u00eatre dans les chambres \u00e0 coucher, car sa base de rouge est stimulante et pourrait nuire au sommeil. Toutefois, en accent dans la cuisine, les aires communes, le salon ou la salle \u00e0 manger, cette couleur vive \u00e9gayera le d\u00e9cor d\u2019une pi\u00e8ce. Harmonisez cette teinte avec des couleurs neutres comme Dentelle d\u00e9licate (OC-65), Algue sauvage (OC-129), ou Voiles au vent (OC-142).\u00a0<\/p>\n\n\n\n<figure class=\"wp-block-image size-full\"><img loading=\"lazy\" decoding=\"async\" width=\"897\" height=\"512\" src=\"https:\/\/archive.cafe.crea.ca\/wp-content\/uploads\/2023\/02\/Article_04-13-1.webp\" alt=\"\" class=\"wp-image-42472\" srcset=\"https:\/\/archive.cafe.crea.ca\/wp-content\/uploads\/2023\/02\/Article_04-13-1.webp 897w, https:\/\/archive.cafe.crea.ca\/wp-content\/uploads\/2023\/02\/Article_04-13-1-768x438.webp 768w\" sizes=\"(max-width: 897px) 100vw, 897px\" \/><figcaption>Photo : Sherwin-William<br><\/figcaption><\/figure>\n\n\n\n<h2 class=\"wp-block-heading\">Sherwin-Williams : Point Redend<\/h2>\n\n\n\n<p>Sherwin Williams s\u2019est tourn\u00e9 vers des teintes historiques issues de la terre avec la s\u00e9lection de sa couleur de l\u2019ann\u00e9e appel\u00e9e\u00a0<em>Point Redend<\/em>\u00a0(SW-9081). Cette teinte \u00e9tait tr\u00e8s populaire dans les maisons du 19e\u00a0si\u00e8cle entre autres. Chaleureux et enveloppant, ce coloris min\u00e9ral infus\u00e9 de terracotta et de rose cendr\u00e9 est id\u00e9al en grands \u00e9lans, sur les murs et les meubles, pour un look int\u00e9gral ou en petites doses, agenc\u00e9 \u00e0 d\u2019autres teintes satur\u00e9es et naturelles comme Pieds de montagne (SW-7514), Cornaline (SW-7580) ou encore Bronze urbain (SW-7048).\u00a0<\/p>\n\n\n\n<figure class=\"wp-block-image size-full\"><img loading=\"lazy\" decoding=\"async\" width=\"897\" height=\"512\" src=\"https:\/\/archive.cafe.crea.ca\/wp-content\/uploads\/2023\/02\/Article_05-10-1.webp\" alt=\"\" class=\"wp-image-42474\" srcset=\"https:\/\/archive.cafe.crea.ca\/wp-content\/uploads\/2023\/02\/Article_05-10-1.webp 897w, https:\/\/archive.cafe.crea.ca\/wp-content\/uploads\/2023\/02\/Article_05-10-1-768x438.webp 768w\" sizes=\"(max-width: 897px) 100vw, 897px\" \/><figcaption>Photo : Sico<br><\/figcaption><\/figure>\n\n\n\n<h2 class=\"wp-block-heading\">Sico : Eau de fonte<\/h2>\n\n\n\n<p><em>Eau de fonte<\/em>\u00a0(6156-63) est la couleur de l\u2019ann\u00e9e s\u00e9lectionn\u00e9e par Sico. Ce bleu sarcelle rafra\u00eechissant c\u00e9l\u00e8bre les pouvoirs gu\u00e9risseurs de l\u2019eau et de la nature. Selon Sico, \u00ab cette couleur repr\u00e9sente l\u2019\u00e9quilibre et la tranquillit\u00e9, tout en ayant des \u00e9l\u00e9ments \u00e0 la fois terre \u00e0 terre et enchanteurs dans sa teinte \u00bb. On peut facilement l\u2019imaginer recouvrant la porte d\u2019entr\u00e9e, ou un espace de travail \u00e0 la maison afin de favoriser la concentration. Dans une chambre d\u2019adolescent, cette couleur est apaisante et favorise le repos. On peut agencer ce bleu avec un jaune moutarde comme Vert gecko (6107-53), Poivre noir (6182-83), ou une teinte de marron clair comme Tabac brun (6189-52).<\/p>\n\n\n\n<figure class=\"wp-block-image size-full\"><img loading=\"lazy\" decoding=\"async\" width=\"897\" height=\"512\" src=\"https:\/\/archive.cafe.crea.ca\/wp-content\/uploads\/2023\/02\/Article_06-6.webp\" alt=\"\" class=\"wp-image-42476\" srcset=\"https:\/\/archive.cafe.crea.ca\/wp-content\/uploads\/2023\/02\/Article_06-6.webp 897w, https:\/\/archive.cafe.crea.ca\/wp-content\/uploads\/2023\/02\/Article_06-6-768x438.webp 768w\" sizes=\"(max-width: 897px) 100vw, 897px\" \/><figcaption>Photo : Valspar<br><\/figcaption><\/figure>\n\n\n\n<h2 class=\"wp-block-heading\">Valspar : Flora<\/h2>\n\n\n\n<p>Plut\u00f4t que de statuer sur une seule teinte, la compagnie Valspar, qui a r\u00e9cemment fait son entr\u00e9e dans le march\u00e9 qu\u00e9b\u00e9cois, en a s\u00e9lectionn\u00e9 une douzaine. Un cr\u00e8me, deux beiges, un lilas, un orang\u00e9, un marron clair, et quatre teintes dans la grande famille botanique des verts.&nbsp; Apr\u00e8s le vert sauge tr\u00e8s en vogue dans les derni\u00e8res ann\u00e9es, on voit \u00e0 pr\u00e9sent&nbsp;<em>Flora<\/em>&nbsp;(5004-2C), un vert plus satur\u00e9 et botanique, inspir\u00e9 de la nature luxuriante. La beaut\u00e9 des verts, c\u2019est que, comme dans la for\u00eat, tous les tons de vert s\u2019harmonisent entre eux sans peur de faux pas.&nbsp;<\/p>\n\n\n\n<p>Si vous avez d\u00e9j\u00e0 des teintes de vert dans votre d\u00e9co, n\u2019h\u00e9sitez pas \u00e0 ajouter Flora \u00e0 votre cama\u00efeu. Id\u00e9ale dans toutes les pi\u00e8ces de la maison, de la salle d\u2019eau \u00e0 la salle de jeu en passant par le vestibule et la salle \u00e0 manger, Flora est une couleur polyvalente et d\u00e9licatement \u00e9nergisante.<\/p>\n","protected":false},"excerpt":{"rendered":"<p>Les nuanciers annuels des couleurs tendances sont influenc\u00e9s par les grands moments de l\u2019actualit\u00e9, les mouvements sociaux ou les pr\u00e9occupations environnementales de la population.<\/p>\n","protected":false},"author":156,"featured_media":42450,"comment_status":"open","ping_status":"open","sticky":false,"template":"","format":"standard","meta":{"footnotes":""},"categories":[2372],"tags":[2380],"coauthors":[2422],"class_list":["post-42465","post","type-post","status-publish","format-standard","has-post-thumbnail","hentry","category-divers","tag-featured-fr-2"],"aioseo_notices":[],"_links":{"self":[{"href":"https:\/\/archive.cafe.crea.ca\/fr\/wp-json\/wp\/v2\/posts\/42465"}],"collection":[{"href":"https:\/\/archive.cafe.crea.ca\/fr\/wp-json\/wp\/v2\/posts"}],"about":[{"href":"https:\/\/archive.cafe.crea.ca\/fr\/wp-json\/wp\/v2\/types\/post"}],"author":[{"embeddable":true,"href":"https:\/\/archive.cafe.crea.ca\/fr\/wp-json\/wp\/v2\/users\/156"}],"replies":[{"embeddable":true,"href":"https:\/\/archive.cafe.crea.ca\/fr\/wp-json\/wp\/v2\/comments?post=42465"}],"version-history":[{"count":1,"href":"https:\/\/archive.cafe.crea.ca\/fr\/wp-json\/wp\/v2\/posts\/42465\/revisions"}],"predecessor-version":[{"id":42479,"href":"https:\/\/archive.cafe.crea.ca\/fr\/wp-json\/wp\/v2\/posts\/42465\/revisions\/42479"}],"wp:featuredmedia":[{"embeddable":true,"href":"https:\/\/archive.cafe.crea.ca\/fr\/wp-json\/wp\/v2\/media\/42450"}],"wp:attachment":[{"href":"https:\/\/archive.cafe.crea.ca\/fr\/wp-json\/wp\/v2\/media?parent=42465"}],"wp:term":[{"taxonomy":"category","embeddable":true,"href":"https:\/\/archive.cafe.crea.ca\/fr\/wp-json\/wp\/v2\/categories?post=42465"},{"taxonomy":"post_tag","embeddable":true,"href":"https:\/\/archive.cafe.crea.ca\/fr\/wp-json\/wp\/v2\/tags?post=42465"},{"taxonomy":"author","embeddable":true,"href":"https:\/\/archive.cafe.crea.ca\/fr\/wp-json\/wp\/v2\/coauthors?post=42465"}],"curies":[{"name":"wp","href":"https:\/\/api.w.org\/{rel}","templated":true}]}}