{"id":42436,"date":"2023-01-27T09:44:51","date_gmt":"2023-01-27T14:44:51","guid":{"rendered":"https:\/\/archive.cafe.crea.ca\/?p=42436"},"modified":"2023-01-27T09:44:55","modified_gmt":"2023-01-27T14:44:55","slug":"les-tendances-deco-a-surveiller-en-2023","status":"publish","type":"post","link":"https:\/\/archive.cafe.crea.ca\/fr\/les-tendances-deco-a-surveiller-en-2023\/","title":{"rendered":"Les tendances d\u00e9co \u00e0 surveiller en 2023"},"content":{"rendered":"\n<p>Avez-vous de la difficult\u00e9 \u00e0 trouver du contenu \u00e0 partager dans les m\u00e9dias sociaux?<\/p>\n\n\n\n<p>Laissez tomber Instagram et Facebook. Vous n\u2019avez besoin que de REALTOR.ca.<\/p>\n\n\n\n<p>Notre blogue ax\u00e9 sur le style de vie des consommateurs, le&nbsp;<em><a rel=\"noreferrer noopener\" href=\"https:\/\/www.realtor.ca\/blogue\" target=\"_blank\">Salon<\/a><\/em>, vous offre du contenu sur des sujets comme les r\u00e9novations, les tendances du march\u00e9, le bricolage, les guides des quartiers et les maisons originales. Du nouveau contenu passionnant est publi\u00e9 au&nbsp;<em>Salon<\/em>&nbsp;quatre&nbsp;fois par semaine (et du&nbsp;<a href=\"https:\/\/www.realtor.ca\/blogue\" target=\"_blank\" rel=\"noreferrer noopener\">contenu unique en fran\u00e7ais<\/a>&nbsp;est publi\u00e9 pour les passionn\u00e9s francophones).<\/p>\n\n\n\n<p>Tandis que le contenu du Caf\u00e9 ACI est s\u00e9lectionn\u00e9 sp\u00e9cialement pour favoriser la croissance de votre entreprise et \u00e0 en assurer la r\u00e9ussite, le contenu du&nbsp;<em>Salon<\/em>&nbsp;est parfait pour \u00eatre partag\u00e9 avec vos clients.<\/p>\n\n\n\n<p>D\u00e9tenu et exploit\u00e9 par L\u2019Association canadienne de l\u2019immeuble (ACI), REALTOR.ca est la plateforme immobili\u00e8re la plus populaire au Canada (Comscore, 2020). Vous y trouverez toutes les inscriptions des syst\u00e8mes MLS<sup>\u00ae<\/sup>&nbsp;au pays.<\/p>\n\n\n\n<p>Partagez ce blogue avec vos clients et ceux qui vous suivent en cliquant sur le bouton Facebook ci-dessous!<\/p>\n\n\n\n<p>Vous pouvez aussi suivre REALTOR.ca sur&nbsp;<a rel=\"noreferrer noopener\" href=\"https:\/\/twitter.com\/REALTORdotca\" target=\"_blank\">Twitter<\/a>,&nbsp;<a rel=\"noreferrer noopener\" href=\"https:\/\/www.instagram.com\/realtordotca\/\" target=\"_blank\">Instagram<\/a>&nbsp;et&nbsp;<a rel=\"noreferrer noopener\" href=\"https:\/\/www.pinterest.ca\/realtordotca\/\" target=\"_blank\">Pinterest<\/a>.<\/p>\n\n\n\n<p>Consulter le billet de\u00a0<a href=\"https:\/\/www.realtor.ca\/blogue\/r%C3%A9novations-et-incidence-sur-lassurance-habitation\/28780\/1368\" target=\"_blank\" rel=\"noreferrer noopener\">blogu<\/a><a href=\"https:\/\/www.realtor.ca\/blogue\/march%C3%A9-de-vendeurs-ou-march%C3%A9-dacheteurs-quelles-diff%C3%A9rences\/28647\/1369\" target=\"_blank\" rel=\"noreferrer noopener\">e<\/a><a href=\"https:\/\/www.realtor.ca\/blogue\/les-tendances-d%C3%A9co-%C3%A0-surveiller-en-2023\/29234\/1374\" target=\"_blank\" rel=\"noreferrer noopener\">\u00a0original.<\/a><\/p>\n\n\n\n<hr class=\"wp-block-separator has-alpha-channel-opacity is-style-wide\"\/>\n\n\n\n<p>Chaque ann\u00e9e apporte son lot de nouvelles tendances d\u00e9co. Les tendances qui marquent l\u2019industrie de la d\u00e9coration ne sont pas invent\u00e9es de toutes pi\u00e8ces par les bureaux cr\u00e9atifs, qui s\u2019inspirent plut\u00f4t de micro tendances et captent l\u2019air du temps pour se rapprocher au plus pr\u00e8s du consommateur et anticiper ce qui l\u2019inspire. Tour d\u2019horizon des tendances d\u00e9co qui nous attendent en 2023.<\/p>\n\n\n\n<h2 class=\"wp-block-heading\">Les \u00e9lectrom\u00e9nagers color\u00e9s<\/h2>\n\n\n\n<p>Ce n\u2019est pas pour rien que la cuisine est surnomm\u00e9e le \u00ab \u2009c\u0153ur de la maison\u2009 \u00bb. En effet, la cuisine est l\u2019endroit o\u00f9 nous nourrissons notre corps et notre \u00e2me, avec de bons petits plats et des discussions en bonne compagnie. On observe une popularit\u00e9 grandissante des \u00e9lectrom\u00e9nagers color\u00e9s, une tendance qui devrait se poursuivre en 2023. Bien que l\u2019inox demeure populaire, les d\u00e9taillants proposent maintenant des mod\u00e8les de cuisini\u00e8res, lave-vaisselle et r\u00e9frig\u00e9rateurs noirs, bleus, verts, ou m\u00eame rouges, pour ajouter une touche de couleur \u00e0 la d\u00e9co.<\/p>\n\n\n\n<h2 class=\"wp-block-heading\">Le marbre<\/h2>\n\n\n\n<p>Que ce soit dans la cuisine, dans la salle de bains ou m\u00eame dans le salon ou le bureau, le marbre fait son grand retour dans les maisons. Et notamment le marbre nervur\u00e9 aux couleurs bigarr\u00e9es. Si auparavant, on se tournait vers le marbre pour la richesse du mat\u00e9riau et pour son \u00e9l\u00e9gance, on le choisit maintenant pour le caract\u00e8re et l\u2019audace qu\u2019il conf\u00e8re \u00e0 une pi\u00e8ce. En petite ou en plus grande touche, le marbre est un \u00e9l\u00e9ment intemporel pour un d\u00e9cor sophistiqu\u00e9.<\/p>\n\n\n\n<h2 class=\"wp-block-heading\">Les armoires et garde-manger vitr\u00e9s<\/h2>\n\n\n\n<p>Observ\u00e9s notamment dans les d\u00e9cors chics et travaill\u00e9s de l\u2019\u00e9mission de la famille Kardashian, les garde-manger et armoires de cuisine enti\u00e8rement vitr\u00e9s sont en vogue. Ces armoires pr\u00e9sentent l\u2019avantage de donner une impression de grandeur et de luminosit\u00e9 \u00e0 une pi\u00e8ce, mais aussi le d\u00e9savantage de mettre leur contenu bien en vue. Panneaux vitr\u00e9s et d\u00e9sordre ne font pas bon m\u00e9nage! Les armoires vitr\u00e9es demandent une grande rigueur et imposent de jouer les commissaires, comme dans une galerie d\u2019art, pour s\u00e9lectionner avec soin ce qui m\u00e9ritera une place dans l\u2019armoire et ce qui sera rang\u00e9 ailleurs, \u00e0 l\u2019abri des regards. Pour vous aider dans la t\u00e2che, de nombreux accessoires de rangement sont maintenant disponibles pour organiser et pr\u00e9senter vos objets pr\u00e9f\u00e9r\u00e9s.<\/p>\n\n\n\n<h2 class=\"wp-block-heading\">La d\u00e9co nature<\/h2>\n\n\n\n<p>La d\u00e9co nature, pr\u00e9sente depuis quelques ann\u00e9es d\u00e9j\u00e0, continue de se r\u00e9inventer et de s\u2019imposer au sommet des tendances. Plantes, mati\u00e8res naturelles et biod\u00e9gradables, bois certifi\u00e9s FSC, ou meubles recycl\u00e9s : les d\u00e9cors se montrent soucieux de l\u2019environnement. Pour coller \u00e0 cette tendance, privil\u00e9giez donc la consommation responsable et la r\u00e9utilisation : vous pouvez commencer par regarder dans votre propre maison, pour repenser l\u2019usage de meubles et accessoires et leur donner un nouvel usage, dans une nouvelle pi\u00e8ce.<\/p>\n\n\n\n<h2 class=\"wp-block-heading\">Les arches<\/h2>\n\n\n\n<p>Les arches, souvenirs d\u2019enfance de nombreuses personnes ayant grandi dans les ann\u00e9es \u201970 et \u201980, reviennent en force. Si auparavant elles \u00e9taient utilis\u00e9es comme ouverture dans des murs porteurs, ou comme passe-plat entre la cuisine et la salle \u00e0 manger, elles sont aujourd\u2019hui repens\u00e9es pour orner un vaste \u00e9ventail d\u2019endroits dans la maison. On pense par exemple aux ouvertures de portes, tant pour la garde-robe dans la chambre que pour les portes menant au corridor commun. On aime aussi les arches qui ornent la d\u00e9pense dans la cuisine, ou qui encadrent la douche dans la salle de bains. Modernes et \u00e9pur\u00e9es, les arches ajoutent une touche de douceur et de courbes \u00e0 un d\u00e9cor angulaire.<\/p>\n\n\n\n<h2 class=\"wp-block-heading\">Le vin comme d\u00e9co&nbsp;&nbsp;&nbsp;&nbsp;<\/h2>\n\n\n\n<p>Autre tendance qu\u2019on a vu arriver ces derni\u00e8res ann\u00e9es et qui va se poursuivre en 2023 : la mise en valeur des bouteilles de vin. Soit dans des celliers joliment int\u00e9gr\u00e9s aux d\u00e9cors de la salle \u00e0 manger ou de la cuisine, soit dans des pi\u00e8ces d\u00e9di\u00e9es sur mesure.<\/p>\n\n\n\n<h2 class=\"wp-block-heading\">Tons moyens de bois<\/h2>\n\n\n\n<p>Apr\u00e8s les bois tr\u00e8s fonc\u00e9s du d\u00e9but des ann\u00e9es&nbsp;2000 et les bois clairs, inspir\u00e9s de la tendance scandinave des ann\u00e9es&nbsp;2010, c\u2019est maintenant au tour des essences de bois aux teintes moyennes d\u2019\u00eatre c\u00e9l\u00e9br\u00e9es. Ces essences, qu\u2019on pr\u00e9f\u00e8re toujours locales, ajoutent une richesse \u00e0 un d\u00e9cor, quelle que soit la pi\u00e8ce.<\/p>\n\n\n\n<p>Pour suivre cette tendance chez vous, introduisez des essences de bois dans des pi\u00e8ces aux couleurs claires, et \u00e0 des endroits inusit\u00e9s, comme l\u2019\u00eelot de cuisine, les portes menant aux pi\u00e8ces, les bras de fauteuils ou les cadres de portes et fen\u00eatres.<\/p>\n\n\n\n<h2 class=\"wp-block-heading\">Les couleurs franches et r\u00e9tros<\/h2>\n\n\n\n<p>Apr\u00e8s plusieurs ann\u00e9es de blancs et de cr\u00e8mes, on ose de nouveau les couleurs franches et d\u2019inspiration r\u00e9tro. En effet, cette ann\u00e9e, nous verrons beaucoup de teintes \u2009terre cuite, jaune ocre, vert sauge, bleu denim, vert kaki, marine, et des teintes de beige plus soutenues comme le taupe, chameau, ou sable.&nbsp;<\/p>\n\n\n\n<p>Vous pouvez y aller en petites doses \u00e0 travers l\u2019usage d\u2019accessoires d\u00e9coratifs, de jet\u00e9s et de coussins, ou encore en repeignant un mur ou une pi\u00e8ce tout enti\u00e8re. Ce faisant, assurez-vous de penser \u00e0 votre maison dans son enti\u00e8ret\u00e9 pour harmoniser les couleurs des pi\u00e8ces entre elles et ainsi \u00e9viter l\u2019effet \u00ab \u2009Lego \u2009\u00bb d\u2019une pi\u00e8ce de chaque couleur.<\/p>\n","protected":false},"excerpt":{"rendered":"<p>Tour d\u2019horizon des tendances d\u00e9co qui nous attendent en 2023.<\/p>\n","protected":false},"author":156,"featured_media":42425,"comment_status":"open","ping_status":"open","sticky":false,"template":"","format":"standard","meta":{"footnotes":""},"categories":[2372],"tags":[],"coauthors":[2422],"class_list":["post-42436","post","type-post","status-publish","format-standard","has-post-thumbnail","hentry","category-divers"],"aioseo_notices":[],"_links":{"self":[{"href":"https:\/\/archive.cafe.crea.ca\/fr\/wp-json\/wp\/v2\/posts\/42436"}],"collection":[{"href":"https:\/\/archive.cafe.crea.ca\/fr\/wp-json\/wp\/v2\/posts"}],"about":[{"href":"https:\/\/archive.cafe.crea.ca\/fr\/wp-json\/wp\/v2\/types\/post"}],"author":[{"embeddable":true,"href":"https:\/\/archive.cafe.crea.ca\/fr\/wp-json\/wp\/v2\/users\/156"}],"replies":[{"embeddable":true,"href":"https:\/\/archive.cafe.crea.ca\/fr\/wp-json\/wp\/v2\/comments?post=42436"}],"version-history":[{"count":1,"href":"https:\/\/archive.cafe.crea.ca\/fr\/wp-json\/wp\/v2\/posts\/42436\/revisions"}],"predecessor-version":[{"id":42437,"href":"https:\/\/archive.cafe.crea.ca\/fr\/wp-json\/wp\/v2\/posts\/42436\/revisions\/42437"}],"wp:featuredmedia":[{"embeddable":true,"href":"https:\/\/archive.cafe.crea.ca\/fr\/wp-json\/wp\/v2\/media\/42425"}],"wp:attachment":[{"href":"https:\/\/archive.cafe.crea.ca\/fr\/wp-json\/wp\/v2\/media?parent=42436"}],"wp:term":[{"taxonomy":"category","embeddable":true,"href":"https:\/\/archive.cafe.crea.ca\/fr\/wp-json\/wp\/v2\/categories?post=42436"},{"taxonomy":"post_tag","embeddable":true,"href":"https:\/\/archive.cafe.crea.ca\/fr\/wp-json\/wp\/v2\/tags?post=42436"},{"taxonomy":"author","embeddable":true,"href":"https:\/\/archive.cafe.crea.ca\/fr\/wp-json\/wp\/v2\/coauthors?post=42436"}],"curies":[{"name":"wp","href":"https:\/\/api.w.org\/{rel}","templated":true}]}}