{"id":42304,"date":"2023-01-12T14:32:59","date_gmt":"2023-01-12T19:32:59","guid":{"rendered":"https:\/\/archive.cafe.crea.ca\/?p=42304"},"modified":"2023-01-12T14:33:01","modified_gmt":"2023-01-12T19:33:01","slug":"sattaquer-a-la-crise-du-logement-bilan-des-activites-de-defense-des-interets","status":"publish","type":"post","link":"https:\/\/archive.cafe.crea.ca\/fr\/sattaquer-a-la-crise-du-logement-bilan-des-activites-de-defense-des-interets\/","title":{"rendered":"S\u2019attaquer \u00e0 la crise du logement\u00a0: bilan des activit\u00e9s de d\u00e9fense des int\u00e9r\u00eats"},"content":{"rendered":"\n<p>Les courtiers et agents immobiliers savent que pour s\u2019attaquer \u00e0 la crise du logement au Canada, il faut adopter une approche globale pancanadienne. En 2022, nos membres ont continu\u00e9 \u00e0 plaider en faveur de solutions politiques visant \u00e0 rem\u00e9dier \u00e0 la crise. Certaines de leurs victoires en 2022\u00a0sont soulign\u00e9es ci-dessous.<\/p>\n\n\n\n<h1 class=\"wp-block-heading\">Le CAP dans les circonscriptions de 2022<\/h1>\n\n\n\n<p>Chaque printemps, les repr\u00e9sentants du Comit\u00e9 d\u2019action politique (CAP) rencontrent leur d\u00e9put\u00e9 local au cours de la rel\u00e2che parlementaire.\u00a0<\/p>\n\n\n\n<p>Du 14\u00a0mars au 22\u00a0avril\u00a02022, les repr\u00e9sentants du CAP ont rencontr\u00e9 les \u00e9lus pour discuter des recommandations tr\u00e8s importantes de la communaut\u00e9 des courtiers et agents immobiliers. Les recommandations ci-dessous ont \u00e9t\u00e9 soumises au gouvernement dans le cadre des consultations pr\u00e9budg\u00e9taires de 2022, et ont pr\u00e9par\u00e9 le terrain pour les rencontres du CAP dans les circonscriptions<a>.<\/a><\/p>\n\n\n\n<ol class=\"wp-block-list\"><li><strong>Mettre sur pied une table ronde nationale permanente sur le logement<\/strong> r\u00e9unissant les administrations f\u00e9d\u00e9rales, provinciales\/territoriales et municipales, ainsi que les constructeurs, les professionnels de l\u2019immobilier et les organisations de la soci\u00e9t\u00e9 civile afin de mieux comprendre l\u2019ampleur de la crise du logement.<\/li><li><strong>Accro\u00eetre l\u2019offre de nouveaux logements dans tout l\u2019\u00e9ventail du logement par l\u2019ajout de clauses sur le logement dans les ententes bilat\u00e9rales sur l\u2019infrastructure<\/strong> conclues entre Infrastructure Canada et ses partenaires provinciaux et territoriaux.<\/li><li>Faciliter l\u2019accession \u00e0 la propri\u00e9t\u00e9 pour plus de Canadiens en mettant en \u0153uvre <strong>six\u00a0promesses cl\u00e9s \u00e9nonc\u00e9es dans<\/strong> <strong><em>Le plan lib\u00e9ral sur le logement<\/em><\/strong>\u00a0: <\/li><\/ol>\n\n\n\n<ul class=\"wp-block-list\"><li>\u00a0\u00a0\u00a0\u00a0\u00a0\u00a0\u00a0\u00a0\u00a0\u00a0 donner aux municipalit\u00e9s les outils leur permettant d\u2019acc\u00e9l\u00e9rer la construction d\u2019habitations au moyen du fonds pour acc\u00e9l\u00e9rer la construction de logements;<\/li><li>\u00a0\u00a0\u00a0\u00a0\u00a0\u00a0\u00a0\u00a0\u00a0\u00a0 aider des g\u00e9n\u00e9rations d\u2019une m\u00eame famille \u00e0 vivre ensemble en lan\u00e7ant le cr\u00e9dit d\u2019imp\u00f4t pour la r\u00e9novation d\u2019habitations multig\u00e9n\u00e9rationnelles;<\/li><li>\u00a0\u00a0\u00a0\u00a0\u00a0\u00a0\u00a0\u00a0\u00a0\u00a0 transformer les espaces de bureaux vacants en logements;<\/li><li>\u00a0\u00a0\u00a0\u00a0\u00a0\u00a0\u00a0\u00a0\u00a0\u00a0 mettre sur pied un nouveau compte d\u2019\u00e9pargne libre d\u2019imp\u00f4t pour l\u2019achat d\u2019une premi\u00e8re habitation;<\/li><li>\u00a0\u00a0\u00a0\u00a0\u00a0\u00a0\u00a0\u00a0\u00a0\u00a0 rendre l\u2019Incitatif \u00e0 l\u2019achat d\u2019une premi\u00e8re propri\u00e9t\u00e9 plus souple;<\/li><li>\u00a0\u00a0\u00a0\u00a0\u00a0\u00a0\u00a0\u00a0\u00a0\u00a0\u00a0 aider les locataires \u00e0 devenir propri\u00e9taires en versant 1 milliard de dollars en pr\u00eats et subventions pour d\u00e9velopper des projets de location avec option d\u2019achat.<\/li><\/ul>\n\n\n\n<p>Le gouvernement f\u00e9d\u00e9ral a d\u00e9pos\u00e9 le <a href=\"https:\/\/news2me.crea.ca\/fr\/2022-fr\/avril-2022\/la-crise-du-logement-au-coeur-du-budget-de-2022\/\" target=\"_blank\" rel=\"noreferrer noopener\">Budget de 2022<\/a> pendant les Journ\u00e9es du CAP dans les circonscriptions, et nous avons vite remarqu\u00e9 que les positions des courtiers et agents immobiliers \u00e9taient refl\u00e9t\u00e9es dans le budget.<\/p>\n\n\n\n<p>Les repr\u00e9sentants du CAP et des membres de la communaut\u00e9 des courtiers et agents immobiliers ont pu communiquer efficacement leurs positions \u00e0 plus de 80\u00a0d\u00e9put\u00e9s juste avant leur retour en Chambre pour d\u00e9battre du budget. Nos messages ont \u00e9t\u00e9 entendus haut et fort, et les discussions sur les politiques de logement n\u2019ont pas manqu\u00e9 lors de la 44<sup>e<\/sup>\u00a0s\u00e9ance parlementaire du printemps.<\/p>\n\n\n\n<h1 class=\"wp-block-heading\">Budget de 2022<\/h1>\n\n\n\n<p>Le 7\u00a0avril\u00a02022, la vice-premi\u00e8re ministre et ministre des Finances, l\u2019honorable Chrystia\u00a0Freeland, a d\u00e9pos\u00e9 \u00ab\u00a0Un plan pour faire cro\u00eetre notre \u00e9conomie et rendre la vie plus abordable\u00a0\u00bb, le premier budget de la 44<sup>e<\/sup>\u00a0session parlementaire.<\/p>\n\n\n\n<p><br>Le budget \u00e9tait fortement ax\u00e9 sur la r\u00e9solution de la crise du logement au Canada et a reconnu l\u2019importance du logement tant pour les Canadiens que pour l\u2019\u00e9conomie du pays.<\/p>\n\n\n\n<p><a>Le <\/a><a href=\"https:\/\/news2me.crea.ca\/fr\/2022-fr\/avril-2022\/la-crise-du-logement-au-coeur-du-budget-de-2022\/\" target=\"_blank\" rel=\"noreferrer noopener\">Budget de 2022<\/a> a fait conna\u00eetre l\u2019intention du gouvernement de mettre en \u0153uvre un certain nombre des demandes que l\u2019ACI et ses membres revendiquent aupr\u00e8s des parlementaires. La reconnaissance du r\u00f4le important que jouent les courtiers et agents immobiliers en mati\u00e8re de logement et de d\u00e9fense des int\u00e9r\u00eats a \u00e9t\u00e9 clairement d\u00e9montr\u00e9e..<\/p>\n\n\n\n<p>Dans le budget de 2022, le gouvernement s\u2019est engag\u00e9 \u00e0\u00a0: \u00a0<\/p>\n\n\n\n<ul class=\"wp-block-list\"><li>cr\u00e9er de la souplesse afin de lier l\u2019acc\u00e8s au financement des infrastructures par les provinces, les territoires et les municipalit\u00e9s \u00e0 l\u2019augmentation de l\u2019offre de logements;<\/li><li>lancer un nouveau fonds pour acc\u00e9l\u00e9rer la construction de logements qui investira 4 milliards de dollars sur cinq ans pour financer la mise \u00e0 jour des processus et des syst\u00e8mes, et encourager les municipalit\u00e9s \u00e0 cr\u00e9er plus de 100 000 nouveaux logements nets;<\/li><li>tirer parti du financement du transport en commun pour construire davantage de logements;<\/li><li>doubler le cr\u00e9dit d\u2019imp\u00f4t pour l\u2019achat d\u2019une premi\u00e8re habitation;<\/li><li>mettre en \u0153uvre un compte d\u2019\u00e9pargne libre d\u2019imp\u00f4t pour l\u2019achat d\u2019une premi\u00e8re habitation;<\/li><li>instaurer un cr\u00e9dit d\u2019imp\u00f4t pour la r\u00e9novation d\u2019habitations multig\u00e9n\u00e9rationnelles;<\/li><li>mettre en \u0153uvre un registre public de renseignements sur la propri\u00e9t\u00e9 effective pour des soci\u00e9t\u00e9s par actions par la Loi canadienne sur les soci\u00e9t\u00e9s par actions.<\/li><\/ul>\n\n\n\n<p>Il s\u2019est de plus pris d\u2019autres engagements \u00e0 l\u2019\u00e9gard du logement, notamment en soutenant des projets de location avec option d\u2019achat pour aider les Canadiens \u00e0 acc\u00e9der \u00e0 la propri\u00e9t\u00e9, et en offrant un financement de 1,5\u00a0milliard de dollars pour des logements abordables au moyen de l\u2019Initiative pour la cr\u00e9ation rapide de logements.<\/p>\n\n\n\n<div class=\"wp-block-buttons is-layout-flex wp-block-buttons-is-layout-flex\">\n<div class=\"wp-block-button\"><a class=\"wp-block-button__link\" href=\"https:\/\/www.budget.canada.ca\/2022\/home-accueil-fr.html\" target=\"_blank\" rel=\"noreferrer noopener\">Lire le budget complet<\/a><\/div>\n<\/div>\n\n\n\n<p>Apr\u00e8s le d\u00e9p\u00f4t du budget de 2022, l\u2019\u00e9quipe des Relations gouvernementales a examin\u00e9 toutes les mesures annonc\u00e9es pour en \u00e9valuer l\u2019impact sur les courtiers et agents immobiliers. Au cours de l\u2019\u00e9t\u00e9 et de l\u2019automne\u00a02022, l\u2019\u00e9quipe a soumis de nombreux m\u00e9moires en vue de consultation, notamment sur la <a href=\"https:\/\/www.crea.ca\/files\/political-advocacy\/francais\/CREAs-Submission_Canada-Green-Buildings-Strategy-Consultation_FRE.pdf\" target=\"_blank\" rel=\"noreferrer noopener\">Strat\u00e9gie canadienne pour les b\u00e2timents verts<\/a> et sur la <a href=\"https:\/\/www.crea.ca\/files\/political-advocacy\/francais\/CREA_Consultation-Submission-on-the-Prohibition-on-the-purchase-of-residential-property-by-non-Canadians-_FRE.pdf\" target=\"_blank\" rel=\"noreferrer noopener\"><em>Loi sur l\u2019interdiction d\u2019achat d\u2019immeubles r\u00e9sidentiels par des non-Canadiens<\/em><\/a>.<\/p>\n\n\n\n<h1 class=\"wp-block-heading\">De VRAIES id\u00e9es<\/h1>\n\n\n\n<figure class=\"wp-block-video\"><video controls src=\"https:\/\/archive.cafe.crea.ca\/wp-content\/uploads\/2023\/01\/SPARK-SPARK-CREA-SOCIAL-2022-V4-Bubbles-Fr.mp4\"><\/video><\/figure>\n\n\n\n<p><\/p>\n\n\n\n<p>Avant la tenue du congr\u00e8s annuel des Journ\u00e9es du CAP en octobre, l\u2019ACI a lanc\u00e9 la campagne \u00ab\u00a0Les courtiers et agents immobiliers le savent\u00a0\u00bb sur <a href=\"https:\/\/devraiesidees.ca\/\" target=\"_blank\" rel=\"noreferrer noopener\">deVRAIESid\u00e9es.ca<\/a>, afin de r\u00e9it\u00e9rer le message que pour r\u00e9soudre la crise du logement, nous devons mobiliser tous les intervenants du secteur.<\/p>\n\n\n\n<p>Dans le cadre de cette campagne, les publicit\u00e9s ont \u00e9t\u00e9 diffus\u00e9es \u00e0 la Cit\u00e9 parlementaire, \u00e0 l\u2019A\u00e9roport international d\u2019Ottawa, au Centre Rideau et dans divers abribus dans la ville d\u2019Ottawa. La campagne a de plus \u00e9t\u00e9 diffus\u00e9e sous forme num\u00e9rique sur divers r\u00e9seaux sociaux, notamment LinkedIn, Instagram et Facebook, et sur le site Web National NewsWatch.<\/p>\n\n\n\n<h1 class=\"wp-block-heading\">Journ\u00e9es du CAP<\/h1>\n\n\n\n<figure class=\"wp-block-image size-full\"><img loading=\"lazy\" decoding=\"async\" width=\"1384\" height=\"782\" src=\"https:\/\/archive.cafe.crea.ca\/wp-content\/uploads\/2022\/11\/PAC3.jpg\" alt=\"\" class=\"wp-image-41926\" srcset=\"https:\/\/archive.cafe.crea.ca\/wp-content\/uploads\/2022\/11\/PAC3.jpg 1384w, https:\/\/archive.cafe.crea.ca\/wp-content\/uploads\/2022\/11\/PAC3-768x434.jpg 768w, https:\/\/archive.cafe.crea.ca\/wp-content\/uploads\/2022\/11\/PAC3-1011x571.jpg 1011w\" sizes=\"(max-width: 1384px) 100vw, 1384px\" \/><\/figure>\n\n\n\n<p>Apr\u00e8s deux\u00a0ann\u00e9es de programmation virtuelle, l\u2019ACI a accueilli plus de 400\u00a0courtiers et agents immobiliers pour son 37<sup>e<\/sup>\u00a0congr\u00e8s annuel des Journ\u00e9es du CAP. Pendant trois jours, d\u2019incroyables pan\u00e9listes et conf\u00e9renciers ont discut\u00e9 de divers enjeux, dont la crise du logement au Canada.\u00a0<\/p>\n\n\n\n<p>Au cours du congr\u00e8s, les repr\u00e9sentants du CAP se sont rendus sur la Colline parlementaire pour rencontrer leur d\u00e9put\u00e9 et plaider en faveur de deux\u00a0recommandations des courtiers et agents immobiliers\u00a0:\u00a0<\/p>\n\n\n\n<p>1.&nbsp;&nbsp;&nbsp;&nbsp;&nbsp;&nbsp;&nbsp;&nbsp;&nbsp;&nbsp; mettre sur pied une table ronde nationale permanente sur le logement;<\/p>\n\n\n\n<p>2.&nbsp;&nbsp;&nbsp;&nbsp;&nbsp;&nbsp;&nbsp;&nbsp;&nbsp;&nbsp; int\u00e9grer des clauses encourageant la cr\u00e9ation de logements dans les ententes bilat\u00e9rales en mati\u00e8re d\u2019infrastructure avec les partenaires provinciaux et territoriaux.<\/p>\n\n\n\n<p>Pour obtenir tous les d\u00e9tails des Journ\u00e9es du CAP, lisez l\u2019article <em><a href=\"https:\/\/archive.cafe.crea.ca\/fr\/faits-saillants-des-journees-du-cap-de-2022-dans-la-capitale\/\" title=\"\">Faits saillants des Journ\u00e9es du CAP de 2022 dans la CAPitale.<\/a><\/em><\/p>\n\n\n\n<h1 class=\"wp-block-heading\">Gains en fin d\u2019ann\u00e9e<\/h1>\n\n\n\n<p>Le 3\u00a0novembre\u00a02022, la ministre Freeland a d\u00e9pos\u00e9 l\u2019<a href=\"http:\/\/\u00c9nonc\u00e9 \u00e9conomique de l\u2019automne de 2022\" target=\"_blank\" rel=\"noreferrer noopener\">\u00c9nonc\u00e9 \u00e9conomique de l\u2019automne de 2022<\/a> qui pr\u00e9sente le plan du gouvernement pour continuer d\u2019all\u00e9ger le co\u00fbt de la vie pour les Canadiens et b\u00e2tir un pays o\u00f9 personne n\u2019est laiss\u00e9 pour compte.<\/p>\n\n\n\n<p>Les faits saillants de l\u2019\u00c9nonc\u00e9 s\u2019articulent autour de trois\u00a0piliers\u00a0: rendre la vie plus abordable; prendre des mesures pour rendre le logement plus abordable; et emplois et formation ax\u00e9e sur les comp\u00e9tences. L\u2019ACI a accueilli favorablement l\u2019engagement soutenu du gouvernement \u00e0 accro\u00eetre l\u2019offre et l\u2019abordabilit\u00e9 dans tout l\u2019\u00e9ventail du logement.<\/p>\n\n\n\n<blockquote class=\"twitter-tweet\"><p lang=\"fr\" dir=\"ltr\">L\u2019ACI accueille favorablement l\u2019engagement soutenu du gouvernement dans son \u00c9nonc\u00e9 \u00e9conomique de l\u2019automne \u00e0 accro\u00eetre l\u2019offre et l\u2019abordabilit\u00e9 dans tout l\u2019\u00e9ventail du logement.<\/p>&mdash; CREA | ACI (@CREA_ACI) <a href=\"https:\/\/twitter.com\/CREA_ACI\/status\/1588279989447069696?ref_src=twsrc%5Etfw\">November 3, 2022<\/a><\/blockquote> <script async src=\"https:\/\/platform.twitter.com\/widgets.js\" charset=\"utf-8\"><\/script>\n\n\n\n<h1 class=\"wp-block-heading\">Un regard vers 2023<\/h1>\n\n\n\n<p>En ce d\u00e9but d\u2019ann\u00e9e, l\u2019\u00e9quipe des Relations gouvernementales continue de suivre les activit\u00e9s du gouvernement f\u00e9d\u00e9ral afin de faire valoir les messages et les recommandations des courtiers et agents immobiliers. Pour plus d\u2019information sur les prochaines mesures envisag\u00e9es par le gouvernement f\u00e9d\u00e9ral en 2023, veuillez lire l\u2019article <em><a href=\"https:\/\/news2me.crea.ca\/fr\/2022-fr\/decembre-2022\/le-gouvernement-federal-publie-les-reglements-de-la-loi-sur-linterdiction-dachat-dimmeubles-residentiels-par-des-non-canadiens\/\" target=\"_blank\" rel=\"noreferrer noopener\">Le gouvernement f\u00e9d\u00e9ral publie les r\u00e8glements de la\u00a0Loi sur l\u2019interdiction d\u2019achat d\u2019immeubles r\u00e9sidentiels par des non-Canadiens<\/a>.<\/em><\/p>\n\n\n\n<h1 class=\"wp-block-heading\">Passez \u00e0 l\u2019action!<\/h1>\n\n\n\n<p>Souhaitez-vous participer aux activit\u00e9s de d\u00e9fense des int\u00e9r\u00eats de l\u2019ACI? <a href=\"https:\/\/member.crea.ca\/fr\/relations-gouvernmentales-publiques\/defense-des-interets-aupres-du-gouvernement-federal\/comite-daction-politique\/\" target=\"_blank\" rel=\"noreferrer noopener\">Voyez comment<\/a> vous pouvez devenir la voix et le visage de l\u2019ensemble des courtiers et agents immobiliers et mettre \u00e0 profit votre connaissance du secteur dans le cadre de discussions avec des d\u00e9cideurs politiques. Communiquez avec le directeur de votre chambre ou association locale, ou avec un membre de l\u2019\u00e9quipe des Relations gouvernementales de l\u2019ACI \u00e0 <a href=\"mailto:CAP@crea.ca\" target=\"_blank\" rel=\"noreferrer noopener\">CAP@crea.ca<\/a>.<\/p>\n","protected":false},"excerpt":{"rendered":"<p>Les courtiers et agents immobiliers savent que pour s\u2019attaquer \u00e0 la crise du logement au Canada, il faut adopter une approche globale pancanadienne. <\/p>\n","protected":false},"author":174,"featured_media":42296,"comment_status":"open","ping_status":"open","sticky":false,"template":"","format":"standard","meta":{"footnotes":""},"categories":[2369],"tags":[2380],"coauthors":[2440],"class_list":["post-42304","post","type-post","status-publish","format-standard","has-post-thumbnail","hentry","category-defense-des-interets","tag-featured-fr-2"],"aioseo_notices":[],"_links":{"self":[{"href":"https:\/\/archive.cafe.crea.ca\/fr\/wp-json\/wp\/v2\/posts\/42304"}],"collection":[{"href":"https:\/\/archive.cafe.crea.ca\/fr\/wp-json\/wp\/v2\/posts"}],"about":[{"href":"https:\/\/archive.cafe.crea.ca\/fr\/wp-json\/wp\/v2\/types\/post"}],"author":[{"embeddable":true,"href":"https:\/\/archive.cafe.crea.ca\/fr\/wp-json\/wp\/v2\/users\/174"}],"replies":[{"embeddable":true,"href":"https:\/\/archive.cafe.crea.ca\/fr\/wp-json\/wp\/v2\/comments?post=42304"}],"version-history":[{"count":2,"href":"https:\/\/archive.cafe.crea.ca\/fr\/wp-json\/wp\/v2\/posts\/42304\/revisions"}],"predecessor-version":[{"id":42312,"href":"https:\/\/archive.cafe.crea.ca\/fr\/wp-json\/wp\/v2\/posts\/42304\/revisions\/42312"}],"wp:featuredmedia":[{"embeddable":true,"href":"https:\/\/archive.cafe.crea.ca\/fr\/wp-json\/wp\/v2\/media\/42296"}],"wp:attachment":[{"href":"https:\/\/archive.cafe.crea.ca\/fr\/wp-json\/wp\/v2\/media?parent=42304"}],"wp:term":[{"taxonomy":"category","embeddable":true,"href":"https:\/\/archive.cafe.crea.ca\/fr\/wp-json\/wp\/v2\/categories?post=42304"},{"taxonomy":"post_tag","embeddable":true,"href":"https:\/\/archive.cafe.crea.ca\/fr\/wp-json\/wp\/v2\/tags?post=42304"},{"taxonomy":"author","embeddable":true,"href":"https:\/\/archive.cafe.crea.ca\/fr\/wp-json\/wp\/v2\/coauthors?post=42304"}],"curies":[{"name":"wp","href":"https:\/\/api.w.org\/{rel}","templated":true}]}}