{"id":42245,"date":"2023-01-05T11:23:37","date_gmt":"2023-01-05T16:23:37","guid":{"rendered":"https:\/\/archive.cafe.crea.ca\/?p=42245"},"modified":"2023-01-05T11:23:43","modified_gmt":"2023-01-05T16:23:43","slug":"prix-dexcellence-du-rda-proposez-la-candidature-dun-directeur-dassociation-exemplaire","status":"publish","type":"post","link":"https:\/\/archive.cafe.crea.ca\/fr\/prix-dexcellence-du-rda-proposez-la-candidature-dun-directeur-dassociation-exemplaire\/","title":{"rendered":"Prix d\u2019excellence du RDA\u00a0: proposez la candidature d\u2019un directeur d\u2019association exemplaire"},"content":{"rendered":"\n<p>Les directeurs d\u2019association (DA) sont les piliers de la communaut\u00e9 des associations immobili\u00e8res.<\/p>\n\n\n\n<p>Les directeurs d\u2019association et les cadres sup\u00e9rieurs partout au pays travaillent sans rel\u00e2che pour veiller \u00e0 ce que les chambres et associations locales et provinciales continuent \u00e0 offrir le meilleur service qui soit afin d\u2019appuyer leurs membres<\/p>\n\n\n\n<p>Saisissez l\u2019occasion de reconna\u00eetre leur excellent travail. <a>La p\u00e9riode de mise en candidature pour le <\/a><a href=\"https:\/\/member.crea.ca\/fr\/a-propos\/adhesion\/adhesion-au-reseau-des-directeurs-dassociation-rda\/prix-dexcellence\/\" target=\"_blank\" rel=\"noreferrer noopener\">Prix d\u2019excellence du R\u00e9seau des directeurs d\u2019association (RDA)<\/a> est maintenant ouverte.<\/p>\n\n\n\n<div class=\"wp-block-buttons is-layout-flex wp-block-buttons-is-layout-flex\">\n<div class=\"wp-block-button\"><a class=\"wp-block-button__link\" href=\"https:\/\/crea-aci.ca1.qualtrics.com\/jfe\/form\/SV_eM8C1M6zAjvHuOV\" target=\"_blank\" rel=\"noreferrer noopener\"><strong>Soumettre une candidature<\/strong><\/a><\/div>\n<\/div>\n\n\n\n<p>Remis pour la premi\u00e8re fois en 1989, le <a href=\"https:\/\/archive.cafe.crea.ca\/fr\/proposez-la-candidature-dun-directeur-dassociation-exemplaire-pour-le-prix-dexcellence-du-reseau-des-directeurs-dassociation-rda\/\" target=\"_blank\" rel=\"noreferrer noopener\">Prix d\u2019excellence du RDA<\/a> souligne le d\u00e9vouement exceptionnel et le service exemplaire.\u00a0<\/p>\n\n\n\n<p>Le Prix d\u2019excellence du RDA a \u00e9t\u00e9 cr\u00e9\u00e9 en l\u2019honneur de Frank\u00a0Johns, un ancien vice-pr\u00e9sident directeur de la Calgary Real Estate Board. Au cours de sa longue carri\u00e8re, M.\u00a0Johns, mentor et leader parmi les directeurs g\u00e9n\u00e9raux, a volontiers fait part de son expertise et de ses connaissances pour le mieux-\u00eatre du secteur.\u00a0<\/p>\n\n\n\n<p>Le Prix d\u2019excellence du RDA est uniquement d\u00e9cern\u00e9 \u00e0 un membre du RDA ayant fait preuve de professionnalisme, d\u2019engagement et de leadership au sein de la communaut\u00e9 des associations immobili\u00e8res.<\/p>\n\n\n\n<figure class=\"wp-block-image size-full\"><img loading=\"lazy\" decoding=\"async\" width=\"800\" height=\"532\" src=\"https:\/\/archive.cafe.crea.ca\/wp-content\/uploads\/2023\/01\/149df382-9360-4514-b735-ff614e86a941-1.jpg\" alt=\"\" class=\"wp-image-42246\" srcset=\"https:\/\/archive.cafe.crea.ca\/wp-content\/uploads\/2023\/01\/149df382-9360-4514-b735-ff614e86a941-1.jpg 800w, https:\/\/archive.cafe.crea.ca\/wp-content\/uploads\/2023\/01\/149df382-9360-4514-b735-ff614e86a941-1-768x511.jpg 768w\" sizes=\"(max-width: 800px) 100vw, 800px\" \/><\/figure>\n\n\n\n<p>Tout cadre sup\u00e9rieur d\u2019une chambre ou association est admissible au prix \u00e0 la condition de satisfaire aux <a href=\"https:\/\/member.crea.ca\/fr\/a-propos\/adhesion\/adhesion-au-reseau-des-directeurs-dassociation-rda\/prix-dexcellence\/\" target=\"_blank\" rel=\"noreferrer noopener\">crit\u00e8res d\u2019attribution du prix<\/a>. Bien que plusieurs laur\u00e9ats aient re\u00e7u ce prix en fin de carri\u00e8re, il ne s\u2019agit pas d\u2019un prix associ\u00e9 \u00e0 la retraite. Tout directeur d\u2019association qui est membre en r\u00e8gle du RDA et qui a servi cinq\u00a0ans ou plus au sein de la communaut\u00e9 des associations immobili\u00e8res est admissible au prix.<\/p>\n\n\n\n<h3 class=\"wp-block-heading\">Crit\u00e8res d\u2019attribution du prix\u00a0:<\/h3>\n\n\n\n<ul class=\"wp-block-list\"><li>\u00catre un directeur d\u2019association ou un cadre sup\u00e9rieur d\u2019une association comptant cinq\u00a0ans ou plus de service dans une association immobili\u00e8re.<\/li><\/ul>\n\n\n\n<ul class=\"wp-block-list\"><li>\u00catre membre en r\u00e8gle du RDA.<\/li><li>D\u00e9tenir le titre Canadian REALTOR\u00ae Association Executive (CRAE).<\/li><li>Le candidat doit incarner les caract\u00e9ristiques suivantes :<\/li><\/ul>\n\n\n\n<p>1.&nbsp;&nbsp;&nbsp;&nbsp;&nbsp;&nbsp;&nbsp;&nbsp;&nbsp;&nbsp; service et d\u00e9vouement envers la communaut\u00e9 immobili\u00e8re;<\/p>\n\n\n\n<p>2.&nbsp;&nbsp;&nbsp;&nbsp;&nbsp;&nbsp;&nbsp;&nbsp;&nbsp;&nbsp; leadership en mati\u00e8re de gestion d\u2019association;<\/p>\n\n\n\n<p>3.&nbsp;&nbsp;&nbsp;&nbsp;&nbsp;&nbsp;&nbsp;&nbsp;&nbsp;&nbsp; collaboration et entraide;<\/p>\n\n\n\n<p>4.&nbsp;&nbsp;&nbsp;&nbsp;&nbsp;&nbsp;&nbsp;&nbsp;&nbsp;&nbsp; participation \u00e0 des organisations professionnelles ou organismes de service;<\/p>\n\n\n\n<p>5.&nbsp;&nbsp;&nbsp;&nbsp;&nbsp;&nbsp;&nbsp;&nbsp;&nbsp;&nbsp; engagement communautaire, au-del\u00e0 des exigences de son poste;<\/p>\n\n\n\n<p>6.&nbsp;&nbsp;&nbsp;&nbsp;&nbsp;&nbsp;&nbsp;&nbsp;&nbsp;&nbsp; r\u00e9alisations au sein de la chambre ou de l\u2019association.<\/p>\n\n\n\n<p>Le candidat doit \u00e9galement repr\u00e9senter le professionnalisme que symbolise ce prix.<\/p>\n\n\n\n<div class=\"wp-block-buttons is-layout-flex wp-block-buttons-is-layout-flex\">\n<div class=\"wp-block-button\"><a class=\"wp-block-button__link\" href=\"https:\/\/crea-aci.ca1.qualtrics.com\/jfe\/form\/SV_eM8C1M6zAjvHuOV\" target=\"_blank\" rel=\"noreferrer noopener\"><strong>Proposer une candidature maintenant<\/strong><\/a><\/div>\n<\/div>\n\n\n\n<p>La date limite pour les mises en candidature est le <strong>1<sup>er<\/sup>\u00a0f\u00e9vrier\u00a02023<\/strong>.<strong> <\/strong>Un comit\u00e9 de s\u00e9lection \u00e9tudiera toutes les candidatures afin de s\u2019assurer que les candidats r\u00e9pondent aux crit\u00e8res rigoureux du prix. La remise du prix aura lieu lors de l\u2019Assembl\u00e9e g\u00e9n\u00e9rale annuelle de l\u2019ACI en avril\u00a02023, et l\u2019ACI remettra un montant de 250\u00a0$, au nom du laur\u00e9at, \u00e0 un organisme de bienfaisance de son choix.<\/p>\n\n\n\n<h2 class=\"wp-block-heading\"><strong>Anciens laur\u00e9ats<\/strong><\/h2>\n\n\n\n<p><strong>2022<br>John\u00a0DiMichele<\/strong><br>Chef de la direction<br>Toronto Regional Real Estate Board\u00a0<\/p>\n\n\n\n<p><strong>2020<br>Alan\u00a0Tennant<\/strong><br>Chef de la direction<br>Calgary Real Estate Board<sup>\u00ae<\/sup>\u00a0<\/p>\n\n\n\n<p><strong>2019<br>Bill\u00a0Duce<\/strong><br>Directeur g\u00e9n\u00e9ral<br>Kitchener-Waterloo Association of REALTORS<sup>\u00ae<\/sup><\/p>\n\n\n\n<p><strong>2018<br>Roger\u00a0Boutilier<\/strong><br>Chef de la direction<br>Nova Scotia Association of REALTORS<sup>\u00ae<\/sup><\/p>\n\n\n\n<p><strong>2017<\/strong><br><strong>Gord\u00a0Archibald<\/strong><br>Directeur g\u00e9n\u00e9ral<br>Association of Regina REALTORS<sup>\u00ae<\/sup><\/p>\n\n\n\n<p><strong>2016<\/strong><br><strong>Bill\u00a0Madder<\/strong><br>Chef de la direction<br>Association of Saskatchewan REALTORS<sup>\u00ae<\/sup><\/p>\n\n\n\n<p><strong>2015<\/strong><br><strong>Eileen\u00a0Rohs<\/strong><br>Directrice g\u00e9n\u00e9rale<br>REALTORS<sup>\u00ae<\/sup> Association of Lloydminster &amp; District<\/p>\n\n\n\n<p><strong>2014<br>Hugh\u00a0Foy<\/strong><br>Directeur des services commerciaux et des services aux membres<br>Toronto Real Estate Board<\/p>\n\n\n\n<p><strong>2013<br>Brad\u00a0Scott<\/strong><br>Chef de l\u2019exploitation<br>Real Estate Board of Greater Vancouver<br><br><strong>2012<br>Bill\u00a0Benoit, CA\u00c9<\/strong><br>Directeur g\u00e9n\u00e9ral<br>Vancouver Island Real Estate Board<br><br><strong>2011<br>Arnold\u00a0Jones<\/strong><br>Directeur g\u00e9n\u00e9ral<br>Nova Scotia Association of REALTORS<sup>\u00ae<\/sup><br><br><strong>2010<br>Robert\u00a0Wallace<\/strong><br>Directeur g\u00e9n\u00e9ral<br>Real Estate Board of Greater Vancouver<br><br><strong>2009<br>Dorothy\u00a0Friesen<\/strong><br>Directrice g\u00e9n\u00e9rale<br>BC Northern Real Estate Board<br><br><strong>2008<br>Brian\u00a0Collie<\/strong><br>Directeur g\u00e9n\u00e9ral<br>Manitoba Real Estate Association<br><br><strong>2007<br>Michel\u00a0Beaus\u00e9jour<\/strong><br>Chef de la direction<br>Chambre immobili\u00e8re du Grand Montr\u00e9al<br><br><strong>2006<br>Ross\u00a0Godsoe<\/strong><br>Directeur g\u00e9n\u00e9ral<br>REALTORS<sup>\u00ae<\/sup> Association of Hamilton-Burlington<br><br><strong>2005<br>Linda\u00a0Rector<\/strong><br>Directrice g\u00e9n\u00e9rale<br>Saint John Real Estate Board<br><br><strong>2004<br>Carol\u00a0Smith-Gee<\/strong><br>Directrice g\u00e9n\u00e9rale<br>Woodstock-Ingersoll and District Real Estate Board<br><br><strong>2003<br>Don\u00a0Richardson, FRI<\/strong><br>Chef de la direction<br>Toronto Real Estate Board<br><br><strong>2001<br>Betty\u00a0Dor\u00e9, CIM, CA\u00c9<\/strong><br>Directrice g\u00e9n\u00e9rale<br>London &amp; St. Thomas Real Estate Board<br><br><strong>2000<br>Ron\u00a0Esch, FRI, CA\u00c9<\/strong><br>Vice-pr\u00e9sident directeur<br>Calgary Real Estate Board<br><br><strong>1999<br>Karan\u00a0Baker<\/strong><br>Directrice g\u00e9n\u00e9rale<br>Hamilton-Burlington &amp; District Real Estate Board<br><br><strong>1997<br>Ken\u00a0MacKenzie, FRI, CA\u00c9<\/strong><br>Directeur g\u00e9n\u00e9ral<br>Fraser Valley Real Estate Board<br><br><strong>1996<br>Carol\u00a0Mallett, CA\u00c9<\/strong><br>Directrice g\u00e9n\u00e9rale<br>Real Estate Board of Ottawa-Carleton<br><br><strong>1995<br>Grant\u00a0Gardiner<\/strong><br>Directeur g\u00e9n\u00e9ral<br>Medicine Hat Real Estate Board<br><br><strong>1993<br>Keith\u00a0Teetzel<\/strong><br>Directeur g\u00e9n\u00e9ral<br>Ontario Real Estate Association<br><br><strong>1992<br>J. Arthur (Art)\u00a0Jones<\/strong><br>Vice-pr\u00e9sident directeur<br>Edmonton Real Estate Board<br><br><strong>1991<br>Robert J. (Bob)\u00a0Melanson<\/strong><br>Directeur g\u00e9n\u00e9ral<br>Victoria Real Estate Board<br><br><strong>1990<br>Donn\u00a0Gardner, FRI, CA\u00c9<\/strong><br>Directeur g\u00e9n\u00e9ral<br>Vancouver Island Real Estate Board<br><br><strong>1989<br>Doug\u00a0Lowry<\/strong><br>Directeur g\u00e9n\u00e9ral<br>Winnipeg Real Estate Board<\/p>\n","protected":false},"excerpt":{"rendered":"<p>Remis pour la premi\u00e8re fois en 1989, le Prix d\u2019excellence du RDA souligne le d\u00e9vouement exceptionnel et le service exemplaire.\u00a0<\/p>\n","protected":false},"author":155,"featured_media":42243,"comment_status":"open","ping_status":"open","sticky":false,"template":"","format":"standard","meta":{"footnotes":""},"categories":[2366],"tags":[],"coauthors":[2421],"class_list":["post-42245","post","type-post","status-publish","format-standard","has-post-thumbnail","hentry","category-nouvelles-de-laci"],"aioseo_notices":[],"_links":{"self":[{"href":"https:\/\/archive.cafe.crea.ca\/fr\/wp-json\/wp\/v2\/posts\/42245"}],"collection":[{"href":"https:\/\/archive.cafe.crea.ca\/fr\/wp-json\/wp\/v2\/posts"}],"about":[{"href":"https:\/\/archive.cafe.crea.ca\/fr\/wp-json\/wp\/v2\/types\/post"}],"author":[{"embeddable":true,"href":"https:\/\/archive.cafe.crea.ca\/fr\/wp-json\/wp\/v2\/users\/155"}],"replies":[{"embeddable":true,"href":"https:\/\/archive.cafe.crea.ca\/fr\/wp-json\/wp\/v2\/comments?post=42245"}],"version-history":[{"count":1,"href":"https:\/\/archive.cafe.crea.ca\/fr\/wp-json\/wp\/v2\/posts\/42245\/revisions"}],"predecessor-version":[{"id":42248,"href":"https:\/\/archive.cafe.crea.ca\/fr\/wp-json\/wp\/v2\/posts\/42245\/revisions\/42248"}],"wp:featuredmedia":[{"embeddable":true,"href":"https:\/\/archive.cafe.crea.ca\/fr\/wp-json\/wp\/v2\/media\/42243"}],"wp:attachment":[{"href":"https:\/\/archive.cafe.crea.ca\/fr\/wp-json\/wp\/v2\/media?parent=42245"}],"wp:term":[{"taxonomy":"category","embeddable":true,"href":"https:\/\/archive.cafe.crea.ca\/fr\/wp-json\/wp\/v2\/categories?post=42245"},{"taxonomy":"post_tag","embeddable":true,"href":"https:\/\/archive.cafe.crea.ca\/fr\/wp-json\/wp\/v2\/tags?post=42245"},{"taxonomy":"author","embeddable":true,"href":"https:\/\/archive.cafe.crea.ca\/fr\/wp-json\/wp\/v2\/coauthors?post=42245"}],"curies":[{"name":"wp","href":"https:\/\/api.w.org\/{rel}","templated":true}]}}