{"id":42220,"date":"2023-01-03T15:07:04","date_gmt":"2023-01-03T20:07:04","guid":{"rendered":"https:\/\/archive.cafe.crea.ca\/?p=42220"},"modified":"2023-01-03T15:07:10","modified_gmt":"2023-01-03T20:07:10","slug":"que-diriez-vous-de-sieger-a-un-comite-de-laci","status":"publish","type":"post","link":"https:\/\/archive.cafe.crea.ca\/fr\/que-diriez-vous-de-sieger-a-un-comite-de-laci\/","title":{"rendered":"Que diriez-vous de si\u00e9ger \u00e0 un comit\u00e9 de l\u2019ACI?"},"content":{"rendered":"\n<p>Les b\u00e9n\u00e9voles contribuent \u00e0 orienter le travail de l\u2019association nationale et veillent \u00e0 ce que les points de vue et l\u2019expertise de ses membres soient au c\u0153ur du processus d\u00e9cisionnel.<\/p>\n\n\n\n<p>Il suffit de saisir l\u2019une de ces occasions stimulantes, qui vous permettront de cro\u00eetre professionnellement tout en enrichissant ce secteur que vous aimez tant.<\/p>\n\n\n\n<p>Nous invitons les courtiers et agents immobiliers, ainsi que les membres du personnel des chambres et des associations, \u00e0 poser leur candidature pour si\u00e9ger \u00e0 titre de b\u00e9n\u00e9vole \u00e0 l\u2019un de nos comit\u00e9s op\u00e9rationnels ou comit\u00e9 du conseil d\u2019administration. Ces comit\u00e9s aiguillent le conseil d\u2019administration et le chef de la direction dans des domaines importants et aident \u00e0 orienter le travail de votre association nationale.<\/p>\n\n\n\n<p>Les dirigeants de l\u2019ACI comprennent bien l\u2019importance d\u2019enrichir nos comit\u00e9s d\u2019une vari\u00e9t\u00e9 de points de vue et d\u2019exp\u00e9riences. Nous tenons \u00e0 ce que nos comit\u00e9s et notre conseil d\u2019administration refl\u00e8tent l\u2019incroyable diversit\u00e9 de nos membres \u00e0 l\u2019\u00e9chelle nationale. C\u2019est pourquoi nous sollicitons la participation des membres de l\u2019ACI de partout au pays.<\/p>\n\n\n\n<p class=\"has-background\" style=\"background-color:#f2f2f2\">Le mercredi\u00a011\u00a0janvier 2023, nous organiserons une s\u00e9ance d\u2019information virtuelle pour les personnes int\u00e9ress\u00e9es \u00e0 devenir membre des comit\u00e9s de l\u2019ACI pour la p\u00e9riode\u00a02023-2024. Les participants \u00e0 cette s\u00e9ance recevront des informations de la part d\u2019anciens membres des comit\u00e9s et pourront poser des questions. <a href=\"https:\/\/forms.office.com\/pages\/responsepage.aspx?id=7l2ekICVpEucIr_wtjVhLw0dwMtypb9Fr0-BNJmhLGVUOVZJWTk3N05JUVRHTjNRNlcwS0FTQzI2RS4u&amp;web=1&amp;wdLOR=c993DE75C-B7BD-4AD9-A86B-8CE290C06F3E\" target=\"_blank\" rel=\"noreferrer noopener\">S\u2019inscrire<\/a>.<\/p>\n\n\n\n<h1 class=\"wp-block-heading\">Comment pr\u00e9senter ma candidature \u00e0 un comit\u00e9 de l\u2019ACI?<\/h1>\n\n\n\n<p>Visitez la <a href=\"https:\/\/www.crea.ca\/fr\/a-propos\/membres-de-la-direction\/comites-de-benevoles\/\" target=\"_blank\" rel=\"noreferrer noopener\">page des comit\u00e9s de l\u2019ACI<\/a>, puis remplissez le formulaire \u00e9lectronique de candidature. Parlez-nous de vous, de votre parcours et des raisons pour lesquelles vous seriez une excellente ressource pour le(s) comit\u00e9(s) de votre choix. La date limite pour soumettre une candidature est le <strong>vendredi\u00a017\u00a0f\u00e9vrier\u00a02023<\/strong>. Le processus de candidature est ouvert \u00e0 tous les courtiers et agents immobiliers membres en r\u00e8gle de l\u2019ACI.<\/p>\n\n\n\n<div class=\"wp-block-buttons is-layout-flex wp-block-buttons-is-layout-flex\">\n<div class=\"wp-block-button\"><a class=\"wp-block-button__link\" href=\"https:\/\/crea-aci.ca1.qualtrics.com\/jfe\/form\/SV_51HSZE5cEAr42JU?Q_Language=FR\">Pr\u00e9senter sa candidature<\/a><\/div>\n<\/div>\n\n\n\n<h1 class=\"wp-block-heading\">Pourquoi si\u00e9ger \u00e0 un comit\u00e9 de l\u2019ACI?<\/h1>\n\n\n\n<p>Les membres des comit\u00e9s de l\u2019ACI mettent \u00e0 profit leur point de vue, leur expertise et leur talent en contribuant, au nom de leurs coll\u00e8gues, au travail de notre association.<\/p>\n\n\n\n<p>Les b\u00e9n\u00e9voles acqui\u00e8rent \u00e9galement une riche exp\u00e9rience de service \u00e0 \u00e9chelle nationale, ce qui peut s\u2019av\u00e9rer utile pour les personnes qui aspirent \u00e0 des r\u00f4les de direction. De plus, il s\u2019agit d\u2019une merveilleuse occasion de tisser des liens et de se faire des contacts dans le secteur aux quatre coins du pays.<\/p>\n\n\n\n<h1 class=\"wp-block-heading\">Quels sont les postes \u00e0 pourvoir?<\/h1>\n\n\n\n<p>Des postes sont offerts aux membres de l\u2019ACI ainsi qu\u2019aux repr\u00e9sentants des chambres et associations de tout le Canada au sein des comit\u00e9s suivants (mandat d\u2019un an)&nbsp;:<\/p>\n\n\n\n<p><strong>Comit\u00e9 d\u2019audit et de gestion du risque<\/strong><\/p>\n\n\n\n<p>Objectifs du comit\u00e9&nbsp;: Selon les objectifs du conseil d\u2019administration pour l\u2019ann\u00e9e d\u2019exercice, \u00e9laborer et mettre en \u0153uvre un plan de travail annuel visant \u00e0 nommer un v\u00e9rificateur externe et \u00e0 superviser le processus d\u2019audit.<\/p>\n\n\n\n<p><strong>Comit\u00e9 des affaires f\u00e9d\u00e9rales<\/strong><\/p>\n\n\n\n<p>Objectifs du comit\u00e9&nbsp;: Fournir une orientation strat\u00e9gique en ce qui concerne les politiques, les programmes et les initiatives du gouvernement f\u00e9d\u00e9ral favorisant l\u2019accession \u00e0 la propri\u00e9t\u00e9 et l\u2019investissement immobilier, et prot\u00e9ger les int\u00e9r\u00eats des acheteurs, des propri\u00e9taires et des courtiers et agents immobiliers membres.<\/p>\n\n\n\n<p><strong>Comit\u00e9 des finances<\/strong><\/p>\n\n\n\n<p>Objectifs du comit\u00e9&nbsp;: Selon les objectifs du conseil d\u2019administration pour l\u2019ann\u00e9e d\u2019exercice, \u00e9laborer et mettre en \u0153uvre un plan de travail annuel visant \u00e0 analyser et \u00e0 surveiller la gestion financi\u00e8re de l\u2019ACI et \u00e0 fournir des conseils et des recommandations au conseil d\u2019administration en la mati\u00e8re.<\/p>\n\n\n\n<p><strong>Comit\u00e9 sur la gouvernance et le R\u00e8glement int\u00e9rieur<\/strong><\/p>\n\n\n\n<p>Objectifs du comit\u00e9&nbsp;: Selon les objectifs du conseil d\u2019administration pour l\u2019ann\u00e9e d\u2019exercice, \u00e9laborer et mettre en \u0153uvre un plan de travail annuel visant l\u2019am\u00e9lioration des politiques et des pratiques exemplaires du conseil d\u2019administration en mati\u00e8re de gouvernance.<\/p>\n\n\n\n<p><strong>Comit\u00e9 sur les pratiques environnementales, sociales et de gouvernance (ESG)<\/strong><\/p>\n\n\n\n<p>Objectifs du comit\u00e9&nbsp;: Servir de ressource au conseil d\u2019administration de l\u2019ACI pour les questions environnementales, sociales et de gouvernance (ESG) et fournir une orientation strat\u00e9gique pour les politiques, les pratiques et les programmes par le biais desquels l\u2019ACI peut aborder les enjeux, les risques et les occasions prioritaires en mati\u00e8re de pratiques ESG.<\/p>\n\n\n\n<p><strong>Comit\u00e9 des directeurs d\u2019association<\/strong><\/p>\n\n\n\n<p>Objectifs du comit\u00e9&nbsp;: Servir de ressource au chef de la direction de l\u2019ACI pour promouvoir le respect des normes les plus \u00e9lev\u00e9es au sein du R\u00e9seau des directeurs d\u2019association (RDA) et des organisations repr\u00e9sent\u00e9es.<\/p>\n\n\n\n<p><strong>Comit\u00e9 des propri\u00e9taires\/gestionnaires d\u2019agence<\/strong><\/p>\n\n\n\n<p>Objectifs du comit\u00e9&nbsp;: Servir de ressource et donner sa r\u00e9troaction quant aux services et au soutien destin\u00e9s aux agences.<\/p>\n\n\n\n<p><strong>Comit\u00e9 du marketing et des communications<\/strong><\/p>\n\n\n\n<p>Objectifs du comit\u00e9&nbsp;: Fournir une orientation strat\u00e9gique g\u00e9n\u00e9rale et une r\u00e9troaction pour les activit\u00e9s de marketing et de communications de l\u2019ACI en vue de contribuer \u00e0 l\u2019atteinte de la mission de l\u2019ACI. Le comit\u00e9 doit aider \u00e0 faire en sorte que les produits de communication de l\u2019ACI r\u00e9pondent aux besoins des auditoires qui rev\u00eatent une importance strat\u00e9gique pour l\u2019ACI et que les initiatives de marketing et de publicit\u00e9 de l\u2019ACI r\u00e9pondent strat\u00e9giquement aux besoins de ses membres.<\/p>\n\n\n\n<p><strong>Comit\u00e9 du Code de conduite des membres de l\u2019ACI<\/strong><\/p>\n\n\n\n<p>Objectifs du comit\u00e9&nbsp;: Superviser la mise en \u0153uvre, l\u2019organisation et l\u2019application du Code de conduite des membres de l\u2019ACI au pays, et formuler des recommandations pour assurer la pertinence du Code de conduite des membres de l\u2019ACI et la solidit\u00e9 de la marque REALTOR\u00ae.<\/p>\n\n\n\n<p><strong>Comit\u00e9 de la technologie<\/strong><\/p>\n\n\n\n<p>Objectifs du comit\u00e9&nbsp;: Servir de ressource au chef de la direction de l\u2019ACI pour les initiatives de technologie.<\/p>\n\n\n\n<p>Pour en savoir plus sur les r\u00f4les et les responsabilit\u00e9s de ces comit\u00e9s, visitez la <a href=\"https:\/\/www.crea.ca\/fr\/a-propos\/membres-de-la-direction\/comites-de-benevoles\/\" target=\"_blank\" rel=\"noreferrer noopener\">page des comit\u00e9s de l\u2019ACI<\/a> et consultez la description du mandat de chacun.<\/p>\n\n\n\n<h1 class=\"wp-block-heading\">\u00c0 combien de comit\u00e9s puis-je poser ma candidature?<\/h1>\n\n\n\n<p>Vous pouvez poser votre candidature \u00e0 un maximum de deux&nbsp;comit\u00e9s du conseil d\u2019administration et de deux&nbsp;comit\u00e9s op\u00e9rationnels.<\/p>\n\n\n\n<h1 class=\"wp-block-heading\">Quelle est la dur\u00e9e du mandat d\u2019un membre de comit\u00e9?<\/h1>\n\n\n\n<p>La dur\u00e9e du mandat est habituellement d\u2019un an. Le membre d\u2019un comit\u00e9 peut demander une reconduction de son mandat.<\/p>\n\n\n\n<h1 class=\"wp-block-heading\">\u00c0 quelle fr\u00e9quence les comit\u00e9s se r\u00e9unissent-ils?<\/h1>\n\n\n\n<p>La plupart des r\u00e9unions de comit\u00e9s de l\u2019ACI ont lieu en personne au moins une fois par ann\u00e9e, aux bureaux de l\u2019ACI \u00e0 Ottawa, en Ontario. Les comit\u00e9s peuvent \u00e9galement organiser des appels virtuels ou des webinaires. Les membres des comit\u00e9s se font rembourser leurs frais de d\u00e9placement pour assister aux r\u00e9unions, conform\u00e9ment aux politiques et pratiques de l\u2019ACI.<\/p>\n\n\n\n<p>Nous vous remercions de votre int\u00e9r\u00eat pour un mandat b\u00e9n\u00e9vole au sein d\u2019un comit\u00e9 de l\u2019ACI. Nous serons heureux de recevoir votre candidature.<\/p>\n\n\n\n<div class=\"wp-block-buttons is-layout-flex wp-block-buttons-is-layout-flex\">\n<div class=\"wp-block-button\"><a class=\"wp-block-button__link\" href=\"https:\/\/crea-aci.ca1.qualtrics.com\/jfe\/form\/SV_51HSZE5cEAr42JU?Q_Language=FR\" target=\"_blank\" rel=\"noreferrer noopener\">Pr\u00e9senter sa candidature<\/a><\/div>\n<\/div>\n\n\n\n<p class=\"has-background\" style=\"background-color:#f2f2f2\">Si vous avez des questions au sujet du processus de candidature, communiquez avec le Centre de l\u2019exp\u00e9rience des membres, \u00e0 <a href=\"mailto:support@crea.ca\" target=\"_blank\" rel=\"noreferrer noopener\">support@crea.ca<\/a>, ou au 1-888-237-7945.<\/p>\n","protected":false},"excerpt":{"rendered":"<p>Nous invitons les courtiers et agents immobiliers, ainsi que les membres du personnel des chambres et des associations, \u00e0 poser leur candidature pour si\u00e9ger \u00e0 titre de b\u00e9n\u00e9vole \u00e0 l\u2019un de nos comit\u00e9s op\u00e9rationnels ou comit\u00e9 du conseil d\u2019administration.<\/p>\n","protected":false},"author":190,"featured_media":42222,"comment_status":"open","ping_status":"open","sticky":false,"template":"","format":"standard","meta":{"footnotes":""},"categories":[2366],"tags":[2380],"coauthors":[2460],"class_list":["post-42220","post","type-post","status-publish","format-standard","has-post-thumbnail","hentry","category-nouvelles-de-laci","tag-featured-fr-2"],"aioseo_notices":[],"_links":{"self":[{"href":"https:\/\/archive.cafe.crea.ca\/fr\/wp-json\/wp\/v2\/posts\/42220"}],"collection":[{"href":"https:\/\/archive.cafe.crea.ca\/fr\/wp-json\/wp\/v2\/posts"}],"about":[{"href":"https:\/\/archive.cafe.crea.ca\/fr\/wp-json\/wp\/v2\/types\/post"}],"author":[{"embeddable":true,"href":"https:\/\/archive.cafe.crea.ca\/fr\/wp-json\/wp\/v2\/users\/190"}],"replies":[{"embeddable":true,"href":"https:\/\/archive.cafe.crea.ca\/fr\/wp-json\/wp\/v2\/comments?post=42220"}],"version-history":[{"count":2,"href":"https:\/\/archive.cafe.crea.ca\/fr\/wp-json\/wp\/v2\/posts\/42220\/revisions"}],"predecessor-version":[{"id":42227,"href":"https:\/\/archive.cafe.crea.ca\/fr\/wp-json\/wp\/v2\/posts\/42220\/revisions\/42227"}],"wp:featuredmedia":[{"embeddable":true,"href":"https:\/\/archive.cafe.crea.ca\/fr\/wp-json\/wp\/v2\/media\/42222"}],"wp:attachment":[{"href":"https:\/\/archive.cafe.crea.ca\/fr\/wp-json\/wp\/v2\/media?parent=42220"}],"wp:term":[{"taxonomy":"category","embeddable":true,"href":"https:\/\/archive.cafe.crea.ca\/fr\/wp-json\/wp\/v2\/categories?post=42220"},{"taxonomy":"post_tag","embeddable":true,"href":"https:\/\/archive.cafe.crea.ca\/fr\/wp-json\/wp\/v2\/tags?post=42220"},{"taxonomy":"author","embeddable":true,"href":"https:\/\/archive.cafe.crea.ca\/fr\/wp-json\/wp\/v2\/coauthors?post=42220"}],"curies":[{"name":"wp","href":"https:\/\/api.w.org\/{rel}","templated":true}]}}