{"id":42012,"date":"2022-11-24T10:47:58","date_gmt":"2022-11-24T15:47:58","guid":{"rendered":"https:\/\/archive.cafe.crea.ca\/?p=42012"},"modified":"2022-11-24T10:48:43","modified_gmt":"2022-11-24T15:48:43","slug":"laugmentation-des-ventes-residentielles-vous-a-t-elle-surpris","status":"publish","type":"post","link":"https:\/\/archive.cafe.crea.ca\/fr\/laugmentation-des-ventes-residentielles-vous-a-t-elle-surpris\/","title":{"rendered":"L\u2019augmentation des ventes r\u00e9sidentielles vous a-t-elle surpris?"},"content":{"rendered":"\n<p><em>Le mardi\u00a015\u00a0novembre, L\u2019Association canadienne de l\u2019immobilier (ACI) a publi\u00e9 ses statistiques nationales sur l\u2019habitation pour le mois d\u2019octobre. Shaun\u00a0Cathcart, \u00e9conomiste principal \u00e0 l\u2019ACI, fait le point sur l\u2019\u00e9tat des march\u00e9s de l\u2019habitation au Canada et explique ce que les donn\u00e9es signifient pour les membres.<\/em><\/p>\n\n\n\n<hr class=\"wp-block-separator has-alpha-channel-opacity is-style-wide\"\/>\n\n\n\n<p>Bien des gens ont \u00e9t\u00e9 surpris d\u2019apprendre que les ventes r\u00e9sidentielles enregistr\u00e9es sur les syst\u00e8mes MLS\u00ae canadiens ont augment\u00e9 de 1,3\u00a0% de septembre \u00e0 octobre\u00a02022.<\/p>\n\n\n\n<p>Cela n\u2019aurait pas d\u00fb surprendre les avertis du march\u00e9, puisque les baisses des ventes d\u2019un mois \u00e0 l\u2019autre sont de plus en plus faibles depuis mai. Pour certains, observer des r\u00e9sultats positifs plut\u00f4t que n\u00e9gatifs est un changement significatif, ne serait-ce que sur le plan psychologique.<\/p>\n\n\n\n<p>Bien qu\u2019une augmentation de 1,3&nbsp;% peut ne pas sembler importante, car nous avons naturellement tendance \u00e0 comparer ce chiffre \u00e0 z\u00e9ro, pour ceux qui ne suivent pas tous les d\u00e9tails du march\u00e9 de l\u2019habitation au Canada, ce petit gain s\u2019inscrit dans une impression g\u00e9n\u00e9rale que le ciel nous tombe, et continue de nous tomber, sur la t\u00eate. C\u2019est pour cela que ce gain en a surpris plusieurs.<\/p>\n\n\n\n<p>Et c\u2019\u00e9tait une bonne surprise. Cela fait un bon moment que nous disons que nous ne jouirons pas de sit\u00f4t du m\u00eame march\u00e9 qui existait \u00e0 la fin de 2020 et au cours d\u2019une bonne partie de 2021. Pas avec les taux d\u2019int\u00e9r\u00eat qui ont beaucoup augment\u00e9.<\/p>\n\n\n\n<p>La lumi\u00e8re au bout du tunnel que nous recherchons, c\u2019est la stabilisation. La stabilisation de l\u2019inflation d\u2019une ann\u00e9e \u00e0 l\u2019autre, un plafond pour les taux d\u2019int\u00e9r\u00eat (le \u00ab\u00a0taux final\u00a0\u00bb) et un niveau plancher des ventes et des prix des propri\u00e9t\u00e9s.<\/p>\n\n\n\n<p>\u00c0 ce stade, on semble voir deux des quatre\u00a0signes de stabilisation (inflation et ventes de propri\u00e9t\u00e9s). Avec un peu de chance, au cours des prochains mois, la Banque du Canada annoncera qu\u2019il n\u2019y aura pas d\u2019autres hausses des taux d\u2019int\u00e9r\u00eat. Et quand tous les morceaux seront en place, les prix devraient se stabiliser.<\/p>\n\n\n\n<p>Les baisses des prix d\u2019un mois \u00e0 l\u2019autre sont de plus en plus faibles depuis juin, mais comme pour les taux d\u2019int\u00e9r\u00eat, nous n\u2019avons pas encore atteint l\u2019\u00e9quilibre.<\/p>\n\n\n\n<p>L\u2019ann\u00e9e a \u00e9t\u00e9 difficile pour les march\u00e9s de l\u2019habitation, tant pour les d\u00e9tenteurs d\u2019un pr\u00eat hypoth\u00e9caire que pour les acheteurs \u00e9ventuels, mais cette conjoncture voulant que la demande \u00e0 long terme soit trop \u00e9lev\u00e9e et que l\u2019offre soit insuffisante n\u2019est pas intrins\u00e8que au march\u00e9 de l\u2019habitation. Cette conjecture est attribuable (temporairement) \u00e0 l\u2019inflation.<\/p>\n\n\n\n<h2 class=\"wp-block-heading\">Autres articles au Caf\u00e9 ACI\u00a0:<\/h2>\n\n\n\n<ul class=\"wp-block-list\"><li><a href=\"https:\/\/archive.cafe.crea.ca\/mortgage-trends-to-watch-heading-into-2023\/\" target=\"_blank\" rel=\"noreferrer noopener\"><strong>Tendances hypoth\u00e9caires \u00e0 surveiller \u00e0 l\u2019approche de 2023<\/strong><\/a><\/li><li><a href=\"https:\/\/archive.cafe.crea.ca\/august-data-offers-more-signs-housing-markets-are-stabilizing\/\" target=\"_blank\" rel=\"noreferrer noopener\"><strong>Les donn\u00e9es d\u2019ao\u00fbt d\u00e9montrent une stabilisation soutenue du march\u00e9 de l\u2019habitation<\/strong><\/a><\/li><li><a href=\"https:\/\/archive.cafe.crea.ca\/are-housing-markets-coming-in-for-a-landing\/\" target=\"_blank\" rel=\"noreferrer noopener\"><strong>Une stabilisation en vue pour les march\u00e9s de l\u2019habitation?<\/strong><\/a><\/li><\/ul>\n\n\n\n<p>La Banque du Canada a commenc\u00e9 \u00e0 cibler l\u2019inflation en 1991 et c\u2019est la premi\u00e8re fois depuis que l\u2019inflation est aussi \u00e9lev\u00e9e. Ce ne sera pas toutefois un retour aux ann\u00e9es\u00a01970 et 1980. Le mandat de la Banque consiste \u00e0 combattre l\u2019inflation pour la ramener \u00e0 la cible, et c\u2019est ce qu\u2019elle fait. Le logement, la croissance \u00e9conomique, l\u2019emploi et bien d\u2019autres choses ne sont pas dans la ligne de mire, mais ils en subissent les cons\u00e9quences.<\/p>\n\n\n\n<p>Bient\u00f4t, le taux du financement \u00e0 un jour de la Banque du Canada atteindra probablement entre 4\u00a0% et 5\u00a0%, et se stabilisera. Si tout se passe comme pr\u00e9vu, l\u2019inflation retombera vers la cible et la Banque pourra commencer \u00e0 rel\u00e2cher le frein.<\/p>\n\n\n\n<p>La \u00ab\u00a0fourchette neutre\u00a0\u00bb pour le taux du financement \u00e0 un jour est de 2\u00a0% \u00e0 3\u00a0%, ce qui serait une sorte de zone id\u00e9ale entre la situation actuelle et la situation connue en 2020 et en 2021 avec offres multiples et hausses des prix des propri\u00e9t\u00e9s de 30\u00a0%. Cela ne devrait pas prendre trop de temps pour y arriver, mais nous n\u2019y sommes pas encore. Comme le dit l\u2019expression, \u00e7a va passer.<\/p>\n\n\n\n<p>En savoir plus\u00a0: <a href=\"http:\/\/creastats.ca\" target=\"_blank\" rel=\"noreferrer noopener\">creastats.ca<\/a>.<\/p>\n","protected":false},"excerpt":{"rendered":"<p>Shaun\u00a0Cathcart, \u00e9conomiste principal \u00e0 l\u2019ACI, fait le point sur l\u2019\u00e9tat des march\u00e9s de l\u2019habitation au Canada et explique ce que les donn\u00e9es signifient pour les membres.<\/p>\n","protected":false},"author":14,"featured_media":42009,"comment_status":"open","ping_status":"open","sticky":false,"template":"","format":"standard","meta":{"footnotes":""},"categories":[2367],"tags":[2380],"coauthors":[2199],"class_list":["post-42012","post","type-post","status-publish","format-standard","has-post-thumbnail","hentry","category-statistiques","tag-featured-fr-2"],"aioseo_notices":[],"_links":{"self":[{"href":"https:\/\/archive.cafe.crea.ca\/fr\/wp-json\/wp\/v2\/posts\/42012"}],"collection":[{"href":"https:\/\/archive.cafe.crea.ca\/fr\/wp-json\/wp\/v2\/posts"}],"about":[{"href":"https:\/\/archive.cafe.crea.ca\/fr\/wp-json\/wp\/v2\/types\/post"}],"author":[{"embeddable":true,"href":"https:\/\/archive.cafe.crea.ca\/fr\/wp-json\/wp\/v2\/users\/14"}],"replies":[{"embeddable":true,"href":"https:\/\/archive.cafe.crea.ca\/fr\/wp-json\/wp\/v2\/comments?post=42012"}],"version-history":[{"count":1,"href":"https:\/\/archive.cafe.crea.ca\/fr\/wp-json\/wp\/v2\/posts\/42012\/revisions"}],"predecessor-version":[{"id":42016,"href":"https:\/\/archive.cafe.crea.ca\/fr\/wp-json\/wp\/v2\/posts\/42012\/revisions\/42016"}],"wp:featuredmedia":[{"embeddable":true,"href":"https:\/\/archive.cafe.crea.ca\/fr\/wp-json\/wp\/v2\/media\/42009"}],"wp:attachment":[{"href":"https:\/\/archive.cafe.crea.ca\/fr\/wp-json\/wp\/v2\/media?parent=42012"}],"wp:term":[{"taxonomy":"category","embeddable":true,"href":"https:\/\/archive.cafe.crea.ca\/fr\/wp-json\/wp\/v2\/categories?post=42012"},{"taxonomy":"post_tag","embeddable":true,"href":"https:\/\/archive.cafe.crea.ca\/fr\/wp-json\/wp\/v2\/tags?post=42012"},{"taxonomy":"author","embeddable":true,"href":"https:\/\/archive.cafe.crea.ca\/fr\/wp-json\/wp\/v2\/coauthors?post=42012"}],"curies":[{"name":"wp","href":"https:\/\/api.w.org\/{rel}","templated":true}]}}