{"id":41938,"date":"2022-11-15T11:34:00","date_gmt":"2022-11-15T16:34:00","guid":{"rendered":"https:\/\/archive.cafe.crea.ca\/?p=41938"},"modified":"2022-11-15T11:34:03","modified_gmt":"2022-11-15T16:34:03","slug":"faits-saillants-des-journees-du-cap-de-2022-dans-la-capitale","status":"publish","type":"post","link":"https:\/\/archive.cafe.crea.ca\/fr\/faits-saillants-des-journees-du-cap-de-2022-dans-la-capitale\/","title":{"rendered":"Faits saillants des Journ\u00e9es du CAP de 2022 dans la CAPitale"},"content":{"rendered":"\n<p>Apr\u00e8s deux&nbsp;ann\u00e9es de programmation virtuelle, L\u2019Association canadienne de l\u2019immobilier (ACI) \u00e9tait ravie d\u2019accueillir plus de 400&nbsp;repr\u00e9sentants du CAP dans la capitale nationale pour son 37<sup>e<\/sup>&nbsp;congr\u00e8s annuel des Journ\u00e9es du CAP.<\/p>\n\n\n\n<p>Chaque ann\u00e9e, l\u2019ACI rassemble des repr\u00e9sentants du CAP d\u2019un bout \u00e0 l\u2019autre du pays dans le but de rencontrer leurs d\u00e9put\u00e9s, de participer \u00e0 nos efforts de d\u00e9fense des int\u00e9r\u00eats et de travailler ensemble pour am\u00e9liorer l\u2019accessibilit\u00e9 au logement au Canada. Cette ann\u00e9e, 130&nbsp;rencontres ont \u00e9t\u00e9 organis\u00e9es avec les d\u00e9put\u00e9s afin de faire valoir deux&nbsp;recommandations principales visant \u00e0 r\u00e9soudre les probl\u00e8mes de l\u2019offre dans tout le continuum du logement&nbsp;:<\/p>\n\n\n\n<ol class=\"wp-block-list\"><li>mettre sur pied une table ronde nationale permanente sur le logement;<\/li><li>tirer parti des ententes bilat\u00e9rales en mati\u00e8re d\u2019infrastructure avec les provinces et territoires en y ajoutant une clause sur le logement.<\/li><\/ol>\n\n\n\n<p class=\"has-background\" style=\"background-color:#f2f2f2\"><strong>Visitez\u00a0<a href=\"https:\/\/devraiesidees.ca\/\" target=\"_blank\" rel=\"noreferrer noopener\">deVRAIESidees.ca<\/a>\u00a0afin d\u2019en savoir plus sur nos recommandations.<\/strong><\/p>\n\n\n\n<figure class=\"wp-block-image size-full\"><img loading=\"lazy\" decoding=\"async\" width=\"1394\" height=\"786\" src=\"https:\/\/archive.cafe.crea.ca\/wp-content\/uploads\/2022\/11\/PAC2.jpg\" alt=\"\" class=\"wp-image-41925\" srcset=\"https:\/\/archive.cafe.crea.ca\/wp-content\/uploads\/2022\/11\/PAC2.jpg 1394w, https:\/\/archive.cafe.crea.ca\/wp-content\/uploads\/2022\/11\/PAC2-768x433.jpg 768w, https:\/\/archive.cafe.crea.ca\/wp-content\/uploads\/2022\/11\/PAC2-1013x571.jpg 1013w\" sizes=\"(max-width: 1394px) 100vw, 1394px\" \/><figcaption>Des repr\u00e9sentants du CAP rencontrent Tim\u00a0Uppal, chef adjoint de l\u2019opposition officielle du Canada<br><br><\/figcaption><\/figure>\n\n\n\n<p>Du 16\u00a0au\u00a018\u00a0octobre, l\u2019ACI a invit\u00e9 des pan\u00e9listes et des conf\u00e9renciers \u00e0 se pencher sur la politique f\u00e9d\u00e9rale, la crise du logement au Canada et des strat\u00e9gies efficaces de d\u00e9fense des int\u00e9r\u00eats. Lors du tr\u00e8s populaire panel m\u00e9diatique en anglais, Chantal\u00a0H\u00e9bert, Don\u00a0Martin et Rob\u00a0Russo ont fait ressortir que le probl\u00e8me de l\u2019offre est un enjeu important pour tous les partis politiques et nous ont fait part de leurs pr\u00e9visions relatives \u00e0 la sc\u00e8ne politique canadienne. Lors de la deuxi\u00e8me journ\u00e9e, les d\u00e9put\u00e9s Soraya\u00a0Martinez\u00a0Ferrada (Parti lib\u00e9ral), Matt\u00a0Jeneroux (Parti conservateur), Jenny\u00a0Kwan (Nouveau Parti d\u00e9mocratique) et Xavier\u00a0Barsalou-Duval (Bloc Qu\u00e9b\u00e9cois) ont donn\u00e9 un aper\u00e7u des priorit\u00e9s de leur parti et de la vie sur la Colline. Nous avons de plus eu la chance d\u2019\u00e9couter des initi\u00e9s des milieux politiques comme Amanda\u00a0Alvaro, Kathleen\u00a0Monk et Tim\u00a0Powers.<\/p>\n\n\n\n<figure class=\"wp-block-image size-full\"><img loading=\"lazy\" decoding=\"async\" width=\"1384\" height=\"782\" src=\"https:\/\/archive.cafe.crea.ca\/wp-content\/uploads\/2022\/11\/PAC3.jpg\" alt=\"\" class=\"wp-image-41927\" srcset=\"https:\/\/archive.cafe.crea.ca\/wp-content\/uploads\/2022\/11\/PAC3.jpg 1384w, https:\/\/archive.cafe.crea.ca\/wp-content\/uploads\/2022\/11\/PAC3-768x434.jpg 768w, https:\/\/archive.cafe.crea.ca\/wp-content\/uploads\/2022\/11\/PAC3-1011x571.jpg 1011w\" sizes=\"(max-width: 1384px) 100vw, 1384px\" \/><figcaption>Panel de d\u00e9put\u00e9s\u00a0: Xavier\u00a0Barsalou-Duval (Bloc Qu\u00e9b\u00e9cois), Jenny\u00a0Kwan (Nouveau Parti d\u00e9mocratique), Matt\u00a0Jeneroux (Parti conservateur), Soraya\u00a0Martinez\u00a0Ferrada (Parti lib\u00e9ral) et Michael\u00a0Bourque, chef de la direction de l\u2019ACI<br><\/figcaption><\/figure>\n\n\n\n<p>Au cours de la troisi\u00e8me journ\u00e9e, en plus de discussions sur la politique et sur les recommandations des courtiers et agents immobiliers, trois conf\u00e9renciers exceptionnels sont mont\u00e9s sur sc\u00e8ne pour discuter des fa\u00e7ons dont les professionnels de l\u2019immobilier peuvent contribuer \u00e0 b\u00e2tir des collectivit\u00e9s inclusives et durables sur le plan environnemental.<\/p>\n\n\n\n<p>Tout d\u2019abord, Sandy\u00a0Hudson, co-fondatrice, Black Lives Matter Canada, a d\u00e9crit des moyens que nous pouvons tous utiliser pour lutter contre le racisme et rendre notre secteur et nos collectivit\u00e9s plus inclusifs.<\/p>\n\n\n\n<figure class=\"wp-block-image size-full\"><img loading=\"lazy\" decoding=\"async\" width=\"1429\" height=\"796\" src=\"https:\/\/archive.cafe.crea.ca\/wp-content\/uploads\/2022\/11\/PAC5.jpg\" alt=\"\" class=\"wp-image-41931\" srcset=\"https:\/\/archive.cafe.crea.ca\/wp-content\/uploads\/2022\/11\/PAC5.jpg 1429w, https:\/\/archive.cafe.crea.ca\/wp-content\/uploads\/2022\/11\/PAC5-768x428.jpg 768w, https:\/\/archive.cafe.crea.ca\/wp-content\/uploads\/2022\/11\/PAC5-1025x571.jpg 1025w, https:\/\/archive.cafe.crea.ca\/wp-content\/uploads\/2022\/11\/PAC5-360x200.jpg 360w\" sizes=\"(max-width: 1429px) 100vw, 1429px\" \/><figcaption><em>Jour\u00a03\u00a0des Journ\u00e9es du CAP\u00a0:\u00a0Sandy Hudson discute de comment nous pouvons tous lutter contre le racisme et rendre notre secteur et nos collectivit\u00e9s plus inclusifs<\/em><br><\/figcaption><\/figure>\n\n\n\n<p>Pour conna\u00eetre d\u2019autres faits saillants, effectuez une recherche dans les m\u00e9dias sociaux en utilisant le mot-clic #CAP22ACI.<\/p>\n\n\n\n<p>Nous esp\u00e9rons que vous serez des n\u00f4tres l\u2019an prochain lors des 38<sup>es<\/sup>&nbsp;Journ\u00e9es du CAP. Si vous souhaitez devenir repr\u00e9sentant du CAP, communiquez avec votre chambre locale ou association.<\/p>\n\n\n\n<p>N\u2019oubliez pas de consulter le&nbsp;<a href=\"https:\/\/www.realtoractionnetwork.com\/fr-CA\/Index?NEQS=LSeTWK5KDoF8Gmys0WOpmo2z0DD8ic5u5WFl6mo93NUunIwaNy3vqK6Ee2A8oNjT4t7S4J4QxIotrRFY9eIJOky9ttzLsk2o79t08dFFOA4%3D\" target=\"_blank\" rel=\"noreferrer noopener\">R\u00e9seau d\u2019action immobilier<\/a>&nbsp;afin de vous tenir au courant des affaires f\u00e9d\u00e9rales.<\/p>\n","protected":false},"excerpt":{"rendered":"<p>Apr\u00e8s deux\u00a0ann\u00e9es de programmation virtuelle, L\u2019Association canadienne de l\u2019immobilier (ACI) \u00e9tait ravie d\u2019accueillir plus de 400\u00a0repr\u00e9sentants du CAP dans la capitale nationale pour son 37e\u00a0congr\u00e8s annuel des Journ\u00e9es du CAP.<\/p>\n","protected":false},"author":186,"featured_media":41933,"comment_status":"open","ping_status":"open","sticky":false,"template":"","format":"standard","meta":{"footnotes":""},"categories":[2369],"tags":[2380],"coauthors":[2456],"class_list":["post-41938","post","type-post","status-publish","format-standard","has-post-thumbnail","hentry","category-defense-des-interets","tag-featured-fr-2"],"aioseo_notices":[],"_links":{"self":[{"href":"https:\/\/archive.cafe.crea.ca\/fr\/wp-json\/wp\/v2\/posts\/41938"}],"collection":[{"href":"https:\/\/archive.cafe.crea.ca\/fr\/wp-json\/wp\/v2\/posts"}],"about":[{"href":"https:\/\/archive.cafe.crea.ca\/fr\/wp-json\/wp\/v2\/types\/post"}],"author":[{"embeddable":true,"href":"https:\/\/archive.cafe.crea.ca\/fr\/wp-json\/wp\/v2\/users\/186"}],"replies":[{"embeddable":true,"href":"https:\/\/archive.cafe.crea.ca\/fr\/wp-json\/wp\/v2\/comments?post=41938"}],"version-history":[{"count":1,"href":"https:\/\/archive.cafe.crea.ca\/fr\/wp-json\/wp\/v2\/posts\/41938\/revisions"}],"predecessor-version":[{"id":41940,"href":"https:\/\/archive.cafe.crea.ca\/fr\/wp-json\/wp\/v2\/posts\/41938\/revisions\/41940"}],"wp:featuredmedia":[{"embeddable":true,"href":"https:\/\/archive.cafe.crea.ca\/fr\/wp-json\/wp\/v2\/media\/41933"}],"wp:attachment":[{"href":"https:\/\/archive.cafe.crea.ca\/fr\/wp-json\/wp\/v2\/media?parent=41938"}],"wp:term":[{"taxonomy":"category","embeddable":true,"href":"https:\/\/archive.cafe.crea.ca\/fr\/wp-json\/wp\/v2\/categories?post=41938"},{"taxonomy":"post_tag","embeddable":true,"href":"https:\/\/archive.cafe.crea.ca\/fr\/wp-json\/wp\/v2\/tags?post=41938"},{"taxonomy":"author","embeddable":true,"href":"https:\/\/archive.cafe.crea.ca\/fr\/wp-json\/wp\/v2\/coauthors?post=41938"}],"curies":[{"name":"wp","href":"https:\/\/api.w.org\/{rel}","templated":true}]}}