{"id":41713,"date":"2022-10-04T13:36:36","date_gmt":"2022-10-04T17:36:36","guid":{"rendered":"https:\/\/archive.cafe.crea.ca\/?p=41713"},"modified":"2022-10-06T14:16:11","modified_gmt":"2022-10-06T18:16:11","slug":"journees-du-cap-de-2022-le-congres-annuel-de-defense-des-interets-de-laci-de-retour-en-presentiel","status":"publish","type":"post","link":"https:\/\/archive.cafe.crea.ca\/fr\/journees-du-cap-de-2022-le-congres-annuel-de-defense-des-interets-de-laci-de-retour-en-presentiel\/","title":{"rendered":"Journ\u00e9es du CAP de\u00a02022\u00a0: le congr\u00e8s annuel de d\u00e9fense des int\u00e9r\u00eats de l\u2019ACI de retour en pr\u00e9sentiel"},"content":{"rendered":"\n<p>Apr\u00e8s deux&nbsp;congr\u00e8s annuels des Journ\u00e9es du Comit\u00e9 d\u2019action politique (CAP) en mode virtuel, nous sommes ravis d\u2019accueillir \u00e0 nouveau les repr\u00e9sentants du CAP dans la capitale nationale cette ann\u00e9e.<\/p>\n\n\n\n<p>Les Journ\u00e9es du CAP rassemblent des courtiers et agents immobiliers b\u00e9n\u00e9voles d\u00e9sign\u00e9s (repr\u00e9sentants du CAP) provenant d\u2019un bout \u00e0 l\u2019autre du pays, dans le but de discuter avec des d\u00e9put\u00e9s de dossiers qui touchent la communaut\u00e9 des courtiers et agents immobiliers, les propri\u00e9taires, les locataires et les personnes qui souhaitent devenir propri\u00e9taires. Cette ann\u00e9e, nous mettrons l\u2019accent sur la n\u00e9cessit\u00e9 de trouver des solutions \u00e0 la p\u00e9nurie de logements au Canada. Le congr\u00e8s annuel met en vedette d\u2019\u00e9minents politiciens, des initi\u00e9s de la politique, des journalistes et d\u2019autres intervenants.<\/p>\n\n\n\n<div class=\"wp-block-group has-background\" style=\"background-color:#f2f2f2\"><div class=\"wp-block-group__inner-container is-layout-flow wp-block-group-is-layout-flow\">\n<h2 class=\"wp-block-heading\">Infos pratiques<\/h2>\n\n\n\n<p>O\u00f9&nbsp;: L\u2019h\u00f4tel The Westin Ottawa et la Colline du Parlement<\/p>\n\n\n\n<p>Quand&nbsp;: Du 16 au 18&nbsp;octobre&nbsp;2022<\/p>\n\n\n\n<p>Autres d\u00e9tails&nbsp;: <a href=\"https:\/\/member.crea.ca\/fr\/cours-evenements\/evenements\/journees-du-cap\/\" target=\"_blank\" rel=\"noreferrer noopener\">member.crea.ca<\/a><\/p>\n<\/div><\/div>\n\n\n\n<p>Alors que nous nous appr\u00eatons \u00e0 accueillir des membres de partout au Canada qui se rendront sur la Colline du Parlement pour \u00e9changer avec des repr\u00e9sentants \u00e9lus, voici quelques conseils pour vous aider \u00e0 vous pr\u00e9parer pour les Journ\u00e9es du CAP&nbsp;: &nbsp;<\/p>\n\n\n\n<h1 class=\"wp-block-heading\">Rencontres sur la Colline<\/h1>\n\n\n\n<ul class=\"wp-block-list\" type=\"1\"><li><strong>Tenue de ville<\/strong><\/li><\/ul>\n\n\n\n<p>Bien qu\u2019un pantalon de pyjama avec une chemise propre aurait pu convenir dans un environnement virtuel, cette ann\u00e9e, ce ne sera pas le cas. La tenue de ville est de rigueur pour les r\u00e9unions sur la Colline du Parlement; les d\u00e9put\u00e9s et leur personnel rev\u00eatent normalement le costume. N\u2019oubliez pas d\u2019ajouter \u00e0 vos bagages une \u00e9charpe et des v\u00eatements plus chaud&nbsp;\u2013&nbsp;la temp\u00e9rature peut \u00eatre impr\u00e9visible \u00e0 Ottawa, et il y a de fortes chances qu\u2019il fasse un peu frais le soir.<\/p>\n\n\n\n<ul class=\"wp-block-list\"><li><strong>Entr\u00e9e dans la Cit\u00e9 parlementaire &nbsp;<\/strong><\/li><\/ul>\n\n\n\n<p>Tous les visiteurs doivent traverser les postes de contr\u00f4le de la s\u00e9curit\u00e9 avant de pouvoir entrer dans les \u00e9difices du Parlement. Si vous avez pr\u00e9vu plus d\u2019une r\u00e9union dans diff\u00e9rents \u00e9difices, vous devrez repasser par un poste de contr\u00f4le. Ce processus peut prendre du temps, et vous devez en tenir compte lors de la planification de vos r\u00e9unions. Pour obtenir des informations sur les articles soumis \u00e0 des restrictions, veuillez consulter le site <a href=\"https:\/\/spp.parl.ca\/\" target=\"_blank\" rel=\"noreferrer noopener\">Service de protection parlementaire<\/a>. Rappel&nbsp;: Vous devrez pr\u00e9senter une pi\u00e8ce d\u2019identit\u00e9 valide avec photo \u00e9mise par un gouvernement f\u00e9d\u00e9ral, provincial ou territorial.<\/p>\n\n\n\n<ul class=\"wp-block-list\"><li><strong>D\u00e9fense des int\u00e9r\u00eats<\/strong><\/li><\/ul>\n\n\n\n<p>L\u2019objectif principal des Journ\u00e9es du CAP est de renforcer le message du secteur aupr\u00e8s des \u00e9lus et de leur personnel. Assurez-vous de consulter la documentation fournie avant votre r\u00e9union et de comprendre tous les d\u00e9tails de nos demandes collectives. S\u2019il y a une chose que tout bon politicien comprend, c\u2019est l\u2019importance d\u2019une s\u00e9ance de photos. N\u2019h\u00e9sitez pas \u00e0 demander une photo et \u00e0 la partager sur vos r\u00e9seaux sociaux en utilisant le mot-clic #CAP22ACI.<\/p>\n\n\n\n<p class=\"has-background\" style=\"background-color:#f2f2f2\">En prime&nbsp;: Invitez votre d\u00e9put\u00e9 \u00e0 la M\u00e9tropolitain Brasserie et socialisez avec vos pairs, le lundi&nbsp;17&nbsp;octobre, de 17&nbsp;h&nbsp;30 \u00e0 21&nbsp;h, lors de l\u2019activit\u00e9 sociale des Journ\u00e9es du CAP.<\/p>\n\n\n\n<h1 class=\"wp-block-heading\">&nbsp; D\u00e9roulement des Journ\u00e9es du CAP<\/h1>\n\n\n\n<ul class=\"wp-block-list\" type=\"1\"><li><strong>Opter pour une strat\u00e9gie \u00e0 long terme<\/strong><\/li><\/ul>\n\n\n\n<p>Les relations gouvernementales sont une affaire de longue haleine.Au cours des derni\u00e8res ann\u00e9es, gr\u00e2ce \u00e0 nos efforts de d\u00e9fense des int\u00e9r\u00eats, tous les paliers de gouvernement ont compris que la p\u00e9nurie de logements est un probl\u00e8me, mais nous n\u2019avons pas encore vu de solutions et de r\u00e9elles mesures pour s\u2019attaquer au probl\u00e8me. C\u2019est pourquoi notre recommandation de cr\u00e9er une table ronde nationale permanente sur le logement afin de partager les meilleures pratiques et d\u2019aligner les objectifs de d\u00e9veloppement du logement est si importante, et nous devons continuer \u00e0 insister. Il en va de m\u00eame pour notre recommandation selon laquelle les fonds d\u2019infrastructure f\u00e9d\u00e9raux doivent \u00eatre utilis\u00e9s pour encourager l\u2019augmentation de l\u2019offre de logements dans tout le pays.<\/p>\n\n\n\n<ul class=\"wp-block-list\"><li><strong>Conf\u00e9renciers et panels<\/strong><\/li><\/ul>\n\n\n\n<p>Soyez aux premi\u00e8res loges de nos panels m\u00e9diatiques et politiques ainsi que de notre panel des d\u00e9put\u00e9s. Vous aurez la chance d\u2019entendre <a href=\"https:\/\/politics.georgetown.edu\/profile\/mo-elleithee\/\" target=\"_blank\" rel=\"noreferrer noopener\">Mo&nbsp;Elleithee<\/a>, strat\u00e8ge politique am\u00e9ricain qui a \u00e9t\u00e9 le principal porte-parole de la campagne&nbsp;2008 d\u2019Hillary&nbsp;Clinton, et <a href=\"https:\/\/www.ttalaga.ca\/\" target=\"_blank\" rel=\"noreferrer noopener\">Tanya&nbsp;Talaga<\/a>, journaliste canadienne d\u2019origine anichinab\u00e9e et polonaise, qui tient une chronique r\u00e9guli\u00e8re dans <em>The Globe and Mail<\/em>. &nbsp;<\/p>\n\n\n\n<ul class=\"wp-block-list\"><li><strong>Formation en d\u00e9fense des int\u00e9r\u00eats<\/strong><\/li><\/ul>\n\n\n\n<p>Que vous soyez repr\u00e9sentant du CAP d\u00e9butant ou non, l\u2019\u00e9quipe des Relations gouvernementales de l\u2019ACI vous propose une s\u00e9ance de formation qui aura lieu le dimanche pr\u00e9c\u00e9dent les r\u00e9unions avec les d\u00e9put\u00e9s, ainsi que de la documentation pour vous aider \u00e0 vous pr\u00e9parer. Nous vous pr\u00e9senterons des strat\u00e9gies de repr\u00e9sentation efficaces et les enjeux relatifs aux courtiers et agents immobiliers cette ann\u00e9e.<\/p>\n\n\n\n<h1 class=\"wp-block-heading\">Retour sur les Journ\u00e9es du CAP ant\u00e9rieures<\/h1>\n\n\n\n<ul class=\"wp-block-list\"><li><a href=\"https:\/\/archive.cafe.crea.ca\/fr\/journees-du-cap-de-2021-retour-sur-les-elections\/\" target=\"_blank\" rel=\"noreferrer noopener\"><strong>Journ\u00e9es du CAP de&nbsp;2021&nbsp;: retour sur les \u00e9lections<\/strong><\/a><\/li><li><a href=\"https:\/\/archive.cafe.crea.ca\/fr\/retour-sur-les-journees-du-cap-2020-rapprocher-les-canadiens-a-leur-chez-soi\/\" target=\"_blank\" rel=\"noreferrer noopener\"><strong>Retour sur les Journ\u00e9es du CAP&nbsp;2020&nbsp;: rapprocher les Canadiens \u00e0 leur chez-soi<\/strong><\/a><\/li><li><a href=\"https:\/\/archive.cafe.crea.ca\/fr\/cinq-choses-a-savoir-au-sujet-des-journees-du-cap-2020\/\" target=\"_blank\" rel=\"noreferrer noopener\"><strong>Cinq&nbsp;choses \u00e0 savoir au sujet des Journ\u00e9es du CAP&nbsp;2020<\/strong><\/a><\/li><li><a href=\"\/Users\/ttheriault\/Desktop\/Les%20Journ\u00e9es%20du%20CAP%20de%202019%20ont%20obtenu%20un%20franc%20succ\u00e8s!\" target=\"_blank\" rel=\"noreferrer noopener\"><strong>Les Journ\u00e9es du CAP de&nbsp;2019 ont obtenu un franc succ\u00e8s!<\/strong><\/a><\/li><\/ul>\n\n\n\n<p>Pour plus de d\u00e9tails sur les Journ\u00e9es du CAP, y compris sur l\u2019inscription et les autres ressources, visitez ReseauActionImmobilier.com. Vous voulez devenir un repr\u00e9sentant du CAP? Communiquez avec votre chambre locale ou association pour savoir comment vous impliquer.<\/p>\n\n\n\n<p>Vous serez des n\u00f4tres lors des Journ\u00e9es du CAP? Assurez-vous de partager votre parcours sur vos r\u00e9seaux sociaux en utilisant le mot-clic #CAP22ACI.<\/p>\n\n\n\n<h2 class=\"wp-block-heading\"><strong><u>EXIGENCES RELATIVES AUX VACCINS CONTRE LA COVID-19<\/u><\/strong><\/h2>\n\n\n\n<p><em>Tous les participants doivent \u00eatre pleinement vaccin\u00e9s pour pouvoir assister \u00e0 l\u2019AGA en personne. Une preuve de vaccination devra \u00eatre pr\u00e9sent\u00e9e au bureau d\u2019inscription. Un bracelet sera remis aux participants et ils devront le porter pendant la dur\u00e9e de la conf\u00e9rence. Les d\u00e9l\u00e9gu\u00e9s devront donc passer prendre leur propre porte-nom afin de pr\u00e9senter leur preuve de vaccination.<\/em><\/p>\n","protected":false},"excerpt":{"rendered":"<p>Apr\u00e8s deux\u00a0congr\u00e8s annuels des Journ\u00e9es du Comit\u00e9 d\u2019action politique (CAP) en mode virtuel, nous sommes ravis d\u2019accueillir \u00e0 nouveau les repr\u00e9sentants du CAP dans la capitale nationale cette ann\u00e9e.<\/p>\n","protected":false},"author":186,"featured_media":41707,"comment_status":"open","ping_status":"open","sticky":false,"template":"","format":"standard","meta":{"footnotes":""},"categories":[2369],"tags":[2380],"coauthors":[2456],"class_list":["post-41713","post","type-post","status-publish","format-standard","has-post-thumbnail","hentry","category-defense-des-interets","tag-featured-fr-2"],"aioseo_notices":[],"_links":{"self":[{"href":"https:\/\/archive.cafe.crea.ca\/fr\/wp-json\/wp\/v2\/posts\/41713"}],"collection":[{"href":"https:\/\/archive.cafe.crea.ca\/fr\/wp-json\/wp\/v2\/posts"}],"about":[{"href":"https:\/\/archive.cafe.crea.ca\/fr\/wp-json\/wp\/v2\/types\/post"}],"author":[{"embeddable":true,"href":"https:\/\/archive.cafe.crea.ca\/fr\/wp-json\/wp\/v2\/users\/186"}],"replies":[{"embeddable":true,"href":"https:\/\/archive.cafe.crea.ca\/fr\/wp-json\/wp\/v2\/comments?post=41713"}],"version-history":[{"count":2,"href":"https:\/\/archive.cafe.crea.ca\/fr\/wp-json\/wp\/v2\/posts\/41713\/revisions"}],"predecessor-version":[{"id":41732,"href":"https:\/\/archive.cafe.crea.ca\/fr\/wp-json\/wp\/v2\/posts\/41713\/revisions\/41732"}],"wp:featuredmedia":[{"embeddable":true,"href":"https:\/\/archive.cafe.crea.ca\/fr\/wp-json\/wp\/v2\/media\/41707"}],"wp:attachment":[{"href":"https:\/\/archive.cafe.crea.ca\/fr\/wp-json\/wp\/v2\/media?parent=41713"}],"wp:term":[{"taxonomy":"category","embeddable":true,"href":"https:\/\/archive.cafe.crea.ca\/fr\/wp-json\/wp\/v2\/categories?post=41713"},{"taxonomy":"post_tag","embeddable":true,"href":"https:\/\/archive.cafe.crea.ca\/fr\/wp-json\/wp\/v2\/tags?post=41713"},{"taxonomy":"author","embeddable":true,"href":"https:\/\/archive.cafe.crea.ca\/fr\/wp-json\/wp\/v2\/coauthors?post=41713"}],"curies":[{"name":"wp","href":"https:\/\/api.w.org\/{rel}","templated":true}]}}